{"id":61295,"date":"2023-09-02T21:35:29","date_gmt":"2023-09-03T02:35:29","guid":{"rendered":"https:\/\/l21.mx\/?p=61295"},"modified":"2023-09-02T21:35:29","modified_gmt":"2023-09-03T02:35:29","slug":"arrancan-los-juegos-paraestatales-2023-en-quintana-roo","status":"publish","type":"post","link":"https:\/\/l21.mx\/?p=61295","title":{"rendered":"Arrancan los juegos Paraestatales 2023 en Quintana Roo"},"content":{"rendered":"<p>&nbsp;<\/p>\n<p>-Eric Arcila, presidente de COJUDEQ encabez\u00f3 una emotiva ceremonia, donde participaron 200 atletas con discapacidad, que aspiran a competir en los Paranacionales CONADE<\/p>\n<p><a href=\"https:\/\/l21.mx\/wp-content\/uploads\/2023\/09\/WhatsApp-Image-2023-09-02-at-13.40.58.jpeg\" data-rel=\"penci-gallery-image-content\" ><img fetchpriority=\"high\" decoding=\"async\" class=\"alignnone size-medium wp-image-61298\" src=\"https:\/\/l21.mx\/wp-content\/uploads\/2023\/09\/WhatsApp-Image-2023-09-02-at-13.40.58-300x200.jpeg\" alt=\"\" width=\"300\" height=\"200\" srcset=\"https:\/\/l21.mx\/wp-content\/uploads\/2023\/09\/WhatsApp-Image-2023-09-02-at-13.40.58-300x200.jpeg 300w, https:\/\/l21.mx\/wp-content\/uploads\/2023\/09\/WhatsApp-Image-2023-09-02-at-13.40.58-1024x682.jpeg 1024w, https:\/\/l21.mx\/wp-content\/uploads\/2023\/09\/WhatsApp-Image-2023-09-02-at-13.40.58-768x512.jpeg 768w, https:\/\/l21.mx\/wp-content\/uploads\/2023\/09\/WhatsApp-Image-2023-09-02-at-13.40.58-1536x1023.jpeg 1536w, https:\/\/l21.mx\/wp-content\/uploads\/2023\/09\/WhatsApp-Image-2023-09-02-at-13.40.58-1200x800.jpeg 1200w, https:\/\/l21.mx\/wp-content\/uploads\/2023\/09\/WhatsApp-Image-2023-09-02-at-13.40.58-1170x780.jpeg 1170w, https:\/\/l21.mx\/wp-content\/uploads\/2023\/09\/WhatsApp-Image-2023-09-02-at-13.40.58-585x390.jpeg 585w, https:\/\/l21.mx\/wp-content\/uploads\/2023\/09\/WhatsApp-Image-2023-09-02-at-13.40.58-263x175.jpeg 263w, https:\/\/l21.mx\/wp-content\/uploads\/2023\/09\/WhatsApp-Image-2023-09-02-at-13.40.58.jpeg 1600w\" sizes=\"(max-width: 300px) 100vw, 300px\" \/><\/a><\/p>\n<p>Canc\u00fan.- Con una participaci\u00f3n de alrededor de 200 deportistas con discapacidad, Eric Arcila Arjona, presidente de la Comisi\u00f3n para la Juventud y el Deporte de Quintana Roo (COJUDEQ), inaugur\u00f3 los Paraestatales 2023 y adem\u00e1s, abander\u00f3 a la selecci\u00f3n estatal, durante una emotiva ceremonia realizada en el Centro Estatal Deportivo de Alto Rendimiento (CEDAR) en la ciudad de Canc\u00fan.<\/p>\n<p>\u201cDesde la COJUDEQ estamos trabajando con mucha dedicaci\u00f3n para darles lo mejor a ustedes, nuestras y nuestros deportistas quintanarroenses, porque simplemente se merecen lo mejor y por eso con las acciones del Nuevo Acuerdo por el Bienestar y Desarrollo, que promueve nuestra gobernadora Mara Lezama, nos comprometemos a realizar la mejor edici\u00f3n de los Paranacionales CONADE en la historia\u201d, destac\u00f3 Eric Arcila.<\/p>\n<p>Los Paraestatales 2023 es un certamen clasificatorio para conformar la Selecci\u00f3n de Quintana Roo, que competir\u00e1 en los pr\u00f3ximos Nacionales CONADE 2023, a disputarse en la ciudad de Canc\u00fan; por lo que las y los atletas de siete municipios mostrar\u00e1n su talento en las disciplinas paranataci\u00f3n, paratenis de mesa, paraatletismo, boccia, paradanza deportiva y parapowerlifting.<\/p>\n<p><a href=\"https:\/\/l21.mx\/wp-content\/uploads\/2023\/09\/WhatsApp-Image-2023-09-02-at-13.40.58-1.jpeg\" data-rel=\"penci-gallery-image-content\" ><img decoding=\"async\" class=\"alignnone size-medium wp-image-61296\" src=\"https:\/\/l21.mx\/wp-content\/uploads\/2023\/09\/WhatsApp-Image-2023-09-02-at-13.40.58-1-300x201.jpeg\" alt=\"\" width=\"300\" height=\"201\" srcset=\"https:\/\/l21.mx\/wp-content\/uploads\/2023\/09\/WhatsApp-Image-2023-09-02-at-13.40.58-1-300x201.jpeg 300w, https:\/\/l21.mx\/wp-content\/uploads\/2023\/09\/WhatsApp-Image-2023-09-02-at-13.40.58-1-1024x685.jpeg 1024w, https:\/\/l21.mx\/wp-content\/uploads\/2023\/09\/WhatsApp-Image-2023-09-02-at-13.40.58-1-768x514.jpeg 768w, https:\/\/l21.mx\/wp-content\/uploads\/2023\/09\/WhatsApp-Image-2023-09-02-at-13.40.58-1-1536x1027.jpeg 1536w, https:\/\/l21.mx\/wp-content\/uploads\/2023\/09\/WhatsApp-Image-2023-09-02-at-13.40.58-1-1200x803.jpeg 1200w, https:\/\/l21.mx\/wp-content\/uploads\/2023\/09\/WhatsApp-Image-2023-09-02-at-13.40.58-1-1170x782.jpeg 1170w, https:\/\/l21.mx\/wp-content\/uploads\/2023\/09\/WhatsApp-Image-2023-09-02-at-13.40.58-1-585x391.jpeg 585w, https:\/\/l21.mx\/wp-content\/uploads\/2023\/09\/WhatsApp-Image-2023-09-02-at-13.40.58-1-263x175.jpeg 263w, https:\/\/l21.mx\/wp-content\/uploads\/2023\/09\/WhatsApp-Image-2023-09-02-at-13.40.58-1.jpeg 1600w\" sizes=\"(max-width: 300px) 100vw, 300px\" \/><\/a><\/p>\n<p>\u201cCompitan con el coraz\u00f3n por nuestro Quintana Roo, porque siempre he cre\u00eddo que cuando se hacen las cosas de coraz\u00f3n no existen los l\u00edmites y es lo que veo en los ojos de cada una y uno de ustedes, que no creen en los l\u00edmites y confiamos que van a superar las 46 medallas del a\u00f1o pasado; y todo eso aunado a su esfuerzo hay una suma de voluntades y aqu\u00ed es donde agradecemos a los entrenadores y padres y madres de familia\u201d, a\u00f1adi\u00f3 el presidente de la COJUDEQ.<\/p>\n<p>Los municipios que participan en esta fase estatal rumbo a los Paranacionales CONADE 2023, son Cozumel, Felipe Carrillo Puerto, Jos\u00e9 Mar\u00eda Morelos, Oth\u00f3n P. Blanco, Puerto Morelos, Solidaridad, Tulum y el anfitri\u00f3n Benito Ju\u00e1rez.<\/p>\n<p>Los atletas Samantha Cabrera Canul de paranataci\u00f3n y Manuel Pacheco Alamilla de paraatletismo, coincidieron en decir que demostrar\u00e1n todo su esfuerzo invertido en horas de entrenamiento y que su compromiso es luchar por las medallas, dejando en alto el nombre de Quintana Roo, adem\u00e1s de invitar a sus compa\u00f1eros a divertirse en cada prueba que realicen.<\/p>\n<p>Durante la ceremonia de abanderamiento, Eric Arcila le tom\u00f3 la protesta a las y los atletas y posteriormente entreg\u00f3 el bander\u00edn del Escudo de Quintana Roo, mismo que fue recibido por los deportistas Natalia Noemi P\u00e9rez Canto y \u00c1ngel Cruz Alonso, quienes representaron a la delegaci\u00f3n.<\/p>\n<p>En la ceremonia tambi\u00e9n estuvieron presentes Ana Patricia Peralta de la Pe\u00f1a, presidenta municipal de Benito Ju\u00e1rez; as\u00ed como Raquel Jim\u00e9nez Jim\u00e9nez, en representaci\u00f3n del Sistema DIF Quintana Roo; y Ram\u00f3n Chi Manzanero, director de Planeaci\u00f3n de la SEQ; as\u00ed como los directores del deporte Alejandro Luna L\u00f3pez de Benito Ju\u00e1rez; Florencio Amador Guti\u00e9rrez Guigui de Solidaridad; y Nadia Sugely Salazar Varela de Felipe Carrillo Puerto.<\/p>\n","protected":false},"excerpt":{"rendered":"<p>&nbsp; -Eric Arcila, presidente de COJUDEQ encabez\u00f3 una emotiva ceremonia, donde participaron 200 atletas con discapacidad,&hellip;<\/p>\n","protected":false},"author":100,"featured_media":61297,"comment_status":"closed","ping_status":"closed","sticky":false,"template":"","format":"standard","meta":{"_acf_changed":false,"_lmt_disableupdate":"","_lmt_disable":"","_mbp_gutenberg_autopost":false,"footnotes":""},"categories":[1689],"tags":[],"class_list":["post-61295","post","type-post","status-publish","format-standard","has-post-thumbnail","hentry","category-deporte-y-salud"],"acf":[],"_links":{"self":[{"href":"https:\/\/l21.mx\/index.php?rest_route=\/wp\/v2\/posts\/61295","targetHints":{"allow":["GET"]}}],"collection":[{"href":"https:\/\/l21.mx\/index.php?rest_route=\/wp\/v2\/posts"}],"about":[{"href":"https:\/\/l21.mx\/index.php?rest_route=\/wp\/v2\/types\/post"}],"author":[{"embeddable":true,"href":"https:\/\/l21.mx\/index.php?rest_route=\/wp\/v2\/users\/100"}],"replies":[{"embeddable":true,"href":"https:\/\/l21.mx\/index.php?rest_route=%2Fwp%2Fv2%2Fcomments&post=61295"}],"version-history":[{"count":0,"href":"https:\/\/l21.mx\/index.php?rest_route=\/wp\/v2\/posts\/61295\/revisions"}],"wp:featuredmedia":[{"embeddable":true,"href":"https:\/\/l21.mx\/index.php?rest_route=\/wp\/v2\/media\/61297"}],"wp:attachment":[{"href":"https:\/\/l21.mx\/index.php?rest_route=%2Fwp%2Fv2%2Fmedia&parent=61295"}],"wp:term":[{"taxonomy":"category","embeddable":true,"href":"https:\/\/l21.mx\/index.php?rest_route=%2Fwp%2Fv2%2Fcategories&post=61295"},{"taxonomy":"post_tag","embeddable":true,"href":"https:\/\/l21.mx\/index.php?rest_route=%2Fwp%2Fv2%2Ftags&post=61295"}],"curies":[{"name":"wp","href":"https:\/\/api.w.org\/{rel}","templated":true}]}}