{"id":61302,"date":"2023-09-02T21:39:22","date_gmt":"2023-09-03T02:39:22","guid":{"rendered":"https:\/\/l21.mx\/?p=61302"},"modified":"2023-09-02T21:39:22","modified_gmt":"2023-09-03T02:39:22","slug":"artemarcialista-quintanarroense-conquista-oro-en-el-ajptour-abu-dhabi-de-jiu-jitsu","status":"publish","type":"post","link":"https:\/\/l21.mx\/?p=61302","title":{"rendered":"Artemarcialista quintanarroense conquista oro en el AJPTour Abu Dhabi de Jiu Jitsu"},"content":{"rendered":"<p>&nbsp;<\/p>\n<p>El artemarcialista quintanarroense Israel Mej\u00eda Moya, representante de la Escuela \u201cBrasa Felipe Acosta\u201d de Canc\u00fan, tuvo una brillante participaci\u00f3n en el torneo internacional \u201cAJPTour Abu Dhabi\u201d de jiu jitsu, esto luego de proclamarse campe\u00f3n en la categor\u00eda MensGi cintur\u00f3n azul M\u00e1ster 3.<\/p>\n<p><a href=\"https:\/\/l21.mx\/wp-content\/uploads\/2023\/09\/WhatsApp-Image-2023-09-02-at-18.06.28-1.jpeg\" data-rel=\"penci-gallery-image-content\" ><img fetchpriority=\"high\" decoding=\"async\" class=\"alignnone size-medium wp-image-61304\" src=\"https:\/\/l21.mx\/wp-content\/uploads\/2023\/09\/WhatsApp-Image-2023-09-02-at-18.06.28-1-300x189.jpeg\" alt=\"\" width=\"300\" height=\"189\" srcset=\"https:\/\/l21.mx\/wp-content\/uploads\/2023\/09\/WhatsApp-Image-2023-09-02-at-18.06.28-1-300x189.jpeg 300w, https:\/\/l21.mx\/wp-content\/uploads\/2023\/09\/WhatsApp-Image-2023-09-02-at-18.06.28-1-1024x644.jpeg 1024w, https:\/\/l21.mx\/wp-content\/uploads\/2023\/09\/WhatsApp-Image-2023-09-02-at-18.06.28-1-768x483.jpeg 768w, https:\/\/l21.mx\/wp-content\/uploads\/2023\/09\/WhatsApp-Image-2023-09-02-at-18.06.28-1-1200x755.jpeg 1200w, https:\/\/l21.mx\/wp-content\/uploads\/2023\/09\/WhatsApp-Image-2023-09-02-at-18.06.28-1.jpeg 1280w, https:\/\/l21.mx\/wp-content\/uploads\/2023\/09\/WhatsApp-Image-2023-09-02-at-18.06.28-1-1170x736.jpeg 1170w, https:\/\/l21.mx\/wp-content\/uploads\/2023\/09\/WhatsApp-Image-2023-09-02-at-18.06.28-1-585x368.jpeg 585w\" sizes=\"(max-width: 300px) 100vw, 300px\" \/><\/a><\/p>\n<p>Este certamen, de talla internacional, se disput\u00f3 en la ciudad de M\u00e9rida, Yucat\u00e1n, donde el atleta tambi\u00e9n representante de Canc\u00fan, hizo muestra de su gran t\u00e9cnica para ir superando cada uno de sus enfrentamientos y al final consagrarse con la medalla de oro.<\/p>\n<p>Ya en la final, Israel Moya mantuvo el dominio y control de la batalla en todo momento, y aplicando fuerza y t\u00e9cnica se qued\u00f3 con la victoria y con ello adjudicarse el titulo de campe\u00f3n en su divisi\u00f3n y categor\u00eda.<\/p>\n<p>Cabe resaltar que la disciplina del jiu jitsu, que tambi\u00e9n se le conoce como BJJ, es una disciplina de contacto de origen brasile\u00f1o y que se enfoca en derribar y someter al oponente, mediante de llaves aplicadas sobre el suelo; tambi\u00e9n resalta la habilidad en el grappling (agarre) y la creatividad son determinantes para la victoria.<\/p>\n<p><a href=\"https:\/\/l21.mx\/wp-content\/uploads\/2023\/09\/WhatsApp-Image-2023-09-02-at-18.06.28.jpeg\" data-rel=\"penci-gallery-image-content\" ><img decoding=\"async\" class=\"alignnone size-medium wp-image-61303\" src=\"https:\/\/l21.mx\/wp-content\/uploads\/2023\/09\/WhatsApp-Image-2023-09-02-at-18.06.28-300x176.jpeg\" alt=\"\" width=\"300\" height=\"176\" srcset=\"https:\/\/l21.mx\/wp-content\/uploads\/2023\/09\/WhatsApp-Image-2023-09-02-at-18.06.28-300x176.jpeg 300w, https:\/\/l21.mx\/wp-content\/uploads\/2023\/09\/WhatsApp-Image-2023-09-02-at-18.06.28-1024x602.jpeg 1024w, https:\/\/l21.mx\/wp-content\/uploads\/2023\/09\/WhatsApp-Image-2023-09-02-at-18.06.28-768x451.jpeg 768w, https:\/\/l21.mx\/wp-content\/uploads\/2023\/09\/WhatsApp-Image-2023-09-02-at-18.06.28-1200x705.jpeg 1200w, https:\/\/l21.mx\/wp-content\/uploads\/2023\/09\/WhatsApp-Image-2023-09-02-at-18.06.28-1170x687.jpeg 1170w, https:\/\/l21.mx\/wp-content\/uploads\/2023\/09\/WhatsApp-Image-2023-09-02-at-18.06.28-585x344.jpeg 585w, https:\/\/l21.mx\/wp-content\/uploads\/2023\/09\/WhatsApp-Image-2023-09-02-at-18.06.28.jpeg 1280w\" sizes=\"(max-width: 300px) 100vw, 300px\" \/><\/a><\/p>\n<p>El atleta quintanarroense hizo un gran torneo de principio a fin, sometiendo a sus rivales, camino que lo llev\u00f3 a la final del torneo, donde reafirm\u00f3 su calidad para adue\u00f1arse de la medalla de oro, adem\u00e1s de mostrar disciplina y respeto hacia los dem\u00e1s competidores.<\/p>\n","protected":false},"excerpt":{"rendered":"<p>&nbsp; El artemarcialista quintanarroense Israel Mej\u00eda Moya, representante de la Escuela \u201cBrasa Felipe Acosta\u201d de Canc\u00fan,&hellip;<\/p>\n","protected":false},"author":100,"featured_media":61305,"comment_status":"closed","ping_status":"closed","sticky":false,"template":"","format":"standard","meta":{"_acf_changed":false,"_lmt_disableupdate":"","_lmt_disable":"","_mbp_gutenberg_autopost":false,"footnotes":""},"categories":[1689],"tags":[],"class_list":["post-61302","post","type-post","status-publish","format-standard","has-post-thumbnail","hentry","category-deporte-y-salud"],"acf":[],"_links":{"self":[{"href":"https:\/\/l21.mx\/index.php?rest_route=\/wp\/v2\/posts\/61302","targetHints":{"allow":["GET"]}}],"collection":[{"href":"https:\/\/l21.mx\/index.php?rest_route=\/wp\/v2\/posts"}],"about":[{"href":"https:\/\/l21.mx\/index.php?rest_route=\/wp\/v2\/types\/post"}],"author":[{"embeddable":true,"href":"https:\/\/l21.mx\/index.php?rest_route=\/wp\/v2\/users\/100"}],"replies":[{"embeddable":true,"href":"https:\/\/l21.mx\/index.php?rest_route=%2Fwp%2Fv2%2Fcomments&post=61302"}],"version-history":[{"count":0,"href":"https:\/\/l21.mx\/index.php?rest_route=\/wp\/v2\/posts\/61302\/revisions"}],"wp:featuredmedia":[{"embeddable":true,"href":"https:\/\/l21.mx\/index.php?rest_route=\/wp\/v2\/media\/61305"}],"wp:attachment":[{"href":"https:\/\/l21.mx\/index.php?rest_route=%2Fwp%2Fv2%2Fmedia&parent=61302"}],"wp:term":[{"taxonomy":"category","embeddable":true,"href":"https:\/\/l21.mx\/index.php?rest_route=%2Fwp%2Fv2%2Fcategories&post=61302"},{"taxonomy":"post_tag","embeddable":true,"href":"https:\/\/l21.mx\/index.php?rest_route=%2Fwp%2Fv2%2Ftags&post=61302"}],"curies":[{"name":"wp","href":"https:\/\/api.w.org\/{rel}","templated":true}]}}