{"id":61309,"date":"2023-09-02T21:43:05","date_gmt":"2023-09-03T02:43:05","guid":{"rendered":"https:\/\/l21.mx\/?p=61309"},"modified":"2023-09-02T21:43:05","modified_gmt":"2023-09-03T02:43:05","slug":"promueven-preservacion-de-la-tortuga-marina-en-puerto-morelos","status":"publish","type":"post","link":"https:\/\/l21.mx\/?p=61309","title":{"rendered":"Promueven preservaci\u00f3n de la tortuga marina en Puerto Morelos"},"content":{"rendered":"<p>*La alcaldesa participa en la liberaci\u00f3n de cr\u00edas de tortugas marinas en la zona de Punta Brava, donde se han contabilizado, en lo que va de la temporada de anidaci\u00f3n, m\u00e1s de 2,200 nidos<\/p>\n<p><a href=\"https:\/\/l21.mx\/wp-content\/uploads\/2023\/09\/WhatsApp-Image-2023-09-02-at-15.44.11.jpeg\" data-rel=\"penci-gallery-image-content\" ><img fetchpriority=\"high\" decoding=\"async\" class=\"alignnone size-medium wp-image-61312\" src=\"https:\/\/l21.mx\/wp-content\/uploads\/2023\/09\/WhatsApp-Image-2023-09-02-at-15.44.11-300x242.jpeg\" alt=\"\" width=\"300\" height=\"242\" srcset=\"https:\/\/l21.mx\/wp-content\/uploads\/2023\/09\/WhatsApp-Image-2023-09-02-at-15.44.11-300x242.jpeg 300w, https:\/\/l21.mx\/wp-content\/uploads\/2023\/09\/WhatsApp-Image-2023-09-02-at-15.44.11-1024x828.jpeg 1024w, https:\/\/l21.mx\/wp-content\/uploads\/2023\/09\/WhatsApp-Image-2023-09-02-at-15.44.11-768x621.jpeg 768w, https:\/\/l21.mx\/wp-content\/uploads\/2023\/09\/WhatsApp-Image-2023-09-02-at-15.44.11-1536x1241.jpeg 1536w, https:\/\/l21.mx\/wp-content\/uploads\/2023\/09\/WhatsApp-Image-2023-09-02-at-15.44.11-1114x900.jpeg 1114w, https:\/\/l21.mx\/wp-content\/uploads\/2023\/09\/WhatsApp-Image-2023-09-02-at-15.44.11-1170x946.jpeg 1170w, https:\/\/l21.mx\/wp-content\/uploads\/2023\/09\/WhatsApp-Image-2023-09-02-at-15.44.11-585x473.jpeg 585w, https:\/\/l21.mx\/wp-content\/uploads\/2023\/09\/WhatsApp-Image-2023-09-02-at-15.44.11.jpeg 1600w\" sizes=\"(max-width: 300px) 100vw, 300px\" \/><\/a><br \/>\nPuerto Morelos, Quintana Roo, 2 de septiembre de 2023.- La alcaldesa Blanca Merari Tziu Mu\u00f1oz constat\u00f3 el programa implementado por la Secretar\u00eda Municipal de Desarrollo Urbano y Ecolog\u00eda, por conducto de la Direcci\u00f3n General de Ecolog\u00eda, sobre la Preservaci\u00f3n de las Tortugas Marinas en las costas de Puerto Morelos.<br \/>\nLa Presidenta Municipal realiz\u00f3 un recorrido por la zona de Punta Brava, donde se han contabilizado en la actual temporada de anidaci\u00f3n, 2 mil 227 nidos de los quelonios que a\u00f1o con a\u00f1o llegan a desovar, mismos que requieren de una constante vigilancia durante el proceso de incubaci\u00f3n en las playas, hasta la eclosi\u00f3n de las cr\u00edas y su llegada al mar.<br \/>\n\u201cAgradezco la gran labor del equipo de Ecolog\u00eda en nuestro municipio, as\u00ed como a organizaciones ambientalistas, a la CONANP, al sector hotelero y ciudadan\u00eda en general, por llevar a cabo acciones que ayudan a la preservaci\u00f3n de estas especies marinas, para mantener el equilibrio en nuestros oc\u00e9anos y mares\u201d, destac\u00f3 durante el recorrido en el que estuvo acompa\u00f1ada por el titular de Desarrollo Urbano y Ecolog\u00eda, Rolando Melo Novelo, y el director general de Ecolog\u00eda, Michael Mesta.<br \/>\nPor su parte, los bi\u00f3logos Ver\u00f3nica Ju\u00e1rez Rivera, directora de Protecci\u00f3n y Gesti\u00f3n de los Recursos Naturales, de la Direcci\u00f3n General de Ecolog\u00eda, y Abraham Pacheco, asistente de la misma dependencia, comentaron que si bien la temporada de anidaci\u00f3n de la tortuga marina en el estado de Quintana Roo inici\u00f3 en el mes de abril, con la llegada de la tortuga Carey, en Puerto Morelos arranc\u00f3 en mayo con el arribo de la especie Caguama, mientras que la tortuga Blanca llega a las costas a finales de junio o principios de julio.<\/p>\n<p><a href=\"https:\/\/l21.mx\/wp-content\/uploads\/2023\/09\/WhatsApp-Image-2023-09-02-at-15.44.11-1.jpeg\" data-rel=\"penci-gallery-image-content\" ><img decoding=\"async\" class=\"alignnone size-medium wp-image-61310\" src=\"https:\/\/l21.mx\/wp-content\/uploads\/2023\/09\/WhatsApp-Image-2023-09-02-at-15.44.11-1-300x207.jpeg\" alt=\"\" width=\"300\" height=\"207\" srcset=\"https:\/\/l21.mx\/wp-content\/uploads\/2023\/09\/WhatsApp-Image-2023-09-02-at-15.44.11-1-300x207.jpeg 300w, https:\/\/l21.mx\/wp-content\/uploads\/2023\/09\/WhatsApp-Image-2023-09-02-at-15.44.11-1-1024x707.jpeg 1024w, https:\/\/l21.mx\/wp-content\/uploads\/2023\/09\/WhatsApp-Image-2023-09-02-at-15.44.11-1-768x530.jpeg 768w, https:\/\/l21.mx\/wp-content\/uploads\/2023\/09\/WhatsApp-Image-2023-09-02-at-15.44.11-1-1536x1060.jpeg 1536w, https:\/\/l21.mx\/wp-content\/uploads\/2023\/09\/WhatsApp-Image-2023-09-02-at-15.44.11-1-1200x828.jpeg 1200w, https:\/\/l21.mx\/wp-content\/uploads\/2023\/09\/WhatsApp-Image-2023-09-02-at-15.44.11-1-1170x807.jpeg 1170w, https:\/\/l21.mx\/wp-content\/uploads\/2023\/09\/WhatsApp-Image-2023-09-02-at-15.44.11-1-585x404.jpeg 585w, https:\/\/l21.mx\/wp-content\/uploads\/2023\/09\/WhatsApp-Image-2023-09-02-at-15.44.11-1.jpeg 1600w\" sizes=\"(max-width: 300px) 100vw, 300px\" \/><\/a><br \/>\n\u201cTenemos 657 nidos que han eclosionado, en cada uno se contabilizan normalmente entre 80 y 120 huevos, y en promedio se estima que una de cada mil tortuguitas logra llegar a la edad adulta\u201d, explic\u00f3 Ver\u00f3nica Ju\u00e1rez.<br \/>\nAsimismo, se\u00f1al\u00f3 que este a\u00f1o ha sido inusual ya que han llegado muchos m\u00e1s quelonios que en otras temporadas, por lo que hacen recorridos cada tercer d\u00eda en la zona de Punta Brava que tiene una extensi\u00f3n de dos kil\u00f3metros.<br \/>\nCabe destacar que fueron liberadas alrededor de 300 cr\u00edas, acto encabezado por Blanca Merari Tziu, quien adem\u00e1s estuvo acompa\u00f1ada por su hija Gemma y otros funcionarios de Ecolog\u00eda, quienes ayudaron en la salida de las cr\u00edas de tortugas de dos nidos que reci\u00e9n hab\u00edan eclosionado.<br \/>\n&#8212;&#8211;00000&#8212;&#8211;<\/p>\n","protected":false},"excerpt":{"rendered":"<p>*La alcaldesa participa en la liberaci\u00f3n de cr\u00edas de tortugas marinas en la zona de Punta&hellip;<\/p>\n","protected":false},"author":100,"featured_media":61311,"comment_status":"closed","ping_status":"closed","sticky":false,"template":"","format":"standard","meta":{"_acf_changed":false,"_lmt_disableupdate":"","_lmt_disable":"","_mbp_gutenberg_autopost":false,"footnotes":""},"categories":[23,1656],"tags":[],"class_list":["post-61309","post","type-post","status-publish","format-standard","has-post-thumbnail","hentry","category-noticias","category-quintana-roo"],"acf":[],"yoast_head":"<!-- This site is optimized with the Yoast SEO plugin v27.3 - https:\/\/yoast.com\/product\/yoast-seo-wordpress\/ -->\n<title>Promueven preservaci\u00f3n de la tortuga marina en Puerto Morelos | Revista Latitud 21<\/title>\n<meta name=\"description\" content=\"L21, Emprendedores y Negocios en el Caribe Mexicano, es la revista l\u00edder entre el Sector Empresarial y Tur\u00edstico del Caribe Mexicano.\" \/>\n<meta name=\"robots\" content=\"index, follow, max-snippet:-1, max-image-preview:large, max-video-preview:-1\" \/>\n<link rel=\"canonical\" href=\"https:\/\/l21.mx\/?p=61309\" \/>\n<meta name=\"twitter:card\" content=\"summary_large_image\" \/>\n<meta name=\"twitter:title\" content=\"Promueven preservaci\u00f3n de la tortuga marina en Puerto Morelos | Revista Latitud 21\" \/>\n<meta name=\"twitter:description\" content=\"L21, Emprendedores y Negocios en el Caribe Mexicano, es la revista l\u00edder entre el Sector Empresarial y Tur\u00edstico del Caribe Mexicano.\" \/>\n<meta name=\"twitter:image\" content=\"https:\/\/l21.mx\/wp-content\/uploads\/2023\/09\/WhatsApp-Image-2023-09-02-at-15.44.12.jpeg\" \/>\n<meta name=\"twitter:creator\" content=\"@Latitud21mx\" \/>\n<meta name=\"twitter:site\" content=\"@Latitud21mx\" \/>\n<meta name=\"twitter:label1\" content=\"Escrito por\" \/>\n\t<meta name=\"twitter:data1\" content=\"NellyG\" \/>\n\t<meta name=\"twitter:label2\" content=\"Tiempo de lectura\" \/>\n\t<meta name=\"twitter:data2\" content=\"3 minutos\" \/>\n<script type=\"application\/ld+json\" class=\"yoast-schema-graph\">{\"@context\":\"https:\\\/\\\/schema.org\",\"@graph\":[{\"@type\":\"Article\",\"@id\":\"https:\\\/\\\/l21.mx\\\/?p=61309#article\",\"isPartOf\":{\"@id\":\"https:\\\/\\\/l21.mx\\\/?p=61309\"},\"author\":{\"name\":\"NellyG\",\"@id\":\"https:\\\/\\\/l21.mx\\\/#\\\/schema\\\/person\\\/cca68595b80b2f6c4c55a8b254bfbb2a\"},\"headline\":\"Promueven preservaci\u00f3n de la tortuga marina en Puerto Morelos\",\"datePublished\":\"2023-09-03T02:43:05+00:00\",\"mainEntityOfPage\":{\"@id\":\"https:\\\/\\\/l21.mx\\\/?p=61309\"},\"wordCount\":486,\"publisher\":{\"@id\":\"https:\\\/\\\/l21.mx\\\/#organization\"},\"image\":{\"@id\":\"https:\\\/\\\/l21.mx\\\/?p=61309#primaryimage\"},\"thumbnailUrl\":\"https:\\\/\\\/l21.mx\\\/wp-content\\\/uploads\\\/2023\\\/09\\\/WhatsApp-Image-2023-09-02-at-15.44.12.jpeg\",\"articleSection\":[\"Noticias\",\"Quintana Roo\"],\"inLanguage\":\"es\"},{\"@type\":\"WebPage\",\"@id\":\"https:\\\/\\\/l21.mx\\\/?p=61309\",\"url\":\"https:\\\/\\\/l21.mx\\\/?p=61309\",\"name\":\"Promueven preservaci\u00f3n de la tortuga marina en Puerto Morelos | Revista Latitud 21\",\"isPartOf\":{\"@id\":\"https:\\\/\\\/l21.mx\\\/#website\"},\"primaryImageOfPage\":{\"@id\":\"https:\\\/\\\/l21.mx\\\/?p=61309#primaryimage\"},\"image\":{\"@id\":\"https:\\\/\\\/l21.mx\\\/?p=61309#primaryimage\"},\"thumbnailUrl\":\"https:\\\/\\\/l21.mx\\\/wp-content\\\/uploads\\\/2023\\\/09\\\/WhatsApp-Image-2023-09-02-at-15.44.12.jpeg\",\"datePublished\":\"2023-09-03T02:43:05+00:00\",\"description\":\"L21, Emprendedores y Negocios en el Caribe Mexicano, es la revista l\u00edder entre el Sector Empresarial y Tur\u00edstico del Caribe Mexicano.\",\"breadcrumb\":{\"@id\":\"https:\\\/\\\/l21.mx\\\/?p=61309#breadcrumb\"},\"inLanguage\":\"es\",\"potentialAction\":[{\"@type\":\"ReadAction\",\"target\":[\"https:\\\/\\\/l21.mx\\\/?p=61309\"]}]},{\"@type\":\"ImageObject\",\"inLanguage\":\"es\",\"@id\":\"https:\\\/\\\/l21.mx\\\/?p=61309#primaryimage\",\"url\":\"https:\\\/\\\/l21.mx\\\/wp-content\\\/uploads\\\/2023\\\/09\\\/WhatsApp-Image-2023-09-02-at-15.44.12.jpeg\",\"contentUrl\":\"https:\\\/\\\/l21.mx\\\/wp-content\\\/uploads\\\/2023\\\/09\\\/WhatsApp-Image-2023-09-02-at-15.44.12.jpeg\",\"width\":1600,\"height\":1070},{\"@type\":\"BreadcrumbList\",\"@id\":\"https:\\\/\\\/l21.mx\\\/?p=61309#breadcrumb\",\"itemListElement\":[{\"@type\":\"ListItem\",\"position\":1,\"name\":\"Portada\",\"item\":\"https:\\\/\\\/l21.mx\\\/\"},{\"@type\":\"ListItem\",\"position\":2,\"name\":\"Promueven preservaci\u00f3n de la tortuga marina en Puerto Morelos\"}]},{\"@type\":\"WebSite\",\"@id\":\"https:\\\/\\\/l21.mx\\\/#website\",\"url\":\"https:\\\/\\\/l21.mx\\\/\",\"name\":\"Revista Latitud 21\",\"description\":\"Emprendedores  y negocios en el Caribe Mexicano\",\"publisher\":{\"@id\":\"https:\\\/\\\/l21.mx\\\/#organization\"},\"potentialAction\":[{\"@type\":\"SearchAction\",\"target\":{\"@type\":\"EntryPoint\",\"urlTemplate\":\"https:\\\/\\\/l21.mx\\\/?s={search_term_string}\"},\"query-input\":{\"@type\":\"PropertyValueSpecification\",\"valueRequired\":true,\"valueName\":\"search_term_string\"}}],\"inLanguage\":\"es\"},{\"@type\":\"Organization\",\"@id\":\"https:\\\/\\\/l21.mx\\\/#organization\",\"name\":\"Grupo Editorial Latitud 21 SA de CV\",\"url\":\"https:\\\/\\\/l21.mx\\\/\",\"logo\":{\"@type\":\"ImageObject\",\"inLanguage\":\"es\",\"@id\":\"https:\\\/\\\/l21.mx\\\/#\\\/schema\\\/logo\\\/image\\\/\",\"url\":\"https:\\\/\\\/l21.mx\\\/wp-content\\\/uploads\\\/2020\\\/10\\\/logo-l21-baja.jpg\",\"contentUrl\":\"https:\\\/\\\/l21.mx\\\/wp-content\\\/uploads\\\/2020\\\/10\\\/logo-l21-baja.jpg\",\"width\":250,\"height\":250,\"caption\":\"Grupo Editorial Latitud 21 SA de CV\"},\"image\":{\"@id\":\"https:\\\/\\\/l21.mx\\\/#\\\/schema\\\/logo\\\/image\\\/\"},\"sameAs\":[\"https:\\\/\\\/www.facebook.com\\\/RevistaLatitud21\\\/\",\"https:\\\/\\\/x.com\\\/Latitud21mx\"]},{\"@type\":\"Person\",\"@id\":\"https:\\\/\\\/l21.mx\\\/#\\\/schema\\\/person\\\/cca68595b80b2f6c4c55a8b254bfbb2a\",\"name\":\"NellyG\",\"url\":\"https:\\\/\\\/l21.mx\\\/?author=100\"}]}<\/script>\n<!-- \/ Yoast SEO plugin. -->","yoast_head_json":{"title":"Promueven preservaci\u00f3n de la tortuga marina en Puerto Morelos | Revista Latitud 21","description":"L21, Emprendedores y Negocios en el Caribe Mexicano, es la revista l\u00edder entre el Sector Empresarial y Tur\u00edstico del Caribe Mexicano.","robots":{"index":"index","follow":"follow","max-snippet":"max-snippet:-1","max-image-preview":"max-image-preview:large","max-video-preview":"max-video-preview:-1"},"canonical":"https:\/\/l21.mx\/?p=61309","twitter_card":"summary_large_image","twitter_title":"Promueven preservaci\u00f3n de la tortuga marina en Puerto Morelos | Revista Latitud 21","twitter_description":"L21, Emprendedores y Negocios en el Caribe Mexicano, es la revista l\u00edder entre el Sector Empresarial y Tur\u00edstico del Caribe Mexicano.","twitter_image":"https:\/\/l21.mx\/wp-content\/uploads\/2023\/09\/WhatsApp-Image-2023-09-02-at-15.44.12.jpeg","twitter_creator":"@Latitud21mx","twitter_site":"@Latitud21mx","twitter_misc":{"Escrito por":"NellyG","Tiempo de lectura":"3 minutos"},"schema":{"@context":"https:\/\/schema.org","@graph":[{"@type":"Article","@id":"https:\/\/l21.mx\/?p=61309#article","isPartOf":{"@id":"https:\/\/l21.mx\/?p=61309"},"author":{"name":"NellyG","@id":"https:\/\/l21.mx\/#\/schema\/person\/cca68595b80b2f6c4c55a8b254bfbb2a"},"headline":"Promueven preservaci\u00f3n de la tortuga marina en Puerto Morelos","datePublished":"2023-09-03T02:43:05+00:00","mainEntityOfPage":{"@id":"https:\/\/l21.mx\/?p=61309"},"wordCount":486,"publisher":{"@id":"https:\/\/l21.mx\/#organization"},"image":{"@id":"https:\/\/l21.mx\/?p=61309#primaryimage"},"thumbnailUrl":"https:\/\/l21.mx\/wp-content\/uploads\/2023\/09\/WhatsApp-Image-2023-09-02-at-15.44.12.jpeg","articleSection":["Noticias","Quintana Roo"],"inLanguage":"es"},{"@type":"WebPage","@id":"https:\/\/l21.mx\/?p=61309","url":"https:\/\/l21.mx\/?p=61309","name":"Promueven preservaci\u00f3n de la tortuga marina en Puerto Morelos | Revista Latitud 21","isPartOf":{"@id":"https:\/\/l21.mx\/#website"},"primaryImageOfPage":{"@id":"https:\/\/l21.mx\/?p=61309#primaryimage"},"image":{"@id":"https:\/\/l21.mx\/?p=61309#primaryimage"},"thumbnailUrl":"https:\/\/l21.mx\/wp-content\/uploads\/2023\/09\/WhatsApp-Image-2023-09-02-at-15.44.12.jpeg","datePublished":"2023-09-03T02:43:05+00:00","description":"L21, Emprendedores y Negocios en el Caribe Mexicano, es la revista l\u00edder entre el Sector Empresarial y Tur\u00edstico del Caribe Mexicano.","breadcrumb":{"@id":"https:\/\/l21.mx\/?p=61309#breadcrumb"},"inLanguage":"es","potentialAction":[{"@type":"ReadAction","target":["https:\/\/l21.mx\/?p=61309"]}]},{"@type":"ImageObject","inLanguage":"es","@id":"https:\/\/l21.mx\/?p=61309#primaryimage","url":"https:\/\/l21.mx\/wp-content\/uploads\/2023\/09\/WhatsApp-Image-2023-09-02-at-15.44.12.jpeg","contentUrl":"https:\/\/l21.mx\/wp-content\/uploads\/2023\/09\/WhatsApp-Image-2023-09-02-at-15.44.12.jpeg","width":1600,"height":1070},{"@type":"BreadcrumbList","@id":"https:\/\/l21.mx\/?p=61309#breadcrumb","itemListElement":[{"@type":"ListItem","position":1,"name":"Portada","item":"https:\/\/l21.mx\/"},{"@type":"ListItem","position":2,"name":"Promueven preservaci\u00f3n de la tortuga marina en Puerto Morelos"}]},{"@type":"WebSite","@id":"https:\/\/l21.mx\/#website","url":"https:\/\/l21.mx\/","name":"Revista Latitud 21","description":"Emprendedores  y negocios en el Caribe Mexicano","publisher":{"@id":"https:\/\/l21.mx\/#organization"},"potentialAction":[{"@type":"SearchAction","target":{"@type":"EntryPoint","urlTemplate":"https:\/\/l21.mx\/?s={search_term_string}"},"query-input":{"@type":"PropertyValueSpecification","valueRequired":true,"valueName":"search_term_string"}}],"inLanguage":"es"},{"@type":"Organization","@id":"https:\/\/l21.mx\/#organization","name":"Grupo Editorial Latitud 21 SA de CV","url":"https:\/\/l21.mx\/","logo":{"@type":"ImageObject","inLanguage":"es","@id":"https:\/\/l21.mx\/#\/schema\/logo\/image\/","url":"https:\/\/l21.mx\/wp-content\/uploads\/2020\/10\/logo-l21-baja.jpg","contentUrl":"https:\/\/l21.mx\/wp-content\/uploads\/2020\/10\/logo-l21-baja.jpg","width":250,"height":250,"caption":"Grupo Editorial Latitud 21 SA de CV"},"image":{"@id":"https:\/\/l21.mx\/#\/schema\/logo\/image\/"},"sameAs":["https:\/\/www.facebook.com\/RevistaLatitud21\/","https:\/\/x.com\/Latitud21mx"]},{"@type":"Person","@id":"https:\/\/l21.mx\/#\/schema\/person\/cca68595b80b2f6c4c55a8b254bfbb2a","name":"NellyG","url":"https:\/\/l21.mx\/?author=100"}]}},"amp_enabled":true,"_links":{"self":[{"href":"https:\/\/l21.mx\/index.php?rest_route=\/wp\/v2\/posts\/61309","targetHints":{"allow":["GET"]}}],"collection":[{"href":"https:\/\/l21.mx\/index.php?rest_route=\/wp\/v2\/posts"}],"about":[{"href":"https:\/\/l21.mx\/index.php?rest_route=\/wp\/v2\/types\/post"}],"author":[{"embeddable":true,"href":"https:\/\/l21.mx\/index.php?rest_route=\/wp\/v2\/users\/100"}],"replies":[{"embeddable":true,"href":"https:\/\/l21.mx\/index.php?rest_route=%2Fwp%2Fv2%2Fcomments&post=61309"}],"version-history":[{"count":1,"href":"https:\/\/l21.mx\/index.php?rest_route=\/wp\/v2\/posts\/61309\/revisions"}],"predecessor-version":[{"id":61313,"href":"https:\/\/l21.mx\/index.php?rest_route=\/wp\/v2\/posts\/61309\/revisions\/61313"}],"wp:featuredmedia":[{"embeddable":true,"href":"https:\/\/l21.mx\/index.php?rest_route=\/wp\/v2\/media\/61311"}],"wp:attachment":[{"href":"https:\/\/l21.mx\/index.php?rest_route=%2Fwp%2Fv2%2Fmedia&parent=61309"}],"wp:term":[{"taxonomy":"category","embeddable":true,"href":"https:\/\/l21.mx\/index.php?rest_route=%2Fwp%2Fv2%2Fcategories&post=61309"},{"taxonomy":"post_tag","embeddable":true,"href":"https:\/\/l21.mx\/index.php?rest_route=%2Fwp%2Fv2%2Ftags&post=61309"}],"curies":[{"name":"wp","href":"https:\/\/api.w.org\/{rel}","templated":true}]}}