{"id":61375,"date":"2023-09-04T21:46:02","date_gmt":"2023-09-05T02:46:02","guid":{"rendered":"https:\/\/l21.mx\/?p=61375"},"modified":"2023-09-04T21:46:02","modified_gmt":"2023-09-05T02:46:02","slug":"registra-zona-maya-de-quintana-roo-incremento-de-visitantes-en-vacaciones","status":"publish","type":"post","link":"https:\/\/l21.mx\/?p=61375","title":{"rendered":"Registra zona Maya de Quintana Roo incremento de visitantes en vacaciones"},"content":{"rendered":"<p>-La entidad registr\u00f3 un incremento de 3.9 por ciento en comparaci\u00f3n con el 2022, Jos\u00e9 Mar\u00eda Morelos y Felipe Carrillo Puerto tuvieron un repunte de 26.1 y 9.7 por ciento, respectivamente, gracias a la promoci\u00f3n e impulso de sus destinos y productos<\/p>\n<p><a href=\"https:\/\/l21.mx\/wp-content\/uploads\/2023\/09\/turismo-quintana-roo-sur-2.jpeg\" data-rel=\"penci-gallery-image-content\" ><img fetchpriority=\"high\" decoding=\"async\" class=\"alignnone size-medium wp-image-61379\" src=\"https:\/\/l21.mx\/wp-content\/uploads\/2023\/09\/turismo-quintana-roo-sur-2-300x200.jpeg\" alt=\"\" width=\"300\" height=\"200\" srcset=\"https:\/\/l21.mx\/wp-content\/uploads\/2023\/09\/turismo-quintana-roo-sur-2-300x200.jpeg 300w, https:\/\/l21.mx\/wp-content\/uploads\/2023\/09\/turismo-quintana-roo-sur-2-1024x682.jpeg 1024w, https:\/\/l21.mx\/wp-content\/uploads\/2023\/09\/turismo-quintana-roo-sur-2-768x512.jpeg 768w, https:\/\/l21.mx\/wp-content\/uploads\/2023\/09\/turismo-quintana-roo-sur-2-1536x1023.jpeg 1536w, https:\/\/l21.mx\/wp-content\/uploads\/2023\/09\/turismo-quintana-roo-sur-2-1200x800.jpeg 1200w, https:\/\/l21.mx\/wp-content\/uploads\/2023\/09\/turismo-quintana-roo-sur-2-1170x780.jpeg 1170w, https:\/\/l21.mx\/wp-content\/uploads\/2023\/09\/turismo-quintana-roo-sur-2-585x390.jpeg 585w, https:\/\/l21.mx\/wp-content\/uploads\/2023\/09\/turismo-quintana-roo-sur-2-263x175.jpeg 263w, https:\/\/l21.mx\/wp-content\/uploads\/2023\/09\/turismo-quintana-roo-sur-2.jpeg 1600w\" sizes=\"(max-width: 300px) 100vw, 300px\" \/><\/a><\/p>\n<p>Chetumal.- Quintana Roo se mantiene como l\u00edder en la captaci\u00f3n de turistas de M\u00e9xico y Latinoam\u00e9rica, al recibir casi 1.9 millones de turistas durante el periodo vacacional de verano 2023, lo que representa un incremento del 3.9 por ciento en comparaci\u00f3n al a\u00f1o anterior, adem\u00e1s de que la zona Maya, en los municipios de Jos\u00e9 Mar\u00eda Morelos y Felipe Carrillo Puerto incrementaron la presencia de visitantes a sus destinos.<\/p>\n<p>La gobernadora Mara Lezama reiter\u00f3 que con estas cifras mantienen al estado como referente a nivel mundial en materia tur\u00edstica, al distinguirse por sus bellezas naturales, sol, playa, arena, cenotes, ecolog\u00eda, gastronom\u00eda y servicios de alta calidad.<\/p>\n<p>\u201cEstamos creciendo y lo que buscamos es generar prosperidad compartida y que el \u00e9xito tur\u00edstico se refleje en bienestar para las y los quintanarroenses. Felipe Carrillo Puerto creci\u00f3 un 9.7 por ciento m\u00e1s que el a\u00f1o pasado al pasar de 4 mil 168 turistas a 4 mil 571; y Jos\u00e9 Mar\u00eda Morelos 26.1 por ciento m\u00e1s que en el 2022, cuando registr\u00f3 mil 791 turistas y en este periodo de verano 2023, 2 mil 258\u201d, dijo.<\/p>\n<p><a href=\"https:\/\/l21.mx\/wp-content\/uploads\/2023\/09\/turismo-quintana-roo-sur-4.jpeg\" data-rel=\"penci-gallery-image-content\" ><img decoding=\"async\" class=\"alignnone size-medium wp-image-61377\" src=\"https:\/\/l21.mx\/wp-content\/uploads\/2023\/09\/turismo-quintana-roo-sur-4-300x200.jpeg\" alt=\"\" width=\"300\" height=\"200\" srcset=\"https:\/\/l21.mx\/wp-content\/uploads\/2023\/09\/turismo-quintana-roo-sur-4-300x200.jpeg 300w, https:\/\/l21.mx\/wp-content\/uploads\/2023\/09\/turismo-quintana-roo-sur-4-1024x682.jpeg 1024w, https:\/\/l21.mx\/wp-content\/uploads\/2023\/09\/turismo-quintana-roo-sur-4-768x512.jpeg 768w, https:\/\/l21.mx\/wp-content\/uploads\/2023\/09\/turismo-quintana-roo-sur-4-1200x800.jpeg 1200w, https:\/\/l21.mx\/wp-content\/uploads\/2023\/09\/turismo-quintana-roo-sur-4-1170x780.jpeg 1170w, https:\/\/l21.mx\/wp-content\/uploads\/2023\/09\/turismo-quintana-roo-sur-4-585x390.jpeg 585w, https:\/\/l21.mx\/wp-content\/uploads\/2023\/09\/turismo-quintana-roo-sur-4-263x175.jpeg 263w, https:\/\/l21.mx\/wp-content\/uploads\/2023\/09\/turismo-quintana-roo-sur-4.jpeg 1280w\" sizes=\"(max-width: 300px) 100vw, 300px\" \/><\/a><\/p>\n<p>De acuerdo con cifras de la Secretar\u00eda Estatal de Turismo (SEDETUR) indican que un total de 1 mill\u00f3n 877 mil 546 turistas visitaron los diferentes destinos de Quintana Roo, mientras que el a\u00f1o pasado se tuvo 1 mill\u00f3n 806 mil 834, lo que significa que este verano 2023 se super\u00f3 la meta, alcanzado un incremento de 3.9 por ciento.<\/p>\n<p>Durante este periodo vacacional de verano la capital del estado, Chetumal, tuvo un importante repunte con 101 mil 236 turistas, lo que representa un 9.7 por ciento de aumento en comparaci\u00f3n al a\u00f1o anterior; Bacalar con 22 mil 899 y un incremento 7.7 por ciento; Canc\u00fan tuvo 613 mil 193 con un 6.1 por ciento; Costa Mujeres 102 mil 997 con 6.1 por ciento; Isla Mujeres registr\u00f3 27 mil 085 con un 4.9 por ciento de aumento; Puerto Morelos 92 mil 611 con un aumento de 5.6 por ciento y Holbox 49 mil 832 con aumento de 5.3 por ciento.<\/p>\n<p><a href=\"https:\/\/l21.mx\/wp-content\/uploads\/2023\/09\/turismo-quintana-roo-sur-3.jpeg\" data-rel=\"penci-gallery-image-content\" ><img decoding=\"async\" class=\"alignnone size-medium wp-image-61376\" src=\"https:\/\/l21.mx\/wp-content\/uploads\/2023\/09\/turismo-quintana-roo-sur-3-300x200.jpeg\" alt=\"\" width=\"300\" height=\"200\" srcset=\"https:\/\/l21.mx\/wp-content\/uploads\/2023\/09\/turismo-quintana-roo-sur-3-300x200.jpeg 300w, https:\/\/l21.mx\/wp-content\/uploads\/2023\/09\/turismo-quintana-roo-sur-3-1024x682.jpeg 1024w, https:\/\/l21.mx\/wp-content\/uploads\/2023\/09\/turismo-quintana-roo-sur-3-768x512.jpeg 768w, https:\/\/l21.mx\/wp-content\/uploads\/2023\/09\/turismo-quintana-roo-sur-3-1536x1023.jpeg 1536w, https:\/\/l21.mx\/wp-content\/uploads\/2023\/09\/turismo-quintana-roo-sur-3-1200x800.jpeg 1200w, https:\/\/l21.mx\/wp-content\/uploads\/2023\/09\/turismo-quintana-roo-sur-3-1170x780.jpeg 1170w, https:\/\/l21.mx\/wp-content\/uploads\/2023\/09\/turismo-quintana-roo-sur-3-585x390.jpeg 585w, https:\/\/l21.mx\/wp-content\/uploads\/2023\/09\/turismo-quintana-roo-sur-3-263x175.jpeg 263w, https:\/\/l21.mx\/wp-content\/uploads\/2023\/09\/turismo-quintana-roo-sur-3.jpeg 1600w\" sizes=\"(max-width: 300px) 100vw, 300px\" \/><\/a><\/p>\n<p>Tambi\u00e9n Playa del Carmen registr\u00f3 un incremento de turistas con 172 mil 259, lo que representa un crecimiento del 3.4 por ciento; Tulum 167 mil 055 con 0.8 por ciento; Corredor Riviera Maya 397 mil 384 con 0.3 por ciento.<\/p>\n<p>Asimismo, de acuerdo con cifras de la Administraci\u00f3n Portuaria Integral de Quintana Roo (APIQROO) del 1 de enero al 27 de agosto de este a\u00f1o, Cozumel se ratific\u00f3 de manera contundente como el primer destino nacional en la llegada de cruceros, al arribar 765 lo que signific\u00f3 un aumento del 7.1 por ciento con respecto al mismo per\u00edodo del 2022, con 2 millones 707 mil 137 turistas quienes arribaron por esta v\u00eda.<\/p>\n","protected":false},"excerpt":{"rendered":"<p>-La entidad registr\u00f3 un incremento de 3.9 por ciento en comparaci\u00f3n con el 2022, Jos\u00e9 Mar\u00eda&hellip;<\/p>\n","protected":false},"author":100,"featured_media":61378,"comment_status":"closed","ping_status":"closed","sticky":false,"template":"","format":"standard","meta":{"_acf_changed":false,"_lmt_disableupdate":"","_lmt_disable":"","_mbp_gutenberg_autopost":false,"footnotes":""},"categories":[23,1656,8],"tags":[],"class_list":["post-61375","post","type-post","status-publish","format-standard","has-post-thumbnail","hentry","category-noticias","category-quintana-roo","category-turismo"],"acf":[],"yoast_head":"<!-- This site is optimized with the Yoast SEO plugin v27.3 - https:\/\/yoast.com\/product\/yoast-seo-wordpress\/ -->\n<title>Registra zona Maya de Quintana Roo incremento de visitantes en vacaciones | Revista Latitud 21<\/title>\n<meta name=\"description\" content=\"L21, Emprendedores y Negocios en el Caribe Mexicano, es la revista l\u00edder entre el Sector Empresarial y Tur\u00edstico del Caribe Mexicano.\" \/>\n<meta name=\"robots\" content=\"index, follow, max-snippet:-1, max-image-preview:large, max-video-preview:-1\" \/>\n<link rel=\"canonical\" href=\"https:\/\/l21.mx\/?p=61375\" \/>\n<meta name=\"twitter:card\" content=\"summary_large_image\" \/>\n<meta name=\"twitter:title\" content=\"Registra zona Maya de Quintana Roo incremento de visitantes en vacaciones | Revista Latitud 21\" \/>\n<meta name=\"twitter:description\" content=\"L21, Emprendedores y Negocios en el Caribe Mexicano, es la revista l\u00edder entre el Sector Empresarial y Tur\u00edstico del Caribe Mexicano.\" \/>\n<meta name=\"twitter:image\" content=\"https:\/\/l21.mx\/wp-content\/uploads\/2023\/09\/turismo-quintana-roo-sur-1.jpeg\" \/>\n<meta name=\"twitter:creator\" content=\"@Latitud21mx\" \/>\n<meta name=\"twitter:site\" content=\"@Latitud21mx\" \/>\n<meta name=\"twitter:label1\" content=\"Escrito por\" \/>\n\t<meta name=\"twitter:data1\" content=\"NellyG\" \/>\n\t<meta name=\"twitter:label2\" content=\"Tiempo de lectura\" \/>\n\t<meta name=\"twitter:data2\" content=\"3 minutos\" \/>\n<script type=\"application\/ld+json\" class=\"yoast-schema-graph\">{\"@context\":\"https:\\\/\\\/schema.org\",\"@graph\":[{\"@type\":\"Article\",\"@id\":\"https:\\\/\\\/l21.mx\\\/?p=61375#article\",\"isPartOf\":{\"@id\":\"https:\\\/\\\/l21.mx\\\/?p=61375\"},\"author\":{\"name\":\"NellyG\",\"@id\":\"https:\\\/\\\/l21.mx\\\/#\\\/schema\\\/person\\\/cca68595b80b2f6c4c55a8b254bfbb2a\"},\"headline\":\"Registra zona Maya de Quintana Roo incremento de visitantes en vacaciones\",\"datePublished\":\"2023-09-05T02:46:02+00:00\",\"mainEntityOfPage\":{\"@id\":\"https:\\\/\\\/l21.mx\\\/?p=61375\"},\"wordCount\":474,\"publisher\":{\"@id\":\"https:\\\/\\\/l21.mx\\\/#organization\"},\"image\":{\"@id\":\"https:\\\/\\\/l21.mx\\\/?p=61375#primaryimage\"},\"thumbnailUrl\":\"https:\\\/\\\/l21.mx\\\/wp-content\\\/uploads\\\/2023\\\/09\\\/turismo-quintana-roo-sur-1.jpeg\",\"articleSection\":[\"Noticias\",\"Quintana Roo\",\"Turismo\"],\"inLanguage\":\"es\"},{\"@type\":\"WebPage\",\"@id\":\"https:\\\/\\\/l21.mx\\\/?p=61375\",\"url\":\"https:\\\/\\\/l21.mx\\\/?p=61375\",\"name\":\"Registra zona Maya de Quintana Roo incremento de visitantes en vacaciones | Revista Latitud 21\",\"isPartOf\":{\"@id\":\"https:\\\/\\\/l21.mx\\\/#website\"},\"primaryImageOfPage\":{\"@id\":\"https:\\\/\\\/l21.mx\\\/?p=61375#primaryimage\"},\"image\":{\"@id\":\"https:\\\/\\\/l21.mx\\\/?p=61375#primaryimage\"},\"thumbnailUrl\":\"https:\\\/\\\/l21.mx\\\/wp-content\\\/uploads\\\/2023\\\/09\\\/turismo-quintana-roo-sur-1.jpeg\",\"datePublished\":\"2023-09-05T02:46:02+00:00\",\"description\":\"L21, Emprendedores y Negocios en el Caribe Mexicano, es la revista l\u00edder entre el Sector Empresarial y Tur\u00edstico del Caribe Mexicano.\",\"breadcrumb\":{\"@id\":\"https:\\\/\\\/l21.mx\\\/?p=61375#breadcrumb\"},\"inLanguage\":\"es\",\"potentialAction\":[{\"@type\":\"ReadAction\",\"target\":[\"https:\\\/\\\/l21.mx\\\/?p=61375\"]}]},{\"@type\":\"ImageObject\",\"inLanguage\":\"es\",\"@id\":\"https:\\\/\\\/l21.mx\\\/?p=61375#primaryimage\",\"url\":\"https:\\\/\\\/l21.mx\\\/wp-content\\\/uploads\\\/2023\\\/09\\\/turismo-quintana-roo-sur-1.jpeg\",\"contentUrl\":\"https:\\\/\\\/l21.mx\\\/wp-content\\\/uploads\\\/2023\\\/09\\\/turismo-quintana-roo-sur-1.jpeg\",\"width\":1600,\"height\":1066},{\"@type\":\"BreadcrumbList\",\"@id\":\"https:\\\/\\\/l21.mx\\\/?p=61375#breadcrumb\",\"itemListElement\":[{\"@type\":\"ListItem\",\"position\":1,\"name\":\"Portada\",\"item\":\"https:\\\/\\\/l21.mx\\\/\"},{\"@type\":\"ListItem\",\"position\":2,\"name\":\"Registra zona Maya de Quintana Roo incremento de visitantes en vacaciones\"}]},{\"@type\":\"WebSite\",\"@id\":\"https:\\\/\\\/l21.mx\\\/#website\",\"url\":\"https:\\\/\\\/l21.mx\\\/\",\"name\":\"Revista Latitud 21\",\"description\":\"Emprendedores  y negocios en el Caribe Mexicano\",\"publisher\":{\"@id\":\"https:\\\/\\\/l21.mx\\\/#organization\"},\"potentialAction\":[{\"@type\":\"SearchAction\",\"target\":{\"@type\":\"EntryPoint\",\"urlTemplate\":\"https:\\\/\\\/l21.mx\\\/?s={search_term_string}\"},\"query-input\":{\"@type\":\"PropertyValueSpecification\",\"valueRequired\":true,\"valueName\":\"search_term_string\"}}],\"inLanguage\":\"es\"},{\"@type\":\"Organization\",\"@id\":\"https:\\\/\\\/l21.mx\\\/#organization\",\"name\":\"Grupo Editorial Latitud 21 SA de CV\",\"url\":\"https:\\\/\\\/l21.mx\\\/\",\"logo\":{\"@type\":\"ImageObject\",\"inLanguage\":\"es\",\"@id\":\"https:\\\/\\\/l21.mx\\\/#\\\/schema\\\/logo\\\/image\\\/\",\"url\":\"https:\\\/\\\/l21.mx\\\/wp-content\\\/uploads\\\/2020\\\/10\\\/logo-l21-baja.jpg\",\"contentUrl\":\"https:\\\/\\\/l21.mx\\\/wp-content\\\/uploads\\\/2020\\\/10\\\/logo-l21-baja.jpg\",\"width\":250,\"height\":250,\"caption\":\"Grupo Editorial Latitud 21 SA de CV\"},\"image\":{\"@id\":\"https:\\\/\\\/l21.mx\\\/#\\\/schema\\\/logo\\\/image\\\/\"},\"sameAs\":[\"https:\\\/\\\/www.facebook.com\\\/RevistaLatitud21\\\/\",\"https:\\\/\\\/x.com\\\/Latitud21mx\"]},{\"@type\":\"Person\",\"@id\":\"https:\\\/\\\/l21.mx\\\/#\\\/schema\\\/person\\\/cca68595b80b2f6c4c55a8b254bfbb2a\",\"name\":\"NellyG\",\"url\":\"https:\\\/\\\/l21.mx\\\/?author=100\"}]}<\/script>\n<!-- \/ Yoast SEO plugin. -->","yoast_head_json":{"title":"Registra zona Maya de Quintana Roo incremento de visitantes en vacaciones | Revista Latitud 21","description":"L21, Emprendedores y Negocios en el Caribe Mexicano, es la revista l\u00edder entre el Sector Empresarial y Tur\u00edstico del Caribe Mexicano.","robots":{"index":"index","follow":"follow","max-snippet":"max-snippet:-1","max-image-preview":"max-image-preview:large","max-video-preview":"max-video-preview:-1"},"canonical":"https:\/\/l21.mx\/?p=61375","twitter_card":"summary_large_image","twitter_title":"Registra zona Maya de Quintana Roo incremento de visitantes en vacaciones | Revista Latitud 21","twitter_description":"L21, Emprendedores y Negocios en el Caribe Mexicano, es la revista l\u00edder entre el Sector Empresarial y Tur\u00edstico del Caribe Mexicano.","twitter_image":"https:\/\/l21.mx\/wp-content\/uploads\/2023\/09\/turismo-quintana-roo-sur-1.jpeg","twitter_creator":"@Latitud21mx","twitter_site":"@Latitud21mx","twitter_misc":{"Escrito por":"NellyG","Tiempo de lectura":"3 minutos"},"schema":{"@context":"https:\/\/schema.org","@graph":[{"@type":"Article","@id":"https:\/\/l21.mx\/?p=61375#article","isPartOf":{"@id":"https:\/\/l21.mx\/?p=61375"},"author":{"name":"NellyG","@id":"https:\/\/l21.mx\/#\/schema\/person\/cca68595b80b2f6c4c55a8b254bfbb2a"},"headline":"Registra zona Maya de Quintana Roo incremento de visitantes en vacaciones","datePublished":"2023-09-05T02:46:02+00:00","mainEntityOfPage":{"@id":"https:\/\/l21.mx\/?p=61375"},"wordCount":474,"publisher":{"@id":"https:\/\/l21.mx\/#organization"},"image":{"@id":"https:\/\/l21.mx\/?p=61375#primaryimage"},"thumbnailUrl":"https:\/\/l21.mx\/wp-content\/uploads\/2023\/09\/turismo-quintana-roo-sur-1.jpeg","articleSection":["Noticias","Quintana Roo","Turismo"],"inLanguage":"es"},{"@type":"WebPage","@id":"https:\/\/l21.mx\/?p=61375","url":"https:\/\/l21.mx\/?p=61375","name":"Registra zona Maya de Quintana Roo incremento de visitantes en vacaciones | Revista Latitud 21","isPartOf":{"@id":"https:\/\/l21.mx\/#website"},"primaryImageOfPage":{"@id":"https:\/\/l21.mx\/?p=61375#primaryimage"},"image":{"@id":"https:\/\/l21.mx\/?p=61375#primaryimage"},"thumbnailUrl":"https:\/\/l21.mx\/wp-content\/uploads\/2023\/09\/turismo-quintana-roo-sur-1.jpeg","datePublished":"2023-09-05T02:46:02+00:00","description":"L21, Emprendedores y Negocios en el Caribe Mexicano, es la revista l\u00edder entre el Sector Empresarial y Tur\u00edstico del Caribe Mexicano.","breadcrumb":{"@id":"https:\/\/l21.mx\/?p=61375#breadcrumb"},"inLanguage":"es","potentialAction":[{"@type":"ReadAction","target":["https:\/\/l21.mx\/?p=61375"]}]},{"@type":"ImageObject","inLanguage":"es","@id":"https:\/\/l21.mx\/?p=61375#primaryimage","url":"https:\/\/l21.mx\/wp-content\/uploads\/2023\/09\/turismo-quintana-roo-sur-1.jpeg","contentUrl":"https:\/\/l21.mx\/wp-content\/uploads\/2023\/09\/turismo-quintana-roo-sur-1.jpeg","width":1600,"height":1066},{"@type":"BreadcrumbList","@id":"https:\/\/l21.mx\/?p=61375#breadcrumb","itemListElement":[{"@type":"ListItem","position":1,"name":"Portada","item":"https:\/\/l21.mx\/"},{"@type":"ListItem","position":2,"name":"Registra zona Maya de Quintana Roo incremento de visitantes en vacaciones"}]},{"@type":"WebSite","@id":"https:\/\/l21.mx\/#website","url":"https:\/\/l21.mx\/","name":"Revista Latitud 21","description":"Emprendedores  y negocios en el Caribe Mexicano","publisher":{"@id":"https:\/\/l21.mx\/#organization"},"potentialAction":[{"@type":"SearchAction","target":{"@type":"EntryPoint","urlTemplate":"https:\/\/l21.mx\/?s={search_term_string}"},"query-input":{"@type":"PropertyValueSpecification","valueRequired":true,"valueName":"search_term_string"}}],"inLanguage":"es"},{"@type":"Organization","@id":"https:\/\/l21.mx\/#organization","name":"Grupo Editorial Latitud 21 SA de CV","url":"https:\/\/l21.mx\/","logo":{"@type":"ImageObject","inLanguage":"es","@id":"https:\/\/l21.mx\/#\/schema\/logo\/image\/","url":"https:\/\/l21.mx\/wp-content\/uploads\/2020\/10\/logo-l21-baja.jpg","contentUrl":"https:\/\/l21.mx\/wp-content\/uploads\/2020\/10\/logo-l21-baja.jpg","width":250,"height":250,"caption":"Grupo Editorial Latitud 21 SA de CV"},"image":{"@id":"https:\/\/l21.mx\/#\/schema\/logo\/image\/"},"sameAs":["https:\/\/www.facebook.com\/RevistaLatitud21\/","https:\/\/x.com\/Latitud21mx"]},{"@type":"Person","@id":"https:\/\/l21.mx\/#\/schema\/person\/cca68595b80b2f6c4c55a8b254bfbb2a","name":"NellyG","url":"https:\/\/l21.mx\/?author=100"}]}},"amp_enabled":true,"_links":{"self":[{"href":"https:\/\/l21.mx\/index.php?rest_route=\/wp\/v2\/posts\/61375","targetHints":{"allow":["GET"]}}],"collection":[{"href":"https:\/\/l21.mx\/index.php?rest_route=\/wp\/v2\/posts"}],"about":[{"href":"https:\/\/l21.mx\/index.php?rest_route=\/wp\/v2\/types\/post"}],"author":[{"embeddable":true,"href":"https:\/\/l21.mx\/index.php?rest_route=\/wp\/v2\/users\/100"}],"replies":[{"embeddable":true,"href":"https:\/\/l21.mx\/index.php?rest_route=%2Fwp%2Fv2%2Fcomments&post=61375"}],"version-history":[{"count":1,"href":"https:\/\/l21.mx\/index.php?rest_route=\/wp\/v2\/posts\/61375\/revisions"}],"predecessor-version":[{"id":61380,"href":"https:\/\/l21.mx\/index.php?rest_route=\/wp\/v2\/posts\/61375\/revisions\/61380"}],"wp:featuredmedia":[{"embeddable":true,"href":"https:\/\/l21.mx\/index.php?rest_route=\/wp\/v2\/media\/61378"}],"wp:attachment":[{"href":"https:\/\/l21.mx\/index.php?rest_route=%2Fwp%2Fv2%2Fmedia&parent=61375"}],"wp:term":[{"taxonomy":"category","embeddable":true,"href":"https:\/\/l21.mx\/index.php?rest_route=%2Fwp%2Fv2%2Fcategories&post=61375"},{"taxonomy":"post_tag","embeddable":true,"href":"https:\/\/l21.mx\/index.php?rest_route=%2Fwp%2Fv2%2Ftags&post=61375"}],"curies":[{"name":"wp","href":"https:\/\/api.w.org\/{rel}","templated":true}]}}