{"id":61469,"date":"2023-09-06T13:54:41","date_gmt":"2023-09-06T18:54:41","guid":{"rendered":"https:\/\/l21.mx\/?p=61469"},"modified":"2023-09-06T13:55:24","modified_gmt":"2023-09-06T18:55:24","slug":"otorga-mara-lezama-certeza-juridica-a-familias-de-cancun-con-entrega-de-titulos-de-propiedad","status":"publish","type":"post","link":"https:\/\/l21.mx\/?p=61469","title":{"rendered":"Otorga Mara Lezama certeza jur\u00eddica a familias de Canc\u00fan con entrega de t\u00edtulos de propiedad"},"content":{"rendered":"<p>&nbsp;<\/p>\n<p>-El trabajo que inici\u00f3, siendo Presidenta Municipal, para la regularizaci\u00f3n de predios, se ha reflejado en la entrega de 583 escrituras y la inversi\u00f3n de m\u00e1s de 180 millones de pesos en colonias de Benito Ju\u00e1rez ahora regularizadas, en coordinaci\u00f3n con el Ayuntamiento<\/p>\n<p><a href=\"https:\/\/l21.mx\/wp-content\/uploads\/2023\/09\/WhatsApp-Image-2023-09-06-at-13.46.33-1.jpeg\" data-rel=\"penci-gallery-image-content\" ><img fetchpriority=\"high\" decoding=\"async\" class=\"alignnone size-medium wp-image-61471\" src=\"https:\/\/l21.mx\/wp-content\/uploads\/2023\/09\/WhatsApp-Image-2023-09-06-at-13.46.33-1-300x200.jpeg\" alt=\"\" width=\"300\" height=\"200\" srcset=\"https:\/\/l21.mx\/wp-content\/uploads\/2023\/09\/WhatsApp-Image-2023-09-06-at-13.46.33-1-300x200.jpeg 300w, https:\/\/l21.mx\/wp-content\/uploads\/2023\/09\/WhatsApp-Image-2023-09-06-at-13.46.33-1-1024x682.jpeg 1024w, https:\/\/l21.mx\/wp-content\/uploads\/2023\/09\/WhatsApp-Image-2023-09-06-at-13.46.33-1-768x512.jpeg 768w, https:\/\/l21.mx\/wp-content\/uploads\/2023\/09\/WhatsApp-Image-2023-09-06-at-13.46.33-1-1536x1023.jpeg 1536w, https:\/\/l21.mx\/wp-content\/uploads\/2023\/09\/WhatsApp-Image-2023-09-06-at-13.46.33-1-1200x800.jpeg 1200w, https:\/\/l21.mx\/wp-content\/uploads\/2023\/09\/WhatsApp-Image-2023-09-06-at-13.46.33-1-1170x780.jpeg 1170w, https:\/\/l21.mx\/wp-content\/uploads\/2023\/09\/WhatsApp-Image-2023-09-06-at-13.46.33-1-585x390.jpeg 585w, https:\/\/l21.mx\/wp-content\/uploads\/2023\/09\/WhatsApp-Image-2023-09-06-at-13.46.33-1-263x175.jpeg 263w, https:\/\/l21.mx\/wp-content\/uploads\/2023\/09\/WhatsApp-Image-2023-09-06-at-13.46.33-1.jpeg 1600w\" sizes=\"(max-width: 300px) 100vw, 300px\" \/><\/a><\/p>\n<p>Canc\u00fan.- En un acto de estricta justicia social para quienes menos tienen y m\u00e1s necesitan, la gobernadora Mara Lezama Espinosa particip\u00f3 en la entrega de escrituras del Programa de Regularizaci\u00f3n para el Bienestar Patrimonial y en la inauguraci\u00f3n del m\u00f3dulo de recepci\u00f3n de documentos para colonias irregulares de Benito Ju\u00e1rez.<\/p>\n<p>La regularizaci\u00f3n en la tenencia de la tierra y la certeza patrimonial es un tema que es prioridad para la gobernadora Mara Lezama, pues desde que fue presidenta municipal de Benito Ju\u00e1rez atendi\u00f3 este problema y por ello hay colonias como Las Norias, Sacb\u00e9, Cedro, M\u00e9xico, San Alfredo que ya est\u00e1n regularizadas. Hoy como gobernadora realiza un trabajo conjunto para avanzar m\u00e1s r\u00e1pido y en beneficio de las familias.<\/p>\n<p>A los 64 beneficiarios que recibieron sus documentos completos, inscritos ante el Registro P\u00fablico de la Propiedad, la Gobernadora les dijo que de esto se trata el Nuevo Acuerdo por el Bienestar y Desarrollo de Quintana Roo, de atender primero a los pobres, de cerrar las brechas de la desigualdad y de llevar justicia social, porque de lo contrario tarde o temprano nos trastoca a todos.<\/p>\n<p><a href=\"https:\/\/l21.mx\/wp-content\/uploads\/2023\/09\/WhatsApp-Image-2023-09-06-at-13.46.34.jpeg\" data-rel=\"penci-gallery-image-content\" ><img decoding=\"async\" class=\"alignnone size-medium wp-image-61470\" src=\"https:\/\/l21.mx\/wp-content\/uploads\/2023\/09\/WhatsApp-Image-2023-09-06-at-13.46.34-300x200.jpeg\" alt=\"\" width=\"300\" height=\"200\" srcset=\"https:\/\/l21.mx\/wp-content\/uploads\/2023\/09\/WhatsApp-Image-2023-09-06-at-13.46.34-300x200.jpeg 300w, https:\/\/l21.mx\/wp-content\/uploads\/2023\/09\/WhatsApp-Image-2023-09-06-at-13.46.34-1024x682.jpeg 1024w, https:\/\/l21.mx\/wp-content\/uploads\/2023\/09\/WhatsApp-Image-2023-09-06-at-13.46.34-768x512.jpeg 768w, https:\/\/l21.mx\/wp-content\/uploads\/2023\/09\/WhatsApp-Image-2023-09-06-at-13.46.34-1536x1023.jpeg 1536w, https:\/\/l21.mx\/wp-content\/uploads\/2023\/09\/WhatsApp-Image-2023-09-06-at-13.46.34-1200x800.jpeg 1200w, https:\/\/l21.mx\/wp-content\/uploads\/2023\/09\/WhatsApp-Image-2023-09-06-at-13.46.34-1170x780.jpeg 1170w, https:\/\/l21.mx\/wp-content\/uploads\/2023\/09\/WhatsApp-Image-2023-09-06-at-13.46.34-585x390.jpeg 585w, https:\/\/l21.mx\/wp-content\/uploads\/2023\/09\/WhatsApp-Image-2023-09-06-at-13.46.34-263x175.jpeg 263w, https:\/\/l21.mx\/wp-content\/uploads\/2023\/09\/WhatsApp-Image-2023-09-06-at-13.46.34.jpeg 1600w\" sizes=\"(max-width: 300px) 100vw, 300px\" \/><\/a><\/p>\n<p>Adem\u00e1s, cerrando las brechas por donde se fugaban los recursos, combatiendo la corrupci\u00f3n y con un gobierno humanista y progresista, se puede atender a las personas, porque el dinero del pueblo rinde para m\u00e1s y se destinan donde m\u00e1s se necesita.<\/p>\n<p>Mara Lezama hizo hincapi\u00e9 en que una colonia regularizada puede recibir inversiones para que las familias tengan servicios b\u00e1sicos, como drenaje, agua potable, calles pavimentadas, alumbrado p\u00fablico, espacios recuperados como el parque de Los Gemelos, en donde se entregaron las escrituras.<\/p>\n<p>Los primeros en recibirlas fueron Elizabeth L\u00f3pez Ricalde y Facundo Dzul Kauil, beneficiarios del programa que acompa\u00f1aron a la Gobernadora en el pres\u00eddium.<\/p>\n<p>El regidor Samuel Mollinedo inform\u00f3 que el gobierno municipal de Benito Ju\u00e1rez invierte 180 millones de pesos en estas colonias, ahora regularizadas, en las que se han entregado 519 escrituras previamente, m\u00e1s las 64 entregadas en este evento y se han abierto m\u00f3dulos para que m\u00e1s colonias formen parte del crecimiento ordenado de la ciudad, entre ellas 29 ya identificadas.<\/p>\n<p>La presidenta municipal Ana Paty Peralta de la Pe\u00f1a agradeci\u00f3 a la Gobernadora por ser punta de lanza en este programa que permiti\u00f3 avanzar en la regularizaci\u00f3n de estas colonias lo que permite seguir transformando al municipio para llevar justicia social y prosperidad compartida.<\/p>\n","protected":false},"excerpt":{"rendered":"<p>&nbsp; -El trabajo que inici\u00f3, siendo Presidenta Municipal, para la regularizaci\u00f3n de predios, se ha reflejado&hellip;<\/p>\n","protected":false},"author":100,"featured_media":61472,"comment_status":"closed","ping_status":"closed","sticky":false,"template":"","format":"standard","meta":{"_acf_changed":false,"_lmt_disableupdate":"","_lmt_disable":"","_mbp_gutenberg_autopost":false,"footnotes":""},"categories":[23,1656],"tags":[],"class_list":["post-61469","post","type-post","status-publish","format-standard","has-post-thumbnail","hentry","category-noticias","category-quintana-roo"],"acf":[],"yoast_head":"<!-- This site is optimized with the Yoast SEO plugin v27.3 - https:\/\/yoast.com\/product\/yoast-seo-wordpress\/ -->\n<title>Otorga Mara Lezama certeza jur\u00eddica a familias de Canc\u00fan con entrega de t\u00edtulos de propiedad | Revista Latitud 21<\/title>\n<meta name=\"description\" content=\"L21, Emprendedores y Negocios en el Caribe Mexicano, es la revista l\u00edder entre el Sector Empresarial y Tur\u00edstico del Caribe Mexicano.\" \/>\n<meta name=\"robots\" content=\"index, follow, max-snippet:-1, max-image-preview:large, max-video-preview:-1\" \/>\n<link rel=\"canonical\" href=\"https:\/\/l21.mx\/?p=61469\" \/>\n<meta name=\"twitter:card\" content=\"summary_large_image\" \/>\n<meta name=\"twitter:title\" content=\"Otorga Mara Lezama certeza jur\u00eddica a familias de Canc\u00fan con entrega de t\u00edtulos de propiedad | Revista Latitud 21\" \/>\n<meta name=\"twitter:description\" content=\"L21, Emprendedores y Negocios en el Caribe Mexicano, es la revista l\u00edder entre el Sector Empresarial y Tur\u00edstico del Caribe Mexicano.\" \/>\n<meta name=\"twitter:image\" content=\"https:\/\/l21.mx\/wp-content\/uploads\/2023\/09\/WhatsApp-Image-2023-09-06-at-13.46.33.jpeg\" \/>\n<meta name=\"twitter:creator\" content=\"@Latitud21mx\" \/>\n<meta name=\"twitter:site\" content=\"@Latitud21mx\" \/>\n<meta name=\"twitter:label1\" content=\"Escrito por\" \/>\n\t<meta name=\"twitter:data1\" content=\"NellyG\" \/>\n\t<meta name=\"twitter:label2\" content=\"Tiempo de lectura\" \/>\n\t<meta name=\"twitter:data2\" content=\"3 minutos\" \/>\n<script type=\"application\/ld+json\" class=\"yoast-schema-graph\">{\"@context\":\"https:\\\/\\\/schema.org\",\"@graph\":[{\"@type\":\"Article\",\"@id\":\"https:\\\/\\\/l21.mx\\\/?p=61469#article\",\"isPartOf\":{\"@id\":\"https:\\\/\\\/l21.mx\\\/?p=61469\"},\"author\":{\"name\":\"NellyG\",\"@id\":\"https:\\\/\\\/l21.mx\\\/#\\\/schema\\\/person\\\/cca68595b80b2f6c4c55a8b254bfbb2a\"},\"headline\":\"Otorga Mara Lezama certeza jur\u00eddica a familias de Canc\u00fan con entrega de t\u00edtulos de propiedad\",\"datePublished\":\"2023-09-06T18:54:41+00:00\",\"dateModified\":\"2023-09-06T18:55:24+00:00\",\"mainEntityOfPage\":{\"@id\":\"https:\\\/\\\/l21.mx\\\/?p=61469\"},\"wordCount\":484,\"publisher\":{\"@id\":\"https:\\\/\\\/l21.mx\\\/#organization\"},\"image\":{\"@id\":\"https:\\\/\\\/l21.mx\\\/?p=61469#primaryimage\"},\"thumbnailUrl\":\"https:\\\/\\\/l21.mx\\\/wp-content\\\/uploads\\\/2023\\\/09\\\/WhatsApp-Image-2023-09-06-at-13.46.33.jpeg\",\"articleSection\":[\"Noticias\",\"Quintana Roo\"],\"inLanguage\":\"es\"},{\"@type\":\"WebPage\",\"@id\":\"https:\\\/\\\/l21.mx\\\/?p=61469\",\"url\":\"https:\\\/\\\/l21.mx\\\/?p=61469\",\"name\":\"Otorga Mara Lezama certeza jur\u00eddica a familias de Canc\u00fan con entrega de t\u00edtulos de propiedad | Revista Latitud 21\",\"isPartOf\":{\"@id\":\"https:\\\/\\\/l21.mx\\\/#website\"},\"primaryImageOfPage\":{\"@id\":\"https:\\\/\\\/l21.mx\\\/?p=61469#primaryimage\"},\"image\":{\"@id\":\"https:\\\/\\\/l21.mx\\\/?p=61469#primaryimage\"},\"thumbnailUrl\":\"https:\\\/\\\/l21.mx\\\/wp-content\\\/uploads\\\/2023\\\/09\\\/WhatsApp-Image-2023-09-06-at-13.46.33.jpeg\",\"datePublished\":\"2023-09-06T18:54:41+00:00\",\"dateModified\":\"2023-09-06T18:55:24+00:00\",\"description\":\"L21, Emprendedores y Negocios en el Caribe Mexicano, es la revista l\u00edder entre el Sector Empresarial y Tur\u00edstico del Caribe Mexicano.\",\"breadcrumb\":{\"@id\":\"https:\\\/\\\/l21.mx\\\/?p=61469#breadcrumb\"},\"inLanguage\":\"es\",\"potentialAction\":[{\"@type\":\"ReadAction\",\"target\":[\"https:\\\/\\\/l21.mx\\\/?p=61469\"]}]},{\"@type\":\"ImageObject\",\"inLanguage\":\"es\",\"@id\":\"https:\\\/\\\/l21.mx\\\/?p=61469#primaryimage\",\"url\":\"https:\\\/\\\/l21.mx\\\/wp-content\\\/uploads\\\/2023\\\/09\\\/WhatsApp-Image-2023-09-06-at-13.46.33.jpeg\",\"contentUrl\":\"https:\\\/\\\/l21.mx\\\/wp-content\\\/uploads\\\/2023\\\/09\\\/WhatsApp-Image-2023-09-06-at-13.46.33.jpeg\",\"width\":1600,\"height\":1066},{\"@type\":\"BreadcrumbList\",\"@id\":\"https:\\\/\\\/l21.mx\\\/?p=61469#breadcrumb\",\"itemListElement\":[{\"@type\":\"ListItem\",\"position\":1,\"name\":\"Portada\",\"item\":\"https:\\\/\\\/l21.mx\\\/\"},{\"@type\":\"ListItem\",\"position\":2,\"name\":\"Otorga Mara Lezama certeza jur\u00eddica a familias de Canc\u00fan con entrega de t\u00edtulos de propiedad\"}]},{\"@type\":\"WebSite\",\"@id\":\"https:\\\/\\\/l21.mx\\\/#website\",\"url\":\"https:\\\/\\\/l21.mx\\\/\",\"name\":\"Revista Latitud 21\",\"description\":\"Emprendedores  y negocios en el Caribe Mexicano\",\"publisher\":{\"@id\":\"https:\\\/\\\/l21.mx\\\/#organization\"},\"potentialAction\":[{\"@type\":\"SearchAction\",\"target\":{\"@type\":\"EntryPoint\",\"urlTemplate\":\"https:\\\/\\\/l21.mx\\\/?s={search_term_string}\"},\"query-input\":{\"@type\":\"PropertyValueSpecification\",\"valueRequired\":true,\"valueName\":\"search_term_string\"}}],\"inLanguage\":\"es\"},{\"@type\":\"Organization\",\"@id\":\"https:\\\/\\\/l21.mx\\\/#organization\",\"name\":\"Grupo Editorial Latitud 21 SA de CV\",\"url\":\"https:\\\/\\\/l21.mx\\\/\",\"logo\":{\"@type\":\"ImageObject\",\"inLanguage\":\"es\",\"@id\":\"https:\\\/\\\/l21.mx\\\/#\\\/schema\\\/logo\\\/image\\\/\",\"url\":\"https:\\\/\\\/l21.mx\\\/wp-content\\\/uploads\\\/2020\\\/10\\\/logo-l21-baja.jpg\",\"contentUrl\":\"https:\\\/\\\/l21.mx\\\/wp-content\\\/uploads\\\/2020\\\/10\\\/logo-l21-baja.jpg\",\"width\":250,\"height\":250,\"caption\":\"Grupo Editorial Latitud 21 SA de CV\"},\"image\":{\"@id\":\"https:\\\/\\\/l21.mx\\\/#\\\/schema\\\/logo\\\/image\\\/\"},\"sameAs\":[\"https:\\\/\\\/www.facebook.com\\\/RevistaLatitud21\\\/\",\"https:\\\/\\\/x.com\\\/Latitud21mx\"]},{\"@type\":\"Person\",\"@id\":\"https:\\\/\\\/l21.mx\\\/#\\\/schema\\\/person\\\/cca68595b80b2f6c4c55a8b254bfbb2a\",\"name\":\"NellyG\",\"url\":\"https:\\\/\\\/l21.mx\\\/?author=100\"}]}<\/script>\n<!-- \/ Yoast SEO plugin. -->","yoast_head_json":{"title":"Otorga Mara Lezama certeza jur\u00eddica a familias de Canc\u00fan con entrega de t\u00edtulos de propiedad | Revista Latitud 21","description":"L21, Emprendedores y Negocios en el Caribe Mexicano, es la revista l\u00edder entre el Sector Empresarial y Tur\u00edstico del Caribe Mexicano.","robots":{"index":"index","follow":"follow","max-snippet":"max-snippet:-1","max-image-preview":"max-image-preview:large","max-video-preview":"max-video-preview:-1"},"canonical":"https:\/\/l21.mx\/?p=61469","twitter_card":"summary_large_image","twitter_title":"Otorga Mara Lezama certeza jur\u00eddica a familias de Canc\u00fan con entrega de t\u00edtulos de propiedad | Revista Latitud 21","twitter_description":"L21, Emprendedores y Negocios en el Caribe Mexicano, es la revista l\u00edder entre el Sector Empresarial y Tur\u00edstico del Caribe Mexicano.","twitter_image":"https:\/\/l21.mx\/wp-content\/uploads\/2023\/09\/WhatsApp-Image-2023-09-06-at-13.46.33.jpeg","twitter_creator":"@Latitud21mx","twitter_site":"@Latitud21mx","twitter_misc":{"Escrito por":"NellyG","Tiempo de lectura":"3 minutos"},"schema":{"@context":"https:\/\/schema.org","@graph":[{"@type":"Article","@id":"https:\/\/l21.mx\/?p=61469#article","isPartOf":{"@id":"https:\/\/l21.mx\/?p=61469"},"author":{"name":"NellyG","@id":"https:\/\/l21.mx\/#\/schema\/person\/cca68595b80b2f6c4c55a8b254bfbb2a"},"headline":"Otorga Mara Lezama certeza jur\u00eddica a familias de Canc\u00fan con entrega de t\u00edtulos de propiedad","datePublished":"2023-09-06T18:54:41+00:00","dateModified":"2023-09-06T18:55:24+00:00","mainEntityOfPage":{"@id":"https:\/\/l21.mx\/?p=61469"},"wordCount":484,"publisher":{"@id":"https:\/\/l21.mx\/#organization"},"image":{"@id":"https:\/\/l21.mx\/?p=61469#primaryimage"},"thumbnailUrl":"https:\/\/l21.mx\/wp-content\/uploads\/2023\/09\/WhatsApp-Image-2023-09-06-at-13.46.33.jpeg","articleSection":["Noticias","Quintana Roo"],"inLanguage":"es"},{"@type":"WebPage","@id":"https:\/\/l21.mx\/?p=61469","url":"https:\/\/l21.mx\/?p=61469","name":"Otorga Mara Lezama certeza jur\u00eddica a familias de Canc\u00fan con entrega de t\u00edtulos de propiedad | Revista Latitud 21","isPartOf":{"@id":"https:\/\/l21.mx\/#website"},"primaryImageOfPage":{"@id":"https:\/\/l21.mx\/?p=61469#primaryimage"},"image":{"@id":"https:\/\/l21.mx\/?p=61469#primaryimage"},"thumbnailUrl":"https:\/\/l21.mx\/wp-content\/uploads\/2023\/09\/WhatsApp-Image-2023-09-06-at-13.46.33.jpeg","datePublished":"2023-09-06T18:54:41+00:00","dateModified":"2023-09-06T18:55:24+00:00","description":"L21, Emprendedores y Negocios en el Caribe Mexicano, es la revista l\u00edder entre el Sector Empresarial y Tur\u00edstico del Caribe Mexicano.","breadcrumb":{"@id":"https:\/\/l21.mx\/?p=61469#breadcrumb"},"inLanguage":"es","potentialAction":[{"@type":"ReadAction","target":["https:\/\/l21.mx\/?p=61469"]}]},{"@type":"ImageObject","inLanguage":"es","@id":"https:\/\/l21.mx\/?p=61469#primaryimage","url":"https:\/\/l21.mx\/wp-content\/uploads\/2023\/09\/WhatsApp-Image-2023-09-06-at-13.46.33.jpeg","contentUrl":"https:\/\/l21.mx\/wp-content\/uploads\/2023\/09\/WhatsApp-Image-2023-09-06-at-13.46.33.jpeg","width":1600,"height":1066},{"@type":"BreadcrumbList","@id":"https:\/\/l21.mx\/?p=61469#breadcrumb","itemListElement":[{"@type":"ListItem","position":1,"name":"Portada","item":"https:\/\/l21.mx\/"},{"@type":"ListItem","position":2,"name":"Otorga Mara Lezama certeza jur\u00eddica a familias de Canc\u00fan con entrega de t\u00edtulos de propiedad"}]},{"@type":"WebSite","@id":"https:\/\/l21.mx\/#website","url":"https:\/\/l21.mx\/","name":"Revista Latitud 21","description":"Emprendedores  y negocios en el Caribe Mexicano","publisher":{"@id":"https:\/\/l21.mx\/#organization"},"potentialAction":[{"@type":"SearchAction","target":{"@type":"EntryPoint","urlTemplate":"https:\/\/l21.mx\/?s={search_term_string}"},"query-input":{"@type":"PropertyValueSpecification","valueRequired":true,"valueName":"search_term_string"}}],"inLanguage":"es"},{"@type":"Organization","@id":"https:\/\/l21.mx\/#organization","name":"Grupo Editorial Latitud 21 SA de CV","url":"https:\/\/l21.mx\/","logo":{"@type":"ImageObject","inLanguage":"es","@id":"https:\/\/l21.mx\/#\/schema\/logo\/image\/","url":"https:\/\/l21.mx\/wp-content\/uploads\/2020\/10\/logo-l21-baja.jpg","contentUrl":"https:\/\/l21.mx\/wp-content\/uploads\/2020\/10\/logo-l21-baja.jpg","width":250,"height":250,"caption":"Grupo Editorial Latitud 21 SA de CV"},"image":{"@id":"https:\/\/l21.mx\/#\/schema\/logo\/image\/"},"sameAs":["https:\/\/www.facebook.com\/RevistaLatitud21\/","https:\/\/x.com\/Latitud21mx"]},{"@type":"Person","@id":"https:\/\/l21.mx\/#\/schema\/person\/cca68595b80b2f6c4c55a8b254bfbb2a","name":"NellyG","url":"https:\/\/l21.mx\/?author=100"}]}},"amp_enabled":true,"_links":{"self":[{"href":"https:\/\/l21.mx\/index.php?rest_route=\/wp\/v2\/posts\/61469","targetHints":{"allow":["GET"]}}],"collection":[{"href":"https:\/\/l21.mx\/index.php?rest_route=\/wp\/v2\/posts"}],"about":[{"href":"https:\/\/l21.mx\/index.php?rest_route=\/wp\/v2\/types\/post"}],"author":[{"embeddable":true,"href":"https:\/\/l21.mx\/index.php?rest_route=\/wp\/v2\/users\/100"}],"replies":[{"embeddable":true,"href":"https:\/\/l21.mx\/index.php?rest_route=%2Fwp%2Fv2%2Fcomments&post=61469"}],"version-history":[{"count":1,"href":"https:\/\/l21.mx\/index.php?rest_route=\/wp\/v2\/posts\/61469\/revisions"}],"predecessor-version":[{"id":61473,"href":"https:\/\/l21.mx\/index.php?rest_route=\/wp\/v2\/posts\/61469\/revisions\/61473"}],"wp:featuredmedia":[{"embeddable":true,"href":"https:\/\/l21.mx\/index.php?rest_route=\/wp\/v2\/media\/61472"}],"wp:attachment":[{"href":"https:\/\/l21.mx\/index.php?rest_route=%2Fwp%2Fv2%2Fmedia&parent=61469"}],"wp:term":[{"taxonomy":"category","embeddable":true,"href":"https:\/\/l21.mx\/index.php?rest_route=%2Fwp%2Fv2%2Fcategories&post=61469"},{"taxonomy":"post_tag","embeddable":true,"href":"https:\/\/l21.mx\/index.php?rest_route=%2Fwp%2Fv2%2Ftags&post=61469"}],"curies":[{"name":"wp","href":"https:\/\/api.w.org\/{rel}","templated":true}]}}