{"id":61491,"date":"2023-09-07T15:30:23","date_gmt":"2023-09-07T20:30:23","guid":{"rendered":"https:\/\/l21.mx\/?p=61491"},"modified":"2023-09-07T15:30:23","modified_gmt":"2023-09-07T20:30:23","slug":"dolphin-discovery-conmemora-el-dia-internacional-del-manati","status":"publish","type":"post","link":"https:\/\/l21.mx\/?p=61491","title":{"rendered":"Dolphin Discovery conmemora el D\u00eda Internacional del Manat\u00ed"},"content":{"rendered":"<p><strong><em>Canc\u00fan, Quintana Roo a 07 de septiembre, 2023.-<\/em><\/strong> <strong>Dolphin Discovery<\/strong>, marca de h\u00e1bitats para la interacci\u00f3n con mam\u00edferos marinos de la familia <strong>The Dolphin Company<\/strong>, operador de parques con presencia mundial, anunci\u00f3 la conmemoraci\u00f3n del <strong>D\u00eda Internacional del Manat\u00ed.<\/strong> Por s\u00e9ptimo a\u00f1o consecutivo, <strong>Dolphin Discovery<\/strong> realizar\u00e1 diversas actividades para concientizar a ni\u00f1os, ni\u00f1as, adolescentes y adultos del Estado acerca de la importancia del cuidado de la especie.<\/p>\n<p><a href=\"https:\/\/l21.mx\/wp-content\/uploads\/2023\/09\/dolphin-dia-del-manati-4.jpeg\" data-rel=\"penci-gallery-image-content\" ><img fetchpriority=\"high\" decoding=\"async\" class=\"alignnone size-medium wp-image-61494\" src=\"https:\/\/l21.mx\/wp-content\/uploads\/2023\/09\/dolphin-dia-del-manati-4-300x194.jpeg\" alt=\"\" width=\"300\" height=\"194\" srcset=\"https:\/\/l21.mx\/wp-content\/uploads\/2023\/09\/dolphin-dia-del-manati-4-300x194.jpeg 300w, https:\/\/l21.mx\/wp-content\/uploads\/2023\/09\/dolphin-dia-del-manati-4-1024x662.jpeg 1024w, https:\/\/l21.mx\/wp-content\/uploads\/2023\/09\/dolphin-dia-del-manati-4-768x496.jpeg 768w, https:\/\/l21.mx\/wp-content\/uploads\/2023\/09\/dolphin-dia-del-manati-4-1536x993.jpeg 1536w, https:\/\/l21.mx\/wp-content\/uploads\/2023\/09\/dolphin-dia-del-manati-4-1200x776.jpeg 1200w, https:\/\/l21.mx\/wp-content\/uploads\/2023\/09\/dolphin-dia-del-manati-4-1170x756.jpeg 1170w, https:\/\/l21.mx\/wp-content\/uploads\/2023\/09\/dolphin-dia-del-manati-4-585x378.jpeg 585w, https:\/\/l21.mx\/wp-content\/uploads\/2023\/09\/dolphin-dia-del-manati-4.jpeg 1600w\" sizes=\"(max-width: 300px) 100vw, 300px\" \/><\/a><\/p>\n<p>El manat\u00ed es una especie en peligro de extinci\u00f3n que <strong>Dolphin Discovery<\/strong> ha albergado en tres de sus h\u00e1bitats, Isla Mujeres, Puerto Aventuras y Cozumel, desde hace varios a\u00f1os con el firme objetivo de preservar la especie. En estos h\u00e1bitats, gracias al Programa de Reproducci\u00f3n Miracle de <strong>Dolphin Discovery, <\/strong>han nacido cr\u00edas de manat\u00ed, lo cual ayuda a la conservaci\u00f3n de la especie. Adem\u00e1s, gracias a que los visitantes tienen la oportunidad de conocer al manat\u00ed y convivir con \u00e9l, logran un mayor entendimiento acerca de sus cuidados y el de su h\u00e1bitat, inspirando tambi\u00e9n a otros en su entorno a hacerlo.<\/p>\n<p>&nbsp;<\/p>\n<p>La <strong>Conmemoraci\u00f3n del D\u00eda del Manat\u00ed<\/strong> se desarrollar\u00e1 en la semana del 18 al 22 de septiembre y estas ser\u00e1n las actividades:<\/p>\n<p>&nbsp;<\/p>\n<div class=\"pcrstb-wrap\"><table>\n<tbody>\n<tr>\n<td width=\"150\"><strong>FECHA<\/strong><\/td>\n<td width=\"150\"><strong>ACTIVIDAD<\/strong><\/td>\n<td width=\"150\"><strong>HORARIO<\/strong><\/td>\n<td width=\"150\"><strong>UBICACI\u00d3N<\/strong><\/td>\n<\/tr>\n<tr>\n<td width=\"150\"><strong>18 al 20 de septiembre<\/strong><\/td>\n<td width=\"150\">Los manat\u00edes visitan tu escuela<\/td>\n<td width=\"150\">08:00 a.m. a 04:00 p.m.<\/td>\n<td width=\"150\">Canc\u00fan y Playa del Carmen<\/td>\n<\/tr>\n<tr>\n<td width=\"150\"><strong>21 de septiembre<\/strong><\/td>\n<td width=\"150\">Ciclo de conferencias y talleres<\/td>\n<td width=\"150\">09:00 a.m. a 01:00 p.m.<\/td>\n<td width=\"150\">Ka\u2019Yok\u2019 Planetario de Canc\u00fan<\/td>\n<\/tr>\n<tr>\n<td width=\"150\"><strong>22 de septiembre<\/strong><\/td>\n<td width=\"150\">4\u00b0 Rally Manat\u00ed<\/td>\n<td width=\"150\">09:00 a.m. a 01:00 p.m.<\/td>\n<td width=\"150\">Dolphin Discovery Puerto Aventuras<\/td>\n<\/tr>\n<\/tbody>\n<\/table><\/div>\n<p>&nbsp;<\/p>\n<p><em>\u201cEl manat\u00ed es una especie poco conocida para la mayor\u00eda de la poblaci\u00f3n, sin embargo, es una especie muy noble y que act\u00faa como reguladora del medio ambiente. Nuestro objetivo con este evento es que los ni\u00f1os, ni\u00f1as, adolescentes y adultos que asistan a nuestras actividades lo conozcan, comprendan y cuiden, porque la presencia del ser humano en su h\u00e1bitat est\u00e1 haciendo que la especie se extinga y no lo podemos permitir, pero para evitarlo necesitamos el apoyo de todos\u201d, <\/em>coment\u00f3 <strong>Rosy Cerrillos, Gerente Corporativo de Especialistas en Mam\u00edferos Marinos de The Dolphin Company<\/strong>.<\/p>\n<p><a href=\"https:\/\/l21.mx\/wp-content\/uploads\/2023\/09\/dolphin-dia-del-manati-2.jpeg\" data-rel=\"penci-gallery-image-content\" ><img decoding=\"async\" class=\"alignnone size-medium wp-image-61492\" src=\"https:\/\/l21.mx\/wp-content\/uploads\/2023\/09\/dolphin-dia-del-manati-2-300x200.jpeg\" alt=\"\" width=\"300\" height=\"200\" srcset=\"https:\/\/l21.mx\/wp-content\/uploads\/2023\/09\/dolphin-dia-del-manati-2-300x200.jpeg 300w, https:\/\/l21.mx\/wp-content\/uploads\/2023\/09\/dolphin-dia-del-manati-2-1024x682.jpeg 1024w, https:\/\/l21.mx\/wp-content\/uploads\/2023\/09\/dolphin-dia-del-manati-2-768x512.jpeg 768w, https:\/\/l21.mx\/wp-content\/uploads\/2023\/09\/dolphin-dia-del-manati-2-1536x1023.jpeg 1536w, https:\/\/l21.mx\/wp-content\/uploads\/2023\/09\/dolphin-dia-del-manati-2-1200x800.jpeg 1200w, https:\/\/l21.mx\/wp-content\/uploads\/2023\/09\/dolphin-dia-del-manati-2-1170x780.jpeg 1170w, https:\/\/l21.mx\/wp-content\/uploads\/2023\/09\/dolphin-dia-del-manati-2-585x390.jpeg 585w, https:\/\/l21.mx\/wp-content\/uploads\/2023\/09\/dolphin-dia-del-manati-2-263x175.jpeg 263w, https:\/\/l21.mx\/wp-content\/uploads\/2023\/09\/dolphin-dia-del-manati-2.jpeg 1600w\" sizes=\"(max-width: 300px) 100vw, 300px\" \/><\/a><\/p>\n<p><em>\u00a0<\/em>Se espera la participaci\u00f3n de m\u00e1s de 500 personas durante la <strong>Conmemoraci\u00f3n del D\u00eda del Manat\u00ed<\/strong>, entre los cuales se encontrar\u00e1n ni\u00f1os, ni\u00f1as y adolescentes provenientes de diversas escuelas e instituciones para personas con discapacidad visual y auditiva, los cuales podr\u00e1n disfrutar de las actividades con el apoyo de int\u00e9rpretes de la Lengua de Se\u00f1as Mexicana y material en braille.<\/p>\n<p><a href=\"https:\/\/l21.mx\/wp-content\/uploads\/2023\/09\/dolphin-dia-del-manati-3.jpeg\" data-rel=\"penci-gallery-image-content\" ><img decoding=\"async\" class=\"alignnone size-medium wp-image-61493\" src=\"https:\/\/l21.mx\/wp-content\/uploads\/2023\/09\/dolphin-dia-del-manati-3-240x300.jpeg\" alt=\"\" width=\"240\" height=\"300\" srcset=\"https:\/\/l21.mx\/wp-content\/uploads\/2023\/09\/dolphin-dia-del-manati-3-240x300.jpeg 240w, https:\/\/l21.mx\/wp-content\/uploads\/2023\/09\/dolphin-dia-del-manati-3-820x1024.jpeg 820w, https:\/\/l21.mx\/wp-content\/uploads\/2023\/09\/dolphin-dia-del-manati-3-768x959.jpeg 768w, https:\/\/l21.mx\/wp-content\/uploads\/2023\/09\/dolphin-dia-del-manati-3-721x900.jpeg 721w, https:\/\/l21.mx\/wp-content\/uploads\/2023\/09\/dolphin-dia-del-manati-3-585x731.jpeg 585w, https:\/\/l21.mx\/wp-content\/uploads\/2023\/09\/dolphin-dia-del-manati-3.jpeg 1081w\" sizes=\"(max-width: 240px) 100vw, 240px\" \/><\/a><\/p>\n","protected":false},"excerpt":{"rendered":"<p>Canc\u00fan, Quintana Roo a 07 de septiembre, 2023.- Dolphin Discovery, marca de h\u00e1bitats para la interacci\u00f3n&hellip;<\/p>\n","protected":false},"author":100,"featured_media":61495,"comment_status":"closed","ping_status":"closed","sticky":false,"template":"","format":"standard","meta":{"_acf_changed":false,"_lmt_disableupdate":"","_lmt_disable":"","_mbp_gutenberg_autopost":false,"footnotes":""},"categories":[23,1656],"tags":[],"class_list":["post-61491","post","type-post","status-publish","format-standard","has-post-thumbnail","hentry","category-noticias","category-quintana-roo"],"acf":[],"_links":{"self":[{"href":"https:\/\/l21.mx\/index.php?rest_route=\/wp\/v2\/posts\/61491","targetHints":{"allow":["GET"]}}],"collection":[{"href":"https:\/\/l21.mx\/index.php?rest_route=\/wp\/v2\/posts"}],"about":[{"href":"https:\/\/l21.mx\/index.php?rest_route=\/wp\/v2\/types\/post"}],"author":[{"embeddable":true,"href":"https:\/\/l21.mx\/index.php?rest_route=\/wp\/v2\/users\/100"}],"replies":[{"embeddable":true,"href":"https:\/\/l21.mx\/index.php?rest_route=%2Fwp%2Fv2%2Fcomments&post=61491"}],"version-history":[{"count":0,"href":"https:\/\/l21.mx\/index.php?rest_route=\/wp\/v2\/posts\/61491\/revisions"}],"wp:featuredmedia":[{"embeddable":true,"href":"https:\/\/l21.mx\/index.php?rest_route=\/wp\/v2\/media\/61495"}],"wp:attachment":[{"href":"https:\/\/l21.mx\/index.php?rest_route=%2Fwp%2Fv2%2Fmedia&parent=61491"}],"wp:term":[{"taxonomy":"category","embeddable":true,"href":"https:\/\/l21.mx\/index.php?rest_route=%2Fwp%2Fv2%2Fcategories&post=61491"},{"taxonomy":"post_tag","embeddable":true,"href":"https:\/\/l21.mx\/index.php?rest_route=%2Fwp%2Fv2%2Ftags&post=61491"}],"curies":[{"name":"wp","href":"https:\/\/api.w.org\/{rel}","templated":true}]}}