{"id":61553,"date":"2023-09-08T18:43:47","date_gmt":"2023-09-08T23:43:47","guid":{"rendered":"https:\/\/l21.mx\/?p=61553"},"modified":"2023-09-08T18:43:47","modified_gmt":"2023-09-08T23:43:47","slug":"gobierno-de-quintana-roo-firma-carta-de-intencion-para-el-desarrollo-sostenible-y-sustentable-con-embajada-de-los-paises-bajos","status":"publish","type":"post","link":"https:\/\/l21.mx\/?p=61553","title":{"rendered":"Gobierno de Quintana Roo firma Carta de Intenci\u00f3n para el desarrollo sostenible y sustentable con Embajada de los Pa\u00edses Bajos"},"content":{"rendered":"<p>&nbsp;<\/p>\n<p>-A trav\u00e9s de la SEMA, se buscar\u00e1 la gesti\u00f3n y conservaci\u00f3n del agua y el medio ambiente<\/p>\n<p>Ciudad de M\u00e9xico &#8211; Con el objetivo de colaborar en temas de medio ambiente, el gobierno que encabeza la gobernadora Mara Lezama Espinosa, a trav\u00e9s de la secretaria de Ecolog\u00eda y Medio Ambiente, Huguette Hern\u00e1ndez G\u00f3mez, firm\u00f3 una Carta de Intenci\u00f3n con Wilfred Mohr, embajador del Reino de los Pa\u00edses Bajos en M\u00e9xico.<\/p>\n<p>Para dar seguimiento al Nuevo Acuerdo por el Bienestar y Desarrollo de Quintana Roo que promueve el cuidado del medio ambiente y la conservaci\u00f3n de los recursos naturales que favorezcan el desarrollo sostenible, sustentable e integral y mejoren las condiciones de vida de la poblaci\u00f3n, se firma esta Carta de Intenci\u00f3n, la cual se centra en la gesti\u00f3n y conservaci\u00f3n del agua y el medio ambiente.<\/p>\n<p><a href=\"https:\/\/l21.mx\/wp-content\/uploads\/2023\/09\/WhatsApp-Image-2023-09-08-at-14.48.09.jpeg\" data-rel=\"penci-gallery-image-content\" ><img fetchpriority=\"high\" decoding=\"async\" class=\"alignnone size-medium wp-image-61555\" src=\"https:\/\/l21.mx\/wp-content\/uploads\/2023\/09\/WhatsApp-Image-2023-09-08-at-14.48.09-218x300.jpeg\" alt=\"\" width=\"218\" height=\"300\" srcset=\"https:\/\/l21.mx\/wp-content\/uploads\/2023\/09\/WhatsApp-Image-2023-09-08-at-14.48.09-218x300.jpeg 218w, https:\/\/l21.mx\/wp-content\/uploads\/2023\/09\/WhatsApp-Image-2023-09-08-at-14.48.09-744x1024.jpeg 744w, https:\/\/l21.mx\/wp-content\/uploads\/2023\/09\/WhatsApp-Image-2023-09-08-at-14.48.09-768x1057.jpeg 768w, https:\/\/l21.mx\/wp-content\/uploads\/2023\/09\/WhatsApp-Image-2023-09-08-at-14.48.09-1116x1536.jpeg 1116w, https:\/\/l21.mx\/wp-content\/uploads\/2023\/09\/WhatsApp-Image-2023-09-08-at-14.48.09-654x900.jpeg 654w, https:\/\/l21.mx\/wp-content\/uploads\/2023\/09\/WhatsApp-Image-2023-09-08-at-14.48.09-585x806.jpeg 585w, https:\/\/l21.mx\/wp-content\/uploads\/2023\/09\/WhatsApp-Image-2023-09-08-at-14.48.09.jpeg 1162w\" sizes=\"(max-width: 218px) 100vw, 218px\" \/><\/a><\/p>\n<p>La firma de esta Carta responde a la preocupaci\u00f3n por el cambio clim\u00e1tico y sus impactos, as\u00ed como el aumento del nivel del mar y las inundaciones costeras, la sequ\u00eda y el calor extremo, el aumento en la frecuencia e intensidad de eventos clim\u00e1ticos severos y fen\u00f3menos ambientales como la llegada masiva de sargazo a las costas mexicanas.<\/p>\n<p>Dicho convenio entre Quintana Roo y los Pa\u00edses Bajos, permitir\u00e1 identificar posibilidades de colaboraci\u00f3n en temas como: gobernanza ambiental incluyendo pol\u00edticas p\u00fablicas y legislaci\u00f3n; gesti\u00f3n costera, incluyendo restauraci\u00f3n y conservaci\u00f3n; gesti\u00f3n sostenible del sargazo; soluciones basadas en la naturaleza; tecnolog\u00edas del agua y el medio ambiente; tratamiento de aguas residuales y saneamiento; econom\u00eda circular, entre otros.<\/p>\n<p>La Carta tambi\u00e9n propone explorar posibles fuentes de financiamiento para inversiones del sector p\u00fablico o privado y hasta internacionales, apoyando ambas partes, para obtener los recursos que contribuyan a fomentar la biodiversidad y apoyar el bienestar de las sociedades y las generaciones futuras, para unos medios de vida pr\u00f3speros y sostenibles, basados en la inclusi\u00f3n social y la conservaci\u00f3n del medio ambiente.<\/p>\n<p>Cabe se\u00f1alar que M\u00e9xico es un pa\u00eds prioritario bajo la Ambici\u00f3n Internacional Holandesa por el Agua (NIWA), y bajo el Programa Socios por el Agua, los Pa\u00edses Bajos y M\u00e9xico han trabajado juntos hacia la resili<\/p>\n","protected":false},"excerpt":{"rendered":"<p>&nbsp; -A trav\u00e9s de la SEMA, se buscar\u00e1 la gesti\u00f3n y conservaci\u00f3n del agua y el&hellip;<\/p>\n","protected":false},"author":100,"featured_media":61554,"comment_status":"closed","ping_status":"closed","sticky":false,"template":"","format":"standard","meta":{"_acf_changed":false,"_lmt_disableupdate":"","_lmt_disable":"","_mbp_gutenberg_autopost":false,"footnotes":""},"categories":[23,1656],"tags":[],"class_list":["post-61553","post","type-post","status-publish","format-standard","has-post-thumbnail","hentry","category-noticias","category-quintana-roo"],"acf":[],"_links":{"self":[{"href":"https:\/\/l21.mx\/index.php?rest_route=\/wp\/v2\/posts\/61553","targetHints":{"allow":["GET"]}}],"collection":[{"href":"https:\/\/l21.mx\/index.php?rest_route=\/wp\/v2\/posts"}],"about":[{"href":"https:\/\/l21.mx\/index.php?rest_route=\/wp\/v2\/types\/post"}],"author":[{"embeddable":true,"href":"https:\/\/l21.mx\/index.php?rest_route=\/wp\/v2\/users\/100"}],"replies":[{"embeddable":true,"href":"https:\/\/l21.mx\/index.php?rest_route=%2Fwp%2Fv2%2Fcomments&post=61553"}],"version-history":[{"count":0,"href":"https:\/\/l21.mx\/index.php?rest_route=\/wp\/v2\/posts\/61553\/revisions"}],"wp:featuredmedia":[{"embeddable":true,"href":"https:\/\/l21.mx\/index.php?rest_route=\/wp\/v2\/media\/61554"}],"wp:attachment":[{"href":"https:\/\/l21.mx\/index.php?rest_route=%2Fwp%2Fv2%2Fmedia&parent=61553"}],"wp:term":[{"taxonomy":"category","embeddable":true,"href":"https:\/\/l21.mx\/index.php?rest_route=%2Fwp%2Fv2%2Fcategories&post=61553"},{"taxonomy":"post_tag","embeddable":true,"href":"https:\/\/l21.mx\/index.php?rest_route=%2Fwp%2Fv2%2Ftags&post=61553"}],"curies":[{"name":"wp","href":"https:\/\/api.w.org\/{rel}","templated":true}]}}