{"id":6160,"date":"2014-02-28T10:46:45","date_gmt":"2014-02-28T16:46:45","guid":{"rendered":"http:\/\/innovatori.space\/lat21\/?p=6160"},"modified":"2014-02-28T10:46:45","modified_gmt":"2014-02-28T16:46:45","slug":"%e2%86%91%e2%86%91-mccarthy%c2%b4s-irish-pub","status":"publish","type":"post","link":"https:\/\/l21.mx\/?p=6160","title":{"rendered":"\u2191\u2191  McCarthy\u00b4s Irish Pub"},"content":{"rendered":"<p><a href=\"http:\/\/l21.mx\/wp-content\/uploads\/2014\/02\/McCarthy\u00b4s-Irish-Pub-.jpg\" data-rel=\"penci-gallery-image-content\" ><img fetchpriority=\"high\" decoding=\"async\" class=\"alignleft size-medium wp-image-6161\" title=\"McCarthy\u00b4s  Irish Pub\" src=\"http:\/\/l21.mx\/wp-content\/uploads\/2014\/02\/McCarthy\u00b4s-Irish-Pub--300x199.jpg\" alt=\"\" width=\"300\" height=\"199\" srcset=\"https:\/\/l21.mx\/wp-content\/uploads\/2014\/02\/McCarthy\u00b4s-Irish-Pub--300x199.jpg 300w, https:\/\/l21.mx\/wp-content\/uploads\/2014\/02\/McCarthy\u00b4s-Irish-Pub--768x510.jpg 768w, https:\/\/l21.mx\/wp-content\/uploads\/2014\/02\/McCarthy\u00b4s-Irish-Pub--780x516.jpg 780w, https:\/\/l21.mx\/wp-content\/uploads\/2014\/02\/McCarthy\u00b4s-Irish-Pub--585x389.jpg 585w, https:\/\/l21.mx\/wp-content\/uploads\/2014\/02\/McCarthy\u00b4s-Irish-Pub--263x175.jpg 263w, https:\/\/l21.mx\/wp-content\/uploads\/2014\/02\/McCarthy\u00b4s-Irish-Pub-.jpg 939w\" sizes=\"(max-width: 300px) 100vw, 300px\" \/><\/a>Con toda la tradici\u00f3n y el sabor irland\u00e9s, que comenz\u00f3 el abuelo McCarthy, abre sus puertas en Canc\u00fan el pub y centro gastron\u00f3mico que revive\u00a0 las experiencias del pa\u00eds europeo con sus platillos, cuyas especialidades son las alitas, hamburguesas y cervezas artesanales, adem\u00e1s de m\u00fasica en vivo todos los d\u00edas. Superficie, 250 m2. Gener\u00f3 35 empleos directos e indirectos. Av. Bonampak esq. Av. Sayil, Plaza Solare, loc. 222. Tel. (998) 267- 72- 60, mcc.cancun@gmail.com. Facebook: McCarthy\u00b4s Irish Pub Canc\u00fan.<\/p>\n<div>\n<p>[editor]sube-y-baja[\/editor]<\/p>\n<div><\/div>\n<\/div>\n","protected":false},"excerpt":{"rendered":"<p>Con toda la tradici\u00f3n y el sabor irland\u00e9s, que comenz\u00f3 el abuelo McCarthy, abre sus puertas&hellip;<\/p>\n","protected":false},"author":2,"featured_media":6162,"comment_status":"open","ping_status":"open","sticky":false,"template":"","format":"standard","meta":{"_acf_changed":false,"_lmt_disableupdate":"","_lmt_disable":"","_mbp_gutenberg_autopost":false,"footnotes":""},"categories":[10],"tags":[],"class_list":["post-6160","post","type-post","status-publish","format-standard","has-post-thumbnail","hentry","category-sube-y-baja"],"acf":[],"_links":{"self":[{"href":"https:\/\/l21.mx\/index.php?rest_route=\/wp\/v2\/posts\/6160","targetHints":{"allow":["GET"]}}],"collection":[{"href":"https:\/\/l21.mx\/index.php?rest_route=\/wp\/v2\/posts"}],"about":[{"href":"https:\/\/l21.mx\/index.php?rest_route=\/wp\/v2\/types\/post"}],"author":[{"embeddable":true,"href":"https:\/\/l21.mx\/index.php?rest_route=\/wp\/v2\/users\/2"}],"replies":[{"embeddable":true,"href":"https:\/\/l21.mx\/index.php?rest_route=%2Fwp%2Fv2%2Fcomments&post=6160"}],"version-history":[{"count":0,"href":"https:\/\/l21.mx\/index.php?rest_route=\/wp\/v2\/posts\/6160\/revisions"}],"wp:featuredmedia":[{"embeddable":true,"href":"https:\/\/l21.mx\/index.php?rest_route=\/wp\/v2\/media\/6162"}],"wp:attachment":[{"href":"https:\/\/l21.mx\/index.php?rest_route=%2Fwp%2Fv2%2Fmedia&parent=6160"}],"wp:term":[{"taxonomy":"category","embeddable":true,"href":"https:\/\/l21.mx\/index.php?rest_route=%2Fwp%2Fv2%2Fcategories&post=6160"},{"taxonomy":"post_tag","embeddable":true,"href":"https:\/\/l21.mx\/index.php?rest_route=%2Fwp%2Fv2%2Ftags&post=6160"}],"curies":[{"name":"wp","href":"https:\/\/api.w.org\/{rel}","templated":true}]}}