{"id":61751,"date":"2023-09-03T15:53:46","date_gmt":"2023-09-03T20:53:46","guid":{"rendered":"https:\/\/l21.mx\/?p=61751"},"modified":"2023-09-14T15:55:07","modified_gmt":"2023-09-14T20:55:07","slug":"festeja-lili-campos-a-las-y-los-adultos-mayores-de-solidaridad","status":"publish","type":"post","link":"https:\/\/l21.mx\/?p=61751","title":{"rendered":"Festeja Lili Campos a las y los adultos mayores de Solidaridad"},"content":{"rendered":"<p>&nbsp;<\/p>\n<p>\u2022 Son importantes para nuestra sociedad, pues aportan sabidur\u00eda y experiencia, dijo<\/p>\n<p><a href=\"https:\/\/l21.mx\/wp-content\/uploads\/2023\/09\/WhatsApp-Image-2023-09-03-at-16.52.39.jpeg\" data-rel=\"penci-gallery-image-content\" ><img fetchpriority=\"high\" decoding=\"async\" class=\"alignnone size-medium wp-image-61752\" src=\"https:\/\/l21.mx\/wp-content\/uploads\/2023\/09\/WhatsApp-Image-2023-09-03-at-16.52.39-300x200.jpeg\" alt=\"\" width=\"300\" height=\"200\" srcset=\"https:\/\/l21.mx\/wp-content\/uploads\/2023\/09\/WhatsApp-Image-2023-09-03-at-16.52.39-300x200.jpeg 300w, https:\/\/l21.mx\/wp-content\/uploads\/2023\/09\/WhatsApp-Image-2023-09-03-at-16.52.39-1024x682.jpeg 1024w, https:\/\/l21.mx\/wp-content\/uploads\/2023\/09\/WhatsApp-Image-2023-09-03-at-16.52.39-768x512.jpeg 768w, https:\/\/l21.mx\/wp-content\/uploads\/2023\/09\/WhatsApp-Image-2023-09-03-at-16.52.39-1200x800.jpeg 1200w, https:\/\/l21.mx\/wp-content\/uploads\/2023\/09\/WhatsApp-Image-2023-09-03-at-16.52.39-1170x780.jpeg 1170w, https:\/\/l21.mx\/wp-content\/uploads\/2023\/09\/WhatsApp-Image-2023-09-03-at-16.52.39-585x390.jpeg 585w, https:\/\/l21.mx\/wp-content\/uploads\/2023\/09\/WhatsApp-Image-2023-09-03-at-16.52.39-263x175.jpeg 263w, https:\/\/l21.mx\/wp-content\/uploads\/2023\/09\/WhatsApp-Image-2023-09-03-at-16.52.39.jpeg 1280w\" sizes=\"(max-width: 300px) 100vw, 300px\" \/><\/a><\/p>\n<p>Playa del Carmen, Solidaridad, 3 de septiembre del 2023.- \u00abYo quiero mucho a mi gente de Solidaridad y por eso quer\u00eda que este d\u00eda fuera especial para ustedes porque son importantes, son la sabidur\u00eda y experiencia as\u00ed que disfruten este d\u00eda al m\u00e1ximo\u00bb, expres\u00f3 la presidenta Lili Campos durante un desayuno organizado para adultos mayores de este municipio.<\/p>\n<p>La edil solidarense exhort\u00f3 a los adultos mayores a disfrutar de este evento organizado para ellos, \u00abque este y todos los d\u00edas sean felices, hoy son lo m\u00e1s Importante de nuestra sociedad, muchas gracias por brindarnos esta experiencia y por seguir d\u00e1ndonos sus consejos\u00bb.<\/p>\n<p>Por su parte, el presidente honorario de DIF, Cuauht\u00e9moc Escobedo Campos, dijo: \u00abagradezco que est\u00e9n en nuestras vidas, est\u00e9n aqu\u00ed para ense\u00f1arnos con consejos y memorias. Adem\u00e1s, agradezco el apoyo de la presidenta Lili Campos por estar al pendiente de cada uno de ustedes\u00bb.<\/p>\n<p><a href=\"https:\/\/l21.mx\/wp-content\/uploads\/2023\/09\/WhatsApp-Image-2023-09-03-at-16.52.40-1.jpeg\" data-rel=\"penci-gallery-image-content\" ><img decoding=\"async\" class=\"alignnone size-medium wp-image-61754\" src=\"https:\/\/l21.mx\/wp-content\/uploads\/2023\/09\/WhatsApp-Image-2023-09-03-at-16.52.40-1-300x200.jpeg\" alt=\"\" width=\"300\" height=\"200\" srcset=\"https:\/\/l21.mx\/wp-content\/uploads\/2023\/09\/WhatsApp-Image-2023-09-03-at-16.52.40-1-300x200.jpeg 300w, https:\/\/l21.mx\/wp-content\/uploads\/2023\/09\/WhatsApp-Image-2023-09-03-at-16.52.40-1-1024x682.jpeg 1024w, https:\/\/l21.mx\/wp-content\/uploads\/2023\/09\/WhatsApp-Image-2023-09-03-at-16.52.40-1-768x512.jpeg 768w, https:\/\/l21.mx\/wp-content\/uploads\/2023\/09\/WhatsApp-Image-2023-09-03-at-16.52.40-1-1200x800.jpeg 1200w, https:\/\/l21.mx\/wp-content\/uploads\/2023\/09\/WhatsApp-Image-2023-09-03-at-16.52.40-1-1170x780.jpeg 1170w, https:\/\/l21.mx\/wp-content\/uploads\/2023\/09\/WhatsApp-Image-2023-09-03-at-16.52.40-1-585x390.jpeg 585w, https:\/\/l21.mx\/wp-content\/uploads\/2023\/09\/WhatsApp-Image-2023-09-03-at-16.52.40-1-263x175.jpeg 263w, https:\/\/l21.mx\/wp-content\/uploads\/2023\/09\/WhatsApp-Image-2023-09-03-at-16.52.40-1.jpeg 1280w\" sizes=\"(max-width: 300px) 100vw, 300px\" \/><\/a><\/p>\n<p>Este evento estuvo amenizado por la comediante yucateca Tila Mar\u00eda Sesto quien desde muy temprano con su humor, contagi\u00f3 de alegr\u00eda a las y los adultos mayores.<\/p>\n","protected":false},"excerpt":{"rendered":"<p>&nbsp; \u2022 Son importantes para nuestra sociedad, pues aportan sabidur\u00eda y experiencia, dijo Playa del Carmen,&hellip;<\/p>\n","protected":false},"author":100,"featured_media":61753,"comment_status":"closed","ping_status":"closed","sticky":false,"template":"","format":"standard","meta":{"_acf_changed":false,"_lmt_disableupdate":"","_lmt_disable":"","_mbp_gutenberg_autopost":false,"footnotes":""},"categories":[1654],"tags":[],"class_list":["post-61751","post","type-post","status-publish","format-standard","has-post-thumbnail","hentry","category-solidaridad"],"acf":[],"_links":{"self":[{"href":"https:\/\/l21.mx\/index.php?rest_route=\/wp\/v2\/posts\/61751","targetHints":{"allow":["GET"]}}],"collection":[{"href":"https:\/\/l21.mx\/index.php?rest_route=\/wp\/v2\/posts"}],"about":[{"href":"https:\/\/l21.mx\/index.php?rest_route=\/wp\/v2\/types\/post"}],"author":[{"embeddable":true,"href":"https:\/\/l21.mx\/index.php?rest_route=\/wp\/v2\/users\/100"}],"replies":[{"embeddable":true,"href":"https:\/\/l21.mx\/index.php?rest_route=%2Fwp%2Fv2%2Fcomments&post=61751"}],"version-history":[{"count":0,"href":"https:\/\/l21.mx\/index.php?rest_route=\/wp\/v2\/posts\/61751\/revisions"}],"wp:featuredmedia":[{"embeddable":true,"href":"https:\/\/l21.mx\/index.php?rest_route=\/wp\/v2\/media\/61753"}],"wp:attachment":[{"href":"https:\/\/l21.mx\/index.php?rest_route=%2Fwp%2Fv2%2Fmedia&parent=61751"}],"wp:term":[{"taxonomy":"category","embeddable":true,"href":"https:\/\/l21.mx\/index.php?rest_route=%2Fwp%2Fv2%2Fcategories&post=61751"},{"taxonomy":"post_tag","embeddable":true,"href":"https:\/\/l21.mx\/index.php?rest_route=%2Fwp%2Fv2%2Ftags&post=61751"}],"curies":[{"name":"wp","href":"https:\/\/api.w.org\/{rel}","templated":true}]}}