{"id":6176,"date":"2014-02-28T10:52:41","date_gmt":"2014-02-28T16:52:41","guid":{"rendered":"http:\/\/innovatori.space\/lat21\/?p=6176"},"modified":"2014-02-28T10:52:51","modified_gmt":"2014-02-28T16:52:51","slug":"%e2%86%91%e2%86%91sport-city","status":"publish","type":"post","link":"https:\/\/l21.mx\/?p=6176","title":{"rendered":"\u2193\u2193 Sport City"},"content":{"rendered":"<p><a href=\"http:\/\/l21.mx\/wp-content\/uploads\/2014\/02\/Sport-City-.jpg\" data-rel=\"penci-gallery-image-content\" ><img decoding=\"async\" class=\"alignleft size-medium wp-image-6177\" title=\"Sport City\" src=\"http:\/\/l21.mx\/wp-content\/uploads\/2014\/02\/Sport-City--300x153.jpg\" alt=\"\" width=\"300\" height=\"153\" srcset=\"https:\/\/l21.mx\/wp-content\/uploads\/2014\/02\/Sport-City--300x153.jpg 300w, https:\/\/l21.mx\/wp-content\/uploads\/2014\/02\/Sport-City--1024x523.jpg 1024w, https:\/\/l21.mx\/wp-content\/uploads\/2014\/02\/Sport-City--768x393.jpg 768w, https:\/\/l21.mx\/wp-content\/uploads\/2014\/02\/Sport-City--1170x598.jpg 1170w, https:\/\/l21.mx\/wp-content\/uploads\/2014\/02\/Sport-City--585x299.jpg 585w, https:\/\/l21.mx\/wp-content\/uploads\/2014\/02\/Sport-City-.jpg 1336w\" sizes=\"(max-width: 300px) 100vw, 300px\" \/><\/a>Luego de 10 a\u00f1os de actividad ininterrumpida, el 31 de enero pasado cerr\u00f3 sus puertas en Canc\u00fan la firma de fitness club Sport City. Operaba en la avenida Tulum, frente a Plaza Las Am\u00e9ricas, y ocupaba una superficie de casi cinco mil 200 m2, con un completo sistema de aparatos y un City Caf\u00e9.<\/p>\n<div>\n<p>[editor]sube-y-baja[\/editor]<\/p>\n<\/div>\n","protected":false},"excerpt":{"rendered":"<p>Luego de 10 a\u00f1os de actividad ininterrumpida, el 31 de enero pasado cerr\u00f3 sus puertas en&hellip;<\/p>\n","protected":false},"author":2,"featured_media":6178,"comment_status":"open","ping_status":"open","sticky":false,"template":"","format":"standard","meta":{"_acf_changed":false,"_lmt_disableupdate":"","_lmt_disable":"","_mbp_gutenberg_autopost":false,"footnotes":""},"categories":[10],"tags":[],"class_list":["post-6176","post","type-post","status-publish","format-standard","has-post-thumbnail","hentry","category-sube-y-baja"],"acf":[],"_links":{"self":[{"href":"https:\/\/l21.mx\/index.php?rest_route=\/wp\/v2\/posts\/6176","targetHints":{"allow":["GET"]}}],"collection":[{"href":"https:\/\/l21.mx\/index.php?rest_route=\/wp\/v2\/posts"}],"about":[{"href":"https:\/\/l21.mx\/index.php?rest_route=\/wp\/v2\/types\/post"}],"author":[{"embeddable":true,"href":"https:\/\/l21.mx\/index.php?rest_route=\/wp\/v2\/users\/2"}],"replies":[{"embeddable":true,"href":"https:\/\/l21.mx\/index.php?rest_route=%2Fwp%2Fv2%2Fcomments&post=6176"}],"version-history":[{"count":0,"href":"https:\/\/l21.mx\/index.php?rest_route=\/wp\/v2\/posts\/6176\/revisions"}],"wp:featuredmedia":[{"embeddable":true,"href":"https:\/\/l21.mx\/index.php?rest_route=\/wp\/v2\/media\/6178"}],"wp:attachment":[{"href":"https:\/\/l21.mx\/index.php?rest_route=%2Fwp%2Fv2%2Fmedia&parent=6176"}],"wp:term":[{"taxonomy":"category","embeddable":true,"href":"https:\/\/l21.mx\/index.php?rest_route=%2Fwp%2Fv2%2Fcategories&post=6176"},{"taxonomy":"post_tag","embeddable":true,"href":"https:\/\/l21.mx\/index.php?rest_route=%2Fwp%2Fv2%2Ftags&post=6176"}],"curies":[{"name":"wp","href":"https:\/\/api.w.org\/{rel}","templated":true}]}}