{"id":61805,"date":"2023-09-14T17:24:37","date_gmt":"2023-09-14T22:24:37","guid":{"rendered":"https:\/\/l21.mx\/?p=61805"},"modified":"2023-09-14T17:24:37","modified_gmt":"2023-09-14T22:24:37","slug":"en-puerto-morelos-trabajamos-por-un-municipio-con-progreso-y-justicia-social-blanca-merari","status":"publish","type":"post","link":"https:\/\/l21.mx\/?p=61805","title":{"rendered":"En Puerto Morelos trabajamos por un municipio con progreso y justicia social: Blanca Merari"},"content":{"rendered":"<p>*La presidenta municipal rinde su Segundo Informe de Gobierno del estado que guarda la administraci\u00f3n p\u00fablica, marco en el que agradece respaldo de la gobernadora Mara Lezama<\/p>\n<p><a href=\"https:\/\/l21.mx\/wp-content\/uploads\/2023\/09\/WhatsApp-Image-2023-09-14-at-14.20.00.jpeg\" data-rel=\"penci-gallery-image-content\" ><img decoding=\"async\" class=\"alignnone size-medium wp-image-61808\" src=\"https:\/\/l21.mx\/wp-content\/uploads\/2023\/09\/WhatsApp-Image-2023-09-14-at-14.20.00-300x163.jpeg\" alt=\"\" width=\"300\" height=\"163\" srcset=\"https:\/\/l21.mx\/wp-content\/uploads\/2023\/09\/WhatsApp-Image-2023-09-14-at-14.20.00-300x163.jpeg 300w, https:\/\/l21.mx\/wp-content\/uploads\/2023\/09\/WhatsApp-Image-2023-09-14-at-14.20.00-1024x555.jpeg 1024w, https:\/\/l21.mx\/wp-content\/uploads\/2023\/09\/WhatsApp-Image-2023-09-14-at-14.20.00-768x416.jpeg 768w, https:\/\/l21.mx\/wp-content\/uploads\/2023\/09\/WhatsApp-Image-2023-09-14-at-14.20.00-1200x651.jpeg 1200w, https:\/\/l21.mx\/wp-content\/uploads\/2023\/09\/WhatsApp-Image-2023-09-14-at-14.20.00-1170x634.jpeg 1170w, https:\/\/l21.mx\/wp-content\/uploads\/2023\/09\/WhatsApp-Image-2023-09-14-at-14.20.00-585x317.jpeg 585w, https:\/\/l21.mx\/wp-content\/uploads\/2023\/09\/WhatsApp-Image-2023-09-14-at-14.20.00.jpeg 1280w\" sizes=\"(max-width: 300px) 100vw, 300px\" \/><\/a><br \/>\nPuerto Morelos, Quintana Roo, 14 de septiembre de 2023.\u2014 La presidenta municipal Blanca Merari Tziu Mu\u00f1oz afirm\u00f3 hoy, en el marco de su Segundo Informe de Gobierno, que Puerto Morelos est\u00e1 en la ruta correcta y asumi\u00f3 el compromiso de continuar el trabajo para que el progreso y la justicia social se afiancen en Puerto Morelos, de la misma forma como est\u00e1n llegando a todos los rincones del Estado.<br \/>\nDurante la Sexta Sesi\u00f3n Solemne de Cabildo, que se llev\u00f3 a cabo en el domo deportivo de la colonia Joaqu\u00edn Zetina Gasca, declarado recinto oficial, y en presencia de la gobernadora Mara Lezama Espinosa; el presidente del Tribunal Superior de Justicia, Heyden Cebada Rivas, y el diputado Ren\u00e1n S\u00e1nchez Tajonar, en representaci\u00f3n de la XVII Legislatura del Congreso del Estado, la Alcaldesa se\u00f1al\u00f3 que, de la mano con la sociedad recorri\u00f3 en los dos primeros un camino de retos, pero tambi\u00e9n de transformaci\u00f3n, trabajo y optimismo.<br \/>\n\u201cTenemos la fortuna de coincidir con el trabajo incansable y sensibilidad de nuestra Gobernadora, quien nos mostr\u00f3 el camino al hacer, de su primer a\u00f1o de gobierno, un a\u00f1o hist\u00f3rico; tambi\u00e9n coincidimos en un momento fundamental para el pa\u00eds con el gobierno del presidente Andr\u00e9s Manuel L\u00f3pez Obrador. Desde aqu\u00ed, se\u00f1or Presidente, quiero expresarle mi cari\u00f1o y reconocimiento a nombre de Puerto Morelos; con base en su ejemplo estamos limpiando la casa y trabajando por un gobierno de honestidad y valiente\u201d, remarc\u00f3.<\/p>\n<p><a href=\"https:\/\/l21.mx\/wp-content\/uploads\/2023\/09\/WhatsApp-Image-2023-09-14-at-14.19.58-1.jpeg\" data-rel=\"penci-gallery-image-content\" ><img fetchpriority=\"high\" decoding=\"async\" class=\"alignnone size-medium wp-image-61806\" src=\"https:\/\/l21.mx\/wp-content\/uploads\/2023\/09\/WhatsApp-Image-2023-09-14-at-14.19.58-1-300x216.jpeg\" alt=\"\" width=\"300\" height=\"216\" srcset=\"https:\/\/l21.mx\/wp-content\/uploads\/2023\/09\/WhatsApp-Image-2023-09-14-at-14.19.58-1-300x216.jpeg 300w, https:\/\/l21.mx\/wp-content\/uploads\/2023\/09\/WhatsApp-Image-2023-09-14-at-14.19.58-1-1024x738.jpeg 1024w, https:\/\/l21.mx\/wp-content\/uploads\/2023\/09\/WhatsApp-Image-2023-09-14-at-14.19.58-1-768x553.jpeg 768w, https:\/\/l21.mx\/wp-content\/uploads\/2023\/09\/WhatsApp-Image-2023-09-14-at-14.19.58-1-1200x864.jpeg 1200w, https:\/\/l21.mx\/wp-content\/uploads\/2023\/09\/WhatsApp-Image-2023-09-14-at-14.19.58-1-1170x843.jpeg 1170w, https:\/\/l21.mx\/wp-content\/uploads\/2023\/09\/WhatsApp-Image-2023-09-14-at-14.19.58-1-585x421.jpeg 585w, https:\/\/l21.mx\/wp-content\/uploads\/2023\/09\/WhatsApp-Image-2023-09-14-at-14.19.58-1.jpeg 1280w\" sizes=\"(max-width: 300px) 100vw, 300px\" \/><\/a><br \/>\nAnte unos mil asistentes, Blanca Merari Tziu reiter\u00f3 que, de la mano de la Gobernadora y del Presidente de M\u00e9xico, inspirados en el proyecto de la Cuarta Transformaci\u00f3n, Puerto Morelos asume el compromiso de continuar la construcci\u00f3n de un nuevo pa\u00eds, de un nuevo estado y un mejor municipio, donde el progreso y la justicia social alcancen a todas y todos.<br \/>\nAsimismo, destac\u00f3 que, para pasar a la historia como gobierno de la Cuarta Transformaci\u00f3n es momento de poner ejemplo y exigir justicia contra quienes desfalcaron a Puerto Morelos. \u201cEn un ejercicio de profunda responsabilidad, tomamos la decisi\u00f3n de destinar parte de los recursos del 2023 para solventar las deudas que heredamos del gobierno pasado y que asfixiaban las finanzas municipales\u201d, expuso.<\/p>\n<p><a href=\"https:\/\/l21.mx\/wp-content\/uploads\/2023\/09\/WhatsApp-Image-2023-09-14-at-14.20.00-1.jpeg\" data-rel=\"penci-gallery-image-content\" ><img decoding=\"async\" class=\"alignnone size-medium wp-image-61809\" src=\"https:\/\/l21.mx\/wp-content\/uploads\/2023\/09\/WhatsApp-Image-2023-09-14-at-14.20.00-1-300x155.jpeg\" alt=\"\" width=\"300\" height=\"155\" srcset=\"https:\/\/l21.mx\/wp-content\/uploads\/2023\/09\/WhatsApp-Image-2023-09-14-at-14.20.00-1-300x155.jpeg 300w, https:\/\/l21.mx\/wp-content\/uploads\/2023\/09\/WhatsApp-Image-2023-09-14-at-14.20.00-1-1024x528.jpeg 1024w, https:\/\/l21.mx\/wp-content\/uploads\/2023\/09\/WhatsApp-Image-2023-09-14-at-14.20.00-1-768x396.jpeg 768w, https:\/\/l21.mx\/wp-content\/uploads\/2023\/09\/WhatsApp-Image-2023-09-14-at-14.20.00-1-1200x619.jpeg 1200w, https:\/\/l21.mx\/wp-content\/uploads\/2023\/09\/WhatsApp-Image-2023-09-14-at-14.20.00-1-1170x603.jpeg 1170w, https:\/\/l21.mx\/wp-content\/uploads\/2023\/09\/WhatsApp-Image-2023-09-14-at-14.20.00-1-585x302.jpeg 585w, https:\/\/l21.mx\/wp-content\/uploads\/2023\/09\/WhatsApp-Image-2023-09-14-at-14.20.00-1.jpeg 1280w\" sizes=\"(max-width: 300px) 100vw, 300px\" \/><\/a><br \/>\n\u201cFirmamos un Convenio con el IMSS para pagar, por concepto de Cuotas Obrero Patronales la deuda del gobierno pasado, que sumaba la cantidad de 33 millones 517 mil 242 pesos en 72 mensualidades. Asimismo, firmamos un Convenio por el adeudo con el IMSS por el concepto de Retiro, Cesant\u00eda y Vejez por la cantidad de 30 millones 928 mil 819 pesos, a cubrir desde este 2023 hasta 2027, en 10 pagos peri\u00f3dicos.<br \/>\nAl hacer un desglose del estado que guarda la administraci\u00f3n p\u00fablica municipal, record\u00f3 que, con apoyo del Cabildo y basados en resoluciones judiciales federales, pusieron manos a la obra para no afectar el inter\u00e9s p\u00fablico y se comenzaron a colocar, con recursos propios, nuevas luminarias en el municipio.<br \/>\n\u201cEn 2024 invertiremos m\u00e1s en alumbrado p\u00fablico porque nos comprometimos a devolver el brillo a Puerto Morelos y porque es un servicio p\u00fablico fundamental para la seguridad\u201d, abund\u00f3.<br \/>\nDe la misma manera, la Presidenta Municipal desglos\u00f3 logros alcanzados en cada uno de los cinco ejes del Plan Municipal de Desarrollo (PMD): Igualdad de oportunidades para el desarrollo humano; Trabajando por la seguridad y tranquilidad de tu familia; Turismo, desarrollo econ\u00f3mico y prosperidad; Desarrollo sostenible y gesti\u00f3n ambiental y Gesti\u00f3n y buen gobierno.<\/p>\n<p><a href=\"https:\/\/l21.mx\/wp-content\/uploads\/2023\/09\/WhatsApp-Image-2023-09-14-at-14.19.58.jpeg\" data-rel=\"penci-gallery-image-content\" ><img loading=\"lazy\" decoding=\"async\" class=\"alignnone size-medium wp-image-61810\" src=\"https:\/\/l21.mx\/wp-content\/uploads\/2023\/09\/WhatsApp-Image-2023-09-14-at-14.19.58-214x300.jpeg\" alt=\"\" width=\"214\" height=\"300\" srcset=\"https:\/\/l21.mx\/wp-content\/uploads\/2023\/09\/WhatsApp-Image-2023-09-14-at-14.19.58-214x300.jpeg 214w, https:\/\/l21.mx\/wp-content\/uploads\/2023\/09\/WhatsApp-Image-2023-09-14-at-14.19.58-730x1024.jpeg 730w, https:\/\/l21.mx\/wp-content\/uploads\/2023\/09\/WhatsApp-Image-2023-09-14-at-14.19.58-768x1077.jpeg 768w, https:\/\/l21.mx\/wp-content\/uploads\/2023\/09\/WhatsApp-Image-2023-09-14-at-14.19.58-642x900.jpeg 642w, https:\/\/l21.mx\/wp-content\/uploads\/2023\/09\/WhatsApp-Image-2023-09-14-at-14.19.58-585x820.jpeg 585w, https:\/\/l21.mx\/wp-content\/uploads\/2023\/09\/WhatsApp-Image-2023-09-14-at-14.19.58.jpeg 913w\" sizes=\"(max-width: 214px) 100vw, 214px\" \/><\/a><br \/>\nEs imposible pensar en progreso si no se empieza por cuidar a los sectores m\u00e1s vulnerables de la sociedad, dijo, para luego rese\u00f1ar acciones a favor de adultos mayores, personas con discapacidad, prevenci\u00f3n de violencia intrafamiliar, entrega de apoyo alimentario a los m\u00e1s desprotegidos, educaci\u00f3n, deporte y atenci\u00f3n a la juventud, entre otras cosas.<br \/>\nDel mismo modo, Blanca Merari detall\u00f3 acciones emprendidas con apoyo del Gobierno Federal, por medio de la Semar, para atender la inseguridad, una reiterada demanda de los portomorelenses, adem\u00e1s de brindar capacitaci\u00f3n a los polic\u00edas, tecnolog\u00eda, veh\u00edculos y equipamiento para su mejor desempe\u00f1o. Remarc\u00f3 la instalaci\u00f3n de c\u00e1maras de videovigilancia y la compra de nuevas patrullas.<br \/>\nReconoci\u00f3, de la misma manera, que el turismo se consolida como motor econ\u00f3mico del municipio y actividad generadora de prosperidad, con estrategias para fortalecerlo, catapultarlo y reinventarlo bajo un nuevo modelo de bienestar compartido en el que todos los sectores de la sociedad se beneficien.<br \/>\nEntre otros temas, indic\u00f3 que, a diferencia de las administraciones anteriores, la suya se caracteriza por construir obra p\u00fablica \u00fatil, de beneficio colectivo, tangible y visible, con un programa de inversi\u00f3n p\u00fablica hist\u00f3rico y proyectos que buscan tambi\u00e9n la transformaci\u00f3n de Leona Vicario, que luce renovada, con espacios dignos para su gente y preparada para dar la bienvenida a cientos de visitantes que llegar\u00e1n con el Tren Maya. \u201cNunca m\u00e1s un Leona Vicario en el olvido\u201d, puntualiz\u00f3.<br \/>\nDurante su discurso, Blanca Merari Tziu reconoci\u00f3 el trabajo de cada uno de los integrantes del Cabildo, por todo el trabajo a favor de Puerto Morelos.<\/p>\n<p>&nbsp;<\/p>\n","protected":false},"excerpt":{"rendered":"<p>*La presidenta municipal rinde su Segundo Informe de Gobierno del estado que guarda la administraci\u00f3n p\u00fablica,&hellip;<\/p>\n","protected":false},"author":100,"featured_media":61807,"comment_status":"closed","ping_status":"closed","sticky":false,"template":"","format":"standard","meta":{"_acf_changed":false,"_lmt_disableupdate":"","_lmt_disable":"","_mbp_gutenberg_autopost":false,"footnotes":""},"categories":[23,1656],"tags":[],"class_list":["post-61805","post","type-post","status-publish","format-standard","has-post-thumbnail","hentry","category-noticias","category-quintana-roo"],"acf":[],"yoast_head":"<!-- This site is optimized with the Yoast SEO plugin v27.3 - https:\/\/yoast.com\/product\/yoast-seo-wordpress\/ -->\n<title>En Puerto Morelos trabajamos por un municipio con progreso y justicia social: Blanca Merari | Revista Latitud 21<\/title>\n<meta name=\"description\" content=\"L21, Emprendedores y Negocios en el Caribe Mexicano, es la revista l\u00edder entre el Sector Empresarial y Tur\u00edstico del Caribe Mexicano.\" \/>\n<meta name=\"robots\" content=\"index, follow, max-snippet:-1, max-image-preview:large, max-video-preview:-1\" \/>\n<link rel=\"canonical\" href=\"https:\/\/l21.mx\/?p=61805\" \/>\n<meta name=\"twitter:card\" content=\"summary_large_image\" \/>\n<meta name=\"twitter:title\" content=\"En Puerto Morelos trabajamos por un municipio con progreso y justicia social: Blanca Merari | Revista Latitud 21\" \/>\n<meta name=\"twitter:description\" content=\"L21, Emprendedores y Negocios en el Caribe Mexicano, es la revista l\u00edder entre el Sector Empresarial y Tur\u00edstico del Caribe Mexicano.\" \/>\n<meta name=\"twitter:image\" content=\"https:\/\/l21.mx\/wp-content\/uploads\/2023\/09\/WhatsApp-Image-2023-09-14-at-14.19.59.jpeg\" \/>\n<meta name=\"twitter:creator\" content=\"@Latitud21mx\" \/>\n<meta name=\"twitter:site\" content=\"@Latitud21mx\" \/>\n<meta name=\"twitter:label1\" content=\"Escrito por\" \/>\n\t<meta name=\"twitter:data1\" content=\"NellyG\" \/>\n\t<meta name=\"twitter:label2\" content=\"Tiempo de lectura\" \/>\n\t<meta name=\"twitter:data2\" content=\"5 minutos\" \/>\n<script type=\"application\/ld+json\" class=\"yoast-schema-graph\">{\"@context\":\"https:\\\/\\\/schema.org\",\"@graph\":[{\"@type\":\"Article\",\"@id\":\"https:\\\/\\\/l21.mx\\\/?p=61805#article\",\"isPartOf\":{\"@id\":\"https:\\\/\\\/l21.mx\\\/?p=61805\"},\"author\":{\"name\":\"NellyG\",\"@id\":\"https:\\\/\\\/l21.mx\\\/#\\\/schema\\\/person\\\/cca68595b80b2f6c4c55a8b254bfbb2a\"},\"headline\":\"En Puerto Morelos trabajamos por un municipio con progreso y justicia social: Blanca Merari\",\"datePublished\":\"2023-09-14T22:24:37+00:00\",\"mainEntityOfPage\":{\"@id\":\"https:\\\/\\\/l21.mx\\\/?p=61805\"},\"wordCount\":909,\"publisher\":{\"@id\":\"https:\\\/\\\/l21.mx\\\/#organization\"},\"image\":{\"@id\":\"https:\\\/\\\/l21.mx\\\/?p=61805#primaryimage\"},\"thumbnailUrl\":\"https:\\\/\\\/l21.mx\\\/wp-content\\\/uploads\\\/2023\\\/09\\\/WhatsApp-Image-2023-09-14-at-14.19.59.jpeg\",\"articleSection\":[\"Noticias\",\"Quintana Roo\"],\"inLanguage\":\"es\"},{\"@type\":\"WebPage\",\"@id\":\"https:\\\/\\\/l21.mx\\\/?p=61805\",\"url\":\"https:\\\/\\\/l21.mx\\\/?p=61805\",\"name\":\"En Puerto Morelos trabajamos por un municipio con progreso y justicia social: Blanca Merari | Revista Latitud 21\",\"isPartOf\":{\"@id\":\"https:\\\/\\\/l21.mx\\\/#website\"},\"primaryImageOfPage\":{\"@id\":\"https:\\\/\\\/l21.mx\\\/?p=61805#primaryimage\"},\"image\":{\"@id\":\"https:\\\/\\\/l21.mx\\\/?p=61805#primaryimage\"},\"thumbnailUrl\":\"https:\\\/\\\/l21.mx\\\/wp-content\\\/uploads\\\/2023\\\/09\\\/WhatsApp-Image-2023-09-14-at-14.19.59.jpeg\",\"datePublished\":\"2023-09-14T22:24:37+00:00\",\"description\":\"L21, Emprendedores y Negocios en el Caribe Mexicano, es la revista l\u00edder entre el Sector Empresarial y Tur\u00edstico del Caribe Mexicano.\",\"breadcrumb\":{\"@id\":\"https:\\\/\\\/l21.mx\\\/?p=61805#breadcrumb\"},\"inLanguage\":\"es\",\"potentialAction\":[{\"@type\":\"ReadAction\",\"target\":[\"https:\\\/\\\/l21.mx\\\/?p=61805\"]}]},{\"@type\":\"ImageObject\",\"inLanguage\":\"es\",\"@id\":\"https:\\\/\\\/l21.mx\\\/?p=61805#primaryimage\",\"url\":\"https:\\\/\\\/l21.mx\\\/wp-content\\\/uploads\\\/2023\\\/09\\\/WhatsApp-Image-2023-09-14-at-14.19.59.jpeg\",\"contentUrl\":\"https:\\\/\\\/l21.mx\\\/wp-content\\\/uploads\\\/2023\\\/09\\\/WhatsApp-Image-2023-09-14-at-14.19.59.jpeg\",\"width\":1280,\"height\":844},{\"@type\":\"BreadcrumbList\",\"@id\":\"https:\\\/\\\/l21.mx\\\/?p=61805#breadcrumb\",\"itemListElement\":[{\"@type\":\"ListItem\",\"position\":1,\"name\":\"Portada\",\"item\":\"https:\\\/\\\/l21.mx\\\/\"},{\"@type\":\"ListItem\",\"position\":2,\"name\":\"En Puerto Morelos trabajamos por un municipio con progreso y justicia social: Blanca Merari\"}]},{\"@type\":\"WebSite\",\"@id\":\"https:\\\/\\\/l21.mx\\\/#website\",\"url\":\"https:\\\/\\\/l21.mx\\\/\",\"name\":\"Revista Latitud 21\",\"description\":\"Emprendedores  y negocios en el Caribe Mexicano\",\"publisher\":{\"@id\":\"https:\\\/\\\/l21.mx\\\/#organization\"},\"potentialAction\":[{\"@type\":\"SearchAction\",\"target\":{\"@type\":\"EntryPoint\",\"urlTemplate\":\"https:\\\/\\\/l21.mx\\\/?s={search_term_string}\"},\"query-input\":{\"@type\":\"PropertyValueSpecification\",\"valueRequired\":true,\"valueName\":\"search_term_string\"}}],\"inLanguage\":\"es\"},{\"@type\":\"Organization\",\"@id\":\"https:\\\/\\\/l21.mx\\\/#organization\",\"name\":\"Grupo Editorial Latitud 21 SA de CV\",\"url\":\"https:\\\/\\\/l21.mx\\\/\",\"logo\":{\"@type\":\"ImageObject\",\"inLanguage\":\"es\",\"@id\":\"https:\\\/\\\/l21.mx\\\/#\\\/schema\\\/logo\\\/image\\\/\",\"url\":\"https:\\\/\\\/l21.mx\\\/wp-content\\\/uploads\\\/2020\\\/10\\\/logo-l21-baja.jpg\",\"contentUrl\":\"https:\\\/\\\/l21.mx\\\/wp-content\\\/uploads\\\/2020\\\/10\\\/logo-l21-baja.jpg\",\"width\":250,\"height\":250,\"caption\":\"Grupo Editorial Latitud 21 SA de CV\"},\"image\":{\"@id\":\"https:\\\/\\\/l21.mx\\\/#\\\/schema\\\/logo\\\/image\\\/\"},\"sameAs\":[\"https:\\\/\\\/www.facebook.com\\\/RevistaLatitud21\\\/\",\"https:\\\/\\\/x.com\\\/Latitud21mx\"]},{\"@type\":\"Person\",\"@id\":\"https:\\\/\\\/l21.mx\\\/#\\\/schema\\\/person\\\/cca68595b80b2f6c4c55a8b254bfbb2a\",\"name\":\"NellyG\",\"url\":\"https:\\\/\\\/l21.mx\\\/?author=100\"}]}<\/script>\n<!-- \/ Yoast SEO plugin. -->","yoast_head_json":{"title":"En Puerto Morelos trabajamos por un municipio con progreso y justicia social: Blanca Merari | Revista Latitud 21","description":"L21, Emprendedores y Negocios en el Caribe Mexicano, es la revista l\u00edder entre el Sector Empresarial y Tur\u00edstico del Caribe Mexicano.","robots":{"index":"index","follow":"follow","max-snippet":"max-snippet:-1","max-image-preview":"max-image-preview:large","max-video-preview":"max-video-preview:-1"},"canonical":"https:\/\/l21.mx\/?p=61805","twitter_card":"summary_large_image","twitter_title":"En Puerto Morelos trabajamos por un municipio con progreso y justicia social: Blanca Merari | Revista Latitud 21","twitter_description":"L21, Emprendedores y Negocios en el Caribe Mexicano, es la revista l\u00edder entre el Sector Empresarial y Tur\u00edstico del Caribe Mexicano.","twitter_image":"https:\/\/l21.mx\/wp-content\/uploads\/2023\/09\/WhatsApp-Image-2023-09-14-at-14.19.59.jpeg","twitter_creator":"@Latitud21mx","twitter_site":"@Latitud21mx","twitter_misc":{"Escrito por":"NellyG","Tiempo de lectura":"5 minutos"},"schema":{"@context":"https:\/\/schema.org","@graph":[{"@type":"Article","@id":"https:\/\/l21.mx\/?p=61805#article","isPartOf":{"@id":"https:\/\/l21.mx\/?p=61805"},"author":{"name":"NellyG","@id":"https:\/\/l21.mx\/#\/schema\/person\/cca68595b80b2f6c4c55a8b254bfbb2a"},"headline":"En Puerto Morelos trabajamos por un municipio con progreso y justicia social: Blanca Merari","datePublished":"2023-09-14T22:24:37+00:00","mainEntityOfPage":{"@id":"https:\/\/l21.mx\/?p=61805"},"wordCount":909,"publisher":{"@id":"https:\/\/l21.mx\/#organization"},"image":{"@id":"https:\/\/l21.mx\/?p=61805#primaryimage"},"thumbnailUrl":"https:\/\/l21.mx\/wp-content\/uploads\/2023\/09\/WhatsApp-Image-2023-09-14-at-14.19.59.jpeg","articleSection":["Noticias","Quintana Roo"],"inLanguage":"es"},{"@type":"WebPage","@id":"https:\/\/l21.mx\/?p=61805","url":"https:\/\/l21.mx\/?p=61805","name":"En Puerto Morelos trabajamos por un municipio con progreso y justicia social: Blanca Merari | Revista Latitud 21","isPartOf":{"@id":"https:\/\/l21.mx\/#website"},"primaryImageOfPage":{"@id":"https:\/\/l21.mx\/?p=61805#primaryimage"},"image":{"@id":"https:\/\/l21.mx\/?p=61805#primaryimage"},"thumbnailUrl":"https:\/\/l21.mx\/wp-content\/uploads\/2023\/09\/WhatsApp-Image-2023-09-14-at-14.19.59.jpeg","datePublished":"2023-09-14T22:24:37+00:00","description":"L21, Emprendedores y Negocios en el Caribe Mexicano, es la revista l\u00edder entre el Sector Empresarial y Tur\u00edstico del Caribe Mexicano.","breadcrumb":{"@id":"https:\/\/l21.mx\/?p=61805#breadcrumb"},"inLanguage":"es","potentialAction":[{"@type":"ReadAction","target":["https:\/\/l21.mx\/?p=61805"]}]},{"@type":"ImageObject","inLanguage":"es","@id":"https:\/\/l21.mx\/?p=61805#primaryimage","url":"https:\/\/l21.mx\/wp-content\/uploads\/2023\/09\/WhatsApp-Image-2023-09-14-at-14.19.59.jpeg","contentUrl":"https:\/\/l21.mx\/wp-content\/uploads\/2023\/09\/WhatsApp-Image-2023-09-14-at-14.19.59.jpeg","width":1280,"height":844},{"@type":"BreadcrumbList","@id":"https:\/\/l21.mx\/?p=61805#breadcrumb","itemListElement":[{"@type":"ListItem","position":1,"name":"Portada","item":"https:\/\/l21.mx\/"},{"@type":"ListItem","position":2,"name":"En Puerto Morelos trabajamos por un municipio con progreso y justicia social: Blanca Merari"}]},{"@type":"WebSite","@id":"https:\/\/l21.mx\/#website","url":"https:\/\/l21.mx\/","name":"Revista Latitud 21","description":"Emprendedores  y negocios en el Caribe Mexicano","publisher":{"@id":"https:\/\/l21.mx\/#organization"},"potentialAction":[{"@type":"SearchAction","target":{"@type":"EntryPoint","urlTemplate":"https:\/\/l21.mx\/?s={search_term_string}"},"query-input":{"@type":"PropertyValueSpecification","valueRequired":true,"valueName":"search_term_string"}}],"inLanguage":"es"},{"@type":"Organization","@id":"https:\/\/l21.mx\/#organization","name":"Grupo Editorial Latitud 21 SA de CV","url":"https:\/\/l21.mx\/","logo":{"@type":"ImageObject","inLanguage":"es","@id":"https:\/\/l21.mx\/#\/schema\/logo\/image\/","url":"https:\/\/l21.mx\/wp-content\/uploads\/2020\/10\/logo-l21-baja.jpg","contentUrl":"https:\/\/l21.mx\/wp-content\/uploads\/2020\/10\/logo-l21-baja.jpg","width":250,"height":250,"caption":"Grupo Editorial Latitud 21 SA de CV"},"image":{"@id":"https:\/\/l21.mx\/#\/schema\/logo\/image\/"},"sameAs":["https:\/\/www.facebook.com\/RevistaLatitud21\/","https:\/\/x.com\/Latitud21mx"]},{"@type":"Person","@id":"https:\/\/l21.mx\/#\/schema\/person\/cca68595b80b2f6c4c55a8b254bfbb2a","name":"NellyG","url":"https:\/\/l21.mx\/?author=100"}]}},"amp_enabled":true,"_links":{"self":[{"href":"https:\/\/l21.mx\/index.php?rest_route=\/wp\/v2\/posts\/61805","targetHints":{"allow":["GET"]}}],"collection":[{"href":"https:\/\/l21.mx\/index.php?rest_route=\/wp\/v2\/posts"}],"about":[{"href":"https:\/\/l21.mx\/index.php?rest_route=\/wp\/v2\/types\/post"}],"author":[{"embeddable":true,"href":"https:\/\/l21.mx\/index.php?rest_route=\/wp\/v2\/users\/100"}],"replies":[{"embeddable":true,"href":"https:\/\/l21.mx\/index.php?rest_route=%2Fwp%2Fv2%2Fcomments&post=61805"}],"version-history":[{"count":1,"href":"https:\/\/l21.mx\/index.php?rest_route=\/wp\/v2\/posts\/61805\/revisions"}],"predecessor-version":[{"id":61811,"href":"https:\/\/l21.mx\/index.php?rest_route=\/wp\/v2\/posts\/61805\/revisions\/61811"}],"wp:featuredmedia":[{"embeddable":true,"href":"https:\/\/l21.mx\/index.php?rest_route=\/wp\/v2\/media\/61807"}],"wp:attachment":[{"href":"https:\/\/l21.mx\/index.php?rest_route=%2Fwp%2Fv2%2Fmedia&parent=61805"}],"wp:term":[{"taxonomy":"category","embeddable":true,"href":"https:\/\/l21.mx\/index.php?rest_route=%2Fwp%2Fv2%2Fcategories&post=61805"},{"taxonomy":"post_tag","embeddable":true,"href":"https:\/\/l21.mx\/index.php?rest_route=%2Fwp%2Fv2%2Ftags&post=61805"}],"curies":[{"name":"wp","href":"https:\/\/api.w.org\/{rel}","templated":true}]}}