{"id":6181,"date":"2014-02-28T10:54:05","date_gmt":"2014-02-28T16:54:05","guid":{"rendered":"http:\/\/innovatori.space\/lat21\/?p=6181"},"modified":"2014-02-28T10:54:05","modified_gmt":"2014-02-28T16:54:05","slug":"%e2%86%93%e2%86%93-ac-muebles","status":"publish","type":"post","link":"https:\/\/l21.mx\/?p=6181","title":{"rendered":"\u2193\u2193 AC Muebles"},"content":{"rendered":"<p><a href=\"http:\/\/l21.mx\/wp-content\/uploads\/2014\/02\/ac-muebles.jpg\" data-rel=\"penci-gallery-image-content\" ><img decoding=\"async\" class=\"alignleft size-medium wp-image-6182\" title=\"ac muebles\" src=\"http:\/\/l21.mx\/wp-content\/uploads\/2014\/02\/ac-muebles-300x153.jpg\" alt=\"\" width=\"300\" height=\"153\" srcset=\"https:\/\/l21.mx\/wp-content\/uploads\/2014\/02\/ac-muebles-300x153.jpg 300w, https:\/\/l21.mx\/wp-content\/uploads\/2014\/02\/ac-muebles-1024x523.jpg 1024w, https:\/\/l21.mx\/wp-content\/uploads\/2014\/02\/ac-muebles-768x393.jpg 768w, https:\/\/l21.mx\/wp-content\/uploads\/2014\/02\/ac-muebles-1170x598.jpg 1170w, https:\/\/l21.mx\/wp-content\/uploads\/2014\/02\/ac-muebles-585x299.jpg 585w, https:\/\/l21.mx\/wp-content\/uploads\/2014\/02\/ac-muebles.jpg 1336w\" sizes=\"(max-width: 300px) 100vw, 300px\" \/><\/a>La tienda fabricante de muebles con dise\u00f1os propios\u00a0 y presencia tambi\u00e9n en Chetumal baj\u00f3 la cortina de su sucursal de la Gran Plaza Canc\u00fan, donde ten\u00eda en exhibici\u00f3n salas, rec\u00e1maras, l\u00ednea blanca e infantil, entre otros, en un piso de aproximadamente 250 m2.<\/p>\n<p>&nbsp;<\/p>\n<p>[editor]sube-y-baja[\/editor]<\/p>\n<div><\/div>\n<div><\/div>\n","protected":false},"excerpt":{"rendered":"<p>La tienda fabricante de muebles con dise\u00f1os propios\u00a0 y presencia tambi\u00e9n en Chetumal baj\u00f3 la cortina&hellip;<\/p>\n","protected":false},"author":2,"featured_media":6183,"comment_status":"open","ping_status":"open","sticky":false,"template":"","format":"standard","meta":{"_acf_changed":false,"_lmt_disableupdate":"","_lmt_disable":"","_mbp_gutenberg_autopost":false,"footnotes":""},"categories":[10],"tags":[],"class_list":["post-6181","post","type-post","status-publish","format-standard","has-post-thumbnail","hentry","category-sube-y-baja"],"acf":[],"_links":{"self":[{"href":"https:\/\/l21.mx\/index.php?rest_route=\/wp\/v2\/posts\/6181","targetHints":{"allow":["GET"]}}],"collection":[{"href":"https:\/\/l21.mx\/index.php?rest_route=\/wp\/v2\/posts"}],"about":[{"href":"https:\/\/l21.mx\/index.php?rest_route=\/wp\/v2\/types\/post"}],"author":[{"embeddable":true,"href":"https:\/\/l21.mx\/index.php?rest_route=\/wp\/v2\/users\/2"}],"replies":[{"embeddable":true,"href":"https:\/\/l21.mx\/index.php?rest_route=%2Fwp%2Fv2%2Fcomments&post=6181"}],"version-history":[{"count":0,"href":"https:\/\/l21.mx\/index.php?rest_route=\/wp\/v2\/posts\/6181\/revisions"}],"wp:featuredmedia":[{"embeddable":true,"href":"https:\/\/l21.mx\/index.php?rest_route=\/wp\/v2\/media\/6183"}],"wp:attachment":[{"href":"https:\/\/l21.mx\/index.php?rest_route=%2Fwp%2Fv2%2Fmedia&parent=6181"}],"wp:term":[{"taxonomy":"category","embeddable":true,"href":"https:\/\/l21.mx\/index.php?rest_route=%2Fwp%2Fv2%2Fcategories&post=6181"},{"taxonomy":"post_tag","embeddable":true,"href":"https:\/\/l21.mx\/index.php?rest_route=%2Fwp%2Fv2%2Ftags&post=6181"}],"curies":[{"name":"wp","href":"https:\/\/api.w.org\/{rel}","templated":true}]}}