{"id":61834,"date":"2023-09-15T23:02:57","date_gmt":"2023-09-16T04:02:57","guid":{"rendered":"https:\/\/l21.mx\/?p=61834"},"modified":"2023-09-15T23:02:57","modified_gmt":"2023-09-16T04:02:57","slug":"realizan-la-tradicional-liberacion-de-reos-en-solidaridad","status":"publish","type":"post","link":"https:\/\/l21.mx\/?p=61834","title":{"rendered":"Realizan la tradicional liberaci\u00f3n de reos en Solidaridad"},"content":{"rendered":"<p>&nbsp;<\/p>\n<p>\u2022 Como parte de las tradiciones y costumbres en ocasi\u00f3n de las celebraciones de las Fiestas Patrias<\/p>\n<p><a href=\"https:\/\/l21.mx\/wp-content\/uploads\/2023\/09\/WhatsApp-Image-2023-09-15-at-20.29.58.jpeg\" data-rel=\"penci-gallery-image-content\" ><img fetchpriority=\"high\" decoding=\"async\" class=\"alignnone size-medium wp-image-61835\" src=\"https:\/\/l21.mx\/wp-content\/uploads\/2023\/09\/WhatsApp-Image-2023-09-15-at-20.29.58-300x200.jpeg\" alt=\"\" width=\"300\" height=\"200\" srcset=\"https:\/\/l21.mx\/wp-content\/uploads\/2023\/09\/WhatsApp-Image-2023-09-15-at-20.29.58-300x200.jpeg 300w, https:\/\/l21.mx\/wp-content\/uploads\/2023\/09\/WhatsApp-Image-2023-09-15-at-20.29.58-1024x682.jpeg 1024w, https:\/\/l21.mx\/wp-content\/uploads\/2023\/09\/WhatsApp-Image-2023-09-15-at-20.29.58-768x512.jpeg 768w, https:\/\/l21.mx\/wp-content\/uploads\/2023\/09\/WhatsApp-Image-2023-09-15-at-20.29.58-1200x800.jpeg 1200w, https:\/\/l21.mx\/wp-content\/uploads\/2023\/09\/WhatsApp-Image-2023-09-15-at-20.29.58-1170x780.jpeg 1170w, https:\/\/l21.mx\/wp-content\/uploads\/2023\/09\/WhatsApp-Image-2023-09-15-at-20.29.58-585x390.jpeg 585w, https:\/\/l21.mx\/wp-content\/uploads\/2023\/09\/WhatsApp-Image-2023-09-15-at-20.29.58-263x175.jpeg 263w, https:\/\/l21.mx\/wp-content\/uploads\/2023\/09\/WhatsApp-Image-2023-09-15-at-20.29.58.jpeg 1280w\" sizes=\"(max-width: 300px) 100vw, 300px\" \/><\/a><\/p>\n<p>Playa del Carmen, Solidaridad, 15 de septiembre de 2023.- En Solidaridad se prosigue con la tradici\u00f3n iniciada por el cura Don Miguel Hidalgo y Costilla, por lo que la presidenta Lili Campos estuvo presente en la liberaci\u00f3n de 10 personas que cometieron infracciones menores, como parte de la tradici\u00f3n o costumbre de liberar reos cada a\u00f1o en los festejos de la Independencia de M\u00e9xico.<\/p>\n<p>La presidenta en su mensaje dijo: \u201choy me toca gobernar en compa\u00f1\u00eda de todo el equipo para sacar adelante al municipio, pero no puedo sola, necesito de todos y de todas. A nosotros no nos gusta detener a la gente, sin embargo, hay causas que la ley establece donde la polic\u00eda debe de hacer su labor y hoy se da esta liberaci\u00f3n como parte de una tradici\u00f3n\u201d.<\/p>\n<p><a href=\"https:\/\/l21.mx\/wp-content\/uploads\/2023\/09\/WhatsApp-Image-2023-09-15-at-20.29.59-1.jpeg\" data-rel=\"penci-gallery-image-content\" ><img decoding=\"async\" class=\"alignnone size-medium wp-image-61836\" src=\"https:\/\/l21.mx\/wp-content\/uploads\/2023\/09\/WhatsApp-Image-2023-09-15-at-20.29.59-1-300x200.jpeg\" alt=\"\" width=\"300\" height=\"200\" srcset=\"https:\/\/l21.mx\/wp-content\/uploads\/2023\/09\/WhatsApp-Image-2023-09-15-at-20.29.59-1-300x200.jpeg 300w, https:\/\/l21.mx\/wp-content\/uploads\/2023\/09\/WhatsApp-Image-2023-09-15-at-20.29.59-1-1024x682.jpeg 1024w, https:\/\/l21.mx\/wp-content\/uploads\/2023\/09\/WhatsApp-Image-2023-09-15-at-20.29.59-1-768x512.jpeg 768w, https:\/\/l21.mx\/wp-content\/uploads\/2023\/09\/WhatsApp-Image-2023-09-15-at-20.29.59-1-1200x800.jpeg 1200w, https:\/\/l21.mx\/wp-content\/uploads\/2023\/09\/WhatsApp-Image-2023-09-15-at-20.29.59-1-1170x780.jpeg 1170w, https:\/\/l21.mx\/wp-content\/uploads\/2023\/09\/WhatsApp-Image-2023-09-15-at-20.29.59-1-585x390.jpeg 585w, https:\/\/l21.mx\/wp-content\/uploads\/2023\/09\/WhatsApp-Image-2023-09-15-at-20.29.59-1-263x175.jpeg 263w, https:\/\/l21.mx\/wp-content\/uploads\/2023\/09\/WhatsApp-Image-2023-09-15-at-20.29.59-1.jpeg 1280w\" sizes=\"(max-width: 300px) 100vw, 300px\" \/><\/a><\/p>\n<p>En el acto estuvo presente Joel Francisco Su\u00e1rez G\u00f3ngora, secretario de Justicia C\u00edvica y Convivencia Humana, quien recalc\u00f3 que de los 10 infractores nueve de ellos fueron hombres y una mujer, siendo detenidos por faltas administrativas tales como escandalizar en la v\u00eda p\u00fablica, tomar en la calle, siendo estas conductas antisociales. \u201cComo justicia c\u00edvica estamos implementando este modelo el cual es restaurativo y preventivo\u201d dijo.<\/p>\n","protected":false},"excerpt":{"rendered":"<p>&nbsp; \u2022 Como parte de las tradiciones y costumbres en ocasi\u00f3n de las celebraciones de las&hellip;<\/p>\n","protected":false},"author":100,"featured_media":61837,"comment_status":"closed","ping_status":"closed","sticky":false,"template":"","format":"standard","meta":{"_acf_changed":false,"_lmt_disableupdate":"","_lmt_disable":"","_mbp_gutenberg_autopost":false,"footnotes":""},"categories":[1654],"tags":[],"class_list":["post-61834","post","type-post","status-publish","format-standard","has-post-thumbnail","hentry","category-solidaridad"],"acf":[],"_links":{"self":[{"href":"https:\/\/l21.mx\/index.php?rest_route=\/wp\/v2\/posts\/61834","targetHints":{"allow":["GET"]}}],"collection":[{"href":"https:\/\/l21.mx\/index.php?rest_route=\/wp\/v2\/posts"}],"about":[{"href":"https:\/\/l21.mx\/index.php?rest_route=\/wp\/v2\/types\/post"}],"author":[{"embeddable":true,"href":"https:\/\/l21.mx\/index.php?rest_route=\/wp\/v2\/users\/100"}],"replies":[{"embeddable":true,"href":"https:\/\/l21.mx\/index.php?rest_route=%2Fwp%2Fv2%2Fcomments&post=61834"}],"version-history":[{"count":0,"href":"https:\/\/l21.mx\/index.php?rest_route=\/wp\/v2\/posts\/61834\/revisions"}],"wp:featuredmedia":[{"embeddable":true,"href":"https:\/\/l21.mx\/index.php?rest_route=\/wp\/v2\/media\/61837"}],"wp:attachment":[{"href":"https:\/\/l21.mx\/index.php?rest_route=%2Fwp%2Fv2%2Fmedia&parent=61834"}],"wp:term":[{"taxonomy":"category","embeddable":true,"href":"https:\/\/l21.mx\/index.php?rest_route=%2Fwp%2Fv2%2Fcategories&post=61834"},{"taxonomy":"post_tag","embeddable":true,"href":"https:\/\/l21.mx\/index.php?rest_route=%2Fwp%2Fv2%2Ftags&post=61834"}],"curies":[{"name":"wp","href":"https:\/\/api.w.org\/{rel}","templated":true}]}}