{"id":62099,"date":"2023-09-21T18:33:13","date_gmt":"2023-09-21T23:33:13","guid":{"rendered":"https:\/\/l21.mx\/?p=62099"},"modified":"2023-09-21T18:33:13","modified_gmt":"2023-09-21T23:33:13","slug":"refuerzan-acciones-en-cancun-para-reconstruir-el-tejido-social","status":"publish","type":"post","link":"https:\/\/l21.mx\/?p=62099","title":{"rendered":"Refuerzan acciones en Canc\u00fan para reconstruir el tejido social"},"content":{"rendered":"<p>RECONSTRUYE ANA PATY PERALTA TEJIDO SOCIAL JUNTO A LOS CANCUNENSES<\/p>\n<p>\u2022 100 eventos de \u201cTodos por la paz\u201d realizados junto a la ciudadan\u00eda<br \/>\n\u2022 Primer municipio del Estado en armonizar con el nuevo Modelo Nacional y Estatal en materia de Seguridad Ciudadana<\/p>\n<p><a href=\"https:\/\/l21.mx\/wp-content\/uploads\/2023\/09\/WhatsApp-Image-2023-09-21-at-13.52.26.jpeg\" data-rel=\"penci-gallery-image-content\" ><img fetchpriority=\"high\" decoding=\"async\" class=\"alignnone size-medium wp-image-62100\" src=\"https:\/\/l21.mx\/wp-content\/uploads\/2023\/09\/WhatsApp-Image-2023-09-21-at-13.52.26-300x200.jpeg\" alt=\"\" width=\"300\" height=\"200\" srcset=\"https:\/\/l21.mx\/wp-content\/uploads\/2023\/09\/WhatsApp-Image-2023-09-21-at-13.52.26-300x200.jpeg 300w, https:\/\/l21.mx\/wp-content\/uploads\/2023\/09\/WhatsApp-Image-2023-09-21-at-13.52.26-1024x682.jpeg 1024w, https:\/\/l21.mx\/wp-content\/uploads\/2023\/09\/WhatsApp-Image-2023-09-21-at-13.52.26-768x512.jpeg 768w, https:\/\/l21.mx\/wp-content\/uploads\/2023\/09\/WhatsApp-Image-2023-09-21-at-13.52.26-1536x1023.jpeg 1536w, https:\/\/l21.mx\/wp-content\/uploads\/2023\/09\/WhatsApp-Image-2023-09-21-at-13.52.26-1200x800.jpeg 1200w, https:\/\/l21.mx\/wp-content\/uploads\/2023\/09\/WhatsApp-Image-2023-09-21-at-13.52.26-1170x780.jpeg 1170w, https:\/\/l21.mx\/wp-content\/uploads\/2023\/09\/WhatsApp-Image-2023-09-21-at-13.52.26-585x390.jpeg 585w, https:\/\/l21.mx\/wp-content\/uploads\/2023\/09\/WhatsApp-Image-2023-09-21-at-13.52.26-263x175.jpeg 263w, https:\/\/l21.mx\/wp-content\/uploads\/2023\/09\/WhatsApp-Image-2023-09-21-at-13.52.26.jpeg 1600w\" sizes=\"(max-width: 300px) 100vw, 300px\" \/><\/a><\/p>\n<p>En el marco del D\u00eda Internacional de la Paz y posterior a presentar su informe de gobierno, la presidenta municipal de Benito Ju\u00e1rez, Ana Paty Peralta, resalt\u00f3 los programas y acciones de gobierno realizadas para garantizar la reconstrucci\u00f3n del tejido social, impulsar el bienestar de las familias y construir una sociedad de paz, en la que las y los cancunenses puedan disfrutar en comunidad.<\/p>\n<p>La Alcaldesa destac\u00f3 que durante un a\u00f1o de trabajo se lograron realizar m\u00e1s de 100 eventos de la Estrategia Integral para la Prevenci\u00f3n de la Violencia y la Delincuencia \u201cTodos por la paz\u201d, en la que participaron miles de cancunenses para crear comunidad, convivir, acercarse a las autoridades y fomentar los valores de una sociedad pr\u00f3spera.<\/p>\n<p>\u201cPero estamos convencidos de que la paz en Canc\u00fan ser\u00e1 fruto de la justicia y esa justicia s\u00f3lo la alcanzaremos generando condiciones de bienestar social. Tengo la confianza de que lo lograremos juntos. Alcanzaremos en esta generaci\u00f3n la paz que tanto anhelamos y merecemos\u201d, afirm\u00f3 Ana Paty Peralta en su mensaje a la ciudadan\u00eda, en donde adem\u00e1s pudo convivir de cerca con ellos.<\/p>\n<p><a href=\"https:\/\/l21.mx\/wp-content\/uploads\/2023\/09\/WhatsApp-Image-2023-09-21-at-13.52.28.jpeg\" data-rel=\"penci-gallery-image-content\" ><img decoding=\"async\" class=\"alignnone size-medium wp-image-62102\" src=\"https:\/\/l21.mx\/wp-content\/uploads\/2023\/09\/WhatsApp-Image-2023-09-21-at-13.52.28-300x254.jpeg\" alt=\"\" width=\"300\" height=\"254\" srcset=\"https:\/\/l21.mx\/wp-content\/uploads\/2023\/09\/WhatsApp-Image-2023-09-21-at-13.52.28-300x254.jpeg 300w, https:\/\/l21.mx\/wp-content\/uploads\/2023\/09\/WhatsApp-Image-2023-09-21-at-13.52.28-1024x867.jpeg 1024w, https:\/\/l21.mx\/wp-content\/uploads\/2023\/09\/WhatsApp-Image-2023-09-21-at-13.52.28-768x650.jpeg 768w, https:\/\/l21.mx\/wp-content\/uploads\/2023\/09\/WhatsApp-Image-2023-09-21-at-13.52.28-1536x1300.jpeg 1536w, https:\/\/l21.mx\/wp-content\/uploads\/2023\/09\/WhatsApp-Image-2023-09-21-at-13.52.28-1064x900.jpeg 1064w, https:\/\/l21.mx\/wp-content\/uploads\/2023\/09\/WhatsApp-Image-2023-09-21-at-13.52.28-1170x990.jpeg 1170w, https:\/\/l21.mx\/wp-content\/uploads\/2023\/09\/WhatsApp-Image-2023-09-21-at-13.52.28-585x495.jpeg 585w, https:\/\/l21.mx\/wp-content\/uploads\/2023\/09\/WhatsApp-Image-2023-09-21-at-13.52.28.jpeg 1600w\" sizes=\"(max-width: 300px) 100vw, 300px\" \/><\/a><\/p>\n<p>Conforme a lo establecido en el Eje 4: Canc\u00fan por la Paz del Plan Municipal de Desarrollo, se llevaron a cabo diversas acciones en coordinaci\u00f3n entre los tres \u00f3rdenes de gobierno, iniciativa privada y sociedad civil para promover eventos deportivos, culturales e igualdad de g\u00e9nero, as\u00ed como operativos de seguridad que permitan tener los elementos suficientes para ser considerada una ciudad de paz.<\/p>\n<p>La Primera Autoridad Municipal destac\u00f3 que Benito Ju\u00e1rez se convirti\u00f3 en el primer municipio del Estado en armonizar con el nuevo Modelo Nacional y Estatal en materia de Seguridad Ciudadana, aprobando por unanimidad en sesi\u00f3n de Cabildo, los ajustes en los reglamentos de la Secretar\u00eda Municipal de Seguridad P\u00fablica y Tr\u00e1nsito, para convertirla en la Secretar\u00eda Municipal de Seguridad Ciudadana y Tr\u00e1nsito, contemplado la capacitaci\u00f3n de los elementos de la corporaci\u00f3n para migrar a las nuevas pol\u00edticas de construcci\u00f3n de paz.<\/p>\n<p><a href=\"https:\/\/l21.mx\/wp-content\/uploads\/2023\/09\/WhatsApp-Image-2023-09-21-at-13.52.27.jpeg\" data-rel=\"penci-gallery-image-content\" ><img decoding=\"async\" class=\"alignnone size-medium wp-image-62101\" src=\"https:\/\/l21.mx\/wp-content\/uploads\/2023\/09\/WhatsApp-Image-2023-09-21-at-13.52.27-300x225.jpeg\" alt=\"\" width=\"300\" height=\"225\" srcset=\"https:\/\/l21.mx\/wp-content\/uploads\/2023\/09\/WhatsApp-Image-2023-09-21-at-13.52.27-300x225.jpeg 300w, https:\/\/l21.mx\/wp-content\/uploads\/2023\/09\/WhatsApp-Image-2023-09-21-at-13.52.27-1024x768.jpeg 1024w, https:\/\/l21.mx\/wp-content\/uploads\/2023\/09\/WhatsApp-Image-2023-09-21-at-13.52.27-768x576.jpeg 768w, https:\/\/l21.mx\/wp-content\/uploads\/2023\/09\/WhatsApp-Image-2023-09-21-at-13.52.27-1536x1152.jpeg 1536w, https:\/\/l21.mx\/wp-content\/uploads\/2023\/09\/WhatsApp-Image-2023-09-21-at-13.52.27-1200x900.jpeg 1200w, https:\/\/l21.mx\/wp-content\/uploads\/2023\/09\/WhatsApp-Image-2023-09-21-at-13.52.27-1170x878.jpeg 1170w, https:\/\/l21.mx\/wp-content\/uploads\/2023\/09\/WhatsApp-Image-2023-09-21-at-13.52.27-585x439.jpeg 585w, https:\/\/l21.mx\/wp-content\/uploads\/2023\/09\/WhatsApp-Image-2023-09-21-at-13.52.27.jpeg 1600w\" sizes=\"(max-width: 300px) 100vw, 300px\" \/><\/a><\/p>\n<p>Adem\u00e1s, en materia de prevenci\u00f3n, durante el \u00faltimo a\u00f1o de gobierno, se realizaron 730 operativos en zonas identificadas de alto riesgo; 128 en bares, mil en comercios, adem\u00e1s de 27 mil 800 recorridos a los comercios adscritos al programa \u201cNegocio Seguro\u201d. En sinergia con la Secretar\u00eda de Marina (SEMAR), se realizaron 5 mil 887 operativos de Playa Segura y 5 mil 110 de Refuerzo, los cuales se mantienen activos en las playas: Las Perlas, Linda, Langosta, Tortugas, Caracol, Gaviotas, Chac Mool, Marl\u00edn, Ballenas, Puerto San Miguelito y Coral para resguardo a la integridad f\u00edsica de los ba\u00f1istas.<\/p>\n<p>Como resultado de estas y otras acciones se redujo m\u00e1s del 50 por ciento el n\u00famero de robos a unidades del 2022 a la fecha; y que de 309 veh\u00edculos robados, 301 se han recuperado, es decir, m\u00e1s del 98 ciento, gracias a los dispositivos de seguridad y vigilancia en la ciudad.<\/p>\n<p>***<\/p>\n<p>COMPLEMENTOS INFORMATIVOS<\/p>\n<p>CITA TEXTUAL:<br \/>\n\u201cVamos a pasar a un modelo m\u00e1s preventivo, en el que la seguridad, sea una garant\u00eda y un derecho para la ciudadan\u00eda, poniendo en el centro de sus acciones, el prevenir el delito, y la protecci\u00f3n de las personas, combatiendo el origen de las violencias. Reconozco a todos los integrantes del Cabildo por siempre tener la seguridad ciudadana como la prioridad en nuestras agendas.\u201d<\/p>\n<p>Ana Paty Peralta. Presidenta Municipal de Benito Ju\u00e1rez.<\/p>\n<p>NUMERARIAS:<\/p>\n<p>\u2022 44 mil 900 inspecciones a veh\u00edculos en filtros de inspecci\u00f3n y seguridad<br \/>\n\u2022 M\u00e1s de 2 mil 657 operativos en instituciones educativas<br \/>\n\u2022 M\u00e1s de 2 mil 603 operativos de patrullaje conforme al mapa geo-delictivo<br \/>\n\u2022 800 operativos a trav\u00e9s del programa \u201cEjerc\u00edtate Seguro\u201d<br \/>\n\u2022 145 comit\u00e9s vecinales integrados en zonas de mayor incidencia delictiva<br \/>\n\u2022 110 operativos en el programa \u201cObra Segura\u201d<br \/>\n\u2022 56 comit\u00e9s escolares de gesti\u00f3n de vinculaci\u00f3n, integrando a 424 padres de familia y personal de las escuelas de nivel b\u00e1sico<\/p>\n<p>HECHO:<\/p>\n<p>Dentro del contexto de \u201cEscuelas para todos\u201d se impartieron 103 pl\u00e1ticas a m\u00e1s de 14 mil 200 personas del sector educativo en prevenci\u00f3n a las conductas violentas, sin faltar la participaci\u00f3n de 2 mil 76 personas orientadas sobre la \u201cPromoci\u00f3n de la Cultura de la Paz y de la Legalidad\u201d, aunado con m\u00e1s de mil 200 ni\u00f1as y ni\u00f1os participantes en el programa \u201cJuguemos sin violencia\u201d, en fomento a la cultura de la no violencia.<\/p>\n","protected":false},"excerpt":{"rendered":"<p>RECONSTRUYE ANA PATY PERALTA TEJIDO SOCIAL JUNTO A LOS CANCUNENSES \u2022 100 eventos de \u201cTodos por&hellip;<\/p>\n","protected":false},"author":100,"featured_media":62103,"comment_status":"closed","ping_status":"closed","sticky":false,"template":"","format":"standard","meta":{"_acf_changed":false,"_lmt_disableupdate":"","_lmt_disable":"","_mbp_gutenberg_autopost":false,"footnotes":""},"categories":[1657],"tags":[],"class_list":["post-62099","post","type-post","status-publish","format-standard","has-post-thumbnail","hentry","category-benito-juarez"],"acf":[],"yoast_head":"<!-- This site is optimized with the Yoast SEO plugin v27.3 - https:\/\/yoast.com\/product\/yoast-seo-wordpress\/ -->\n<title>Refuerzan acciones en Canc\u00fan para reconstruir el tejido social | Revista Latitud 21<\/title>\n<meta name=\"description\" content=\"L21, Emprendedores y Negocios en el Caribe Mexicano, es la revista l\u00edder entre el Sector Empresarial y Tur\u00edstico del Caribe Mexicano.\" \/>\n<meta name=\"robots\" content=\"index, follow, max-snippet:-1, max-image-preview:large, max-video-preview:-1\" \/>\n<link rel=\"canonical\" href=\"https:\/\/l21.mx\/?p=62099\" \/>\n<meta name=\"twitter:card\" content=\"summary_large_image\" \/>\n<meta name=\"twitter:title\" content=\"Refuerzan acciones en Canc\u00fan para reconstruir el tejido social | Revista Latitud 21\" \/>\n<meta name=\"twitter:description\" content=\"L21, Emprendedores y Negocios en el Caribe Mexicano, es la revista l\u00edder entre el Sector Empresarial y Tur\u00edstico del Caribe Mexicano.\" \/>\n<meta name=\"twitter:image\" content=\"https:\/\/l21.mx\/wp-content\/uploads\/2023\/09\/WhatsApp-Image-2023-09-21-at-13.52.25.jpeg\" \/>\n<meta name=\"twitter:creator\" content=\"@Latitud21mx\" \/>\n<meta name=\"twitter:site\" content=\"@Latitud21mx\" \/>\n<meta name=\"twitter:label1\" content=\"Escrito por\" \/>\n\t<meta name=\"twitter:data1\" content=\"NellyG\" \/>\n\t<meta name=\"twitter:label2\" content=\"Tiempo de lectura\" \/>\n\t<meta name=\"twitter:data2\" content=\"4 minutos\" \/>\n<script type=\"application\/ld+json\" class=\"yoast-schema-graph\">{\"@context\":\"https:\\\/\\\/schema.org\",\"@graph\":[{\"@type\":\"Article\",\"@id\":\"https:\\\/\\\/l21.mx\\\/?p=62099#article\",\"isPartOf\":{\"@id\":\"https:\\\/\\\/l21.mx\\\/?p=62099\"},\"author\":{\"name\":\"NellyG\",\"@id\":\"https:\\\/\\\/l21.mx\\\/#\\\/schema\\\/person\\\/cca68595b80b2f6c4c55a8b254bfbb2a\"},\"headline\":\"Refuerzan acciones en Canc\u00fan para reconstruir el tejido social\",\"datePublished\":\"2023-09-21T23:33:13+00:00\",\"mainEntityOfPage\":{\"@id\":\"https:\\\/\\\/l21.mx\\\/?p=62099\"},\"wordCount\":788,\"publisher\":{\"@id\":\"https:\\\/\\\/l21.mx\\\/#organization\"},\"image\":{\"@id\":\"https:\\\/\\\/l21.mx\\\/?p=62099#primaryimage\"},\"thumbnailUrl\":\"https:\\\/\\\/l21.mx\\\/wp-content\\\/uploads\\\/2023\\\/09\\\/WhatsApp-Image-2023-09-21-at-13.52.25.jpeg\",\"articleSection\":[\"Benito Ju\u00e1rez\"],\"inLanguage\":\"es\"},{\"@type\":\"WebPage\",\"@id\":\"https:\\\/\\\/l21.mx\\\/?p=62099\",\"url\":\"https:\\\/\\\/l21.mx\\\/?p=62099\",\"name\":\"Refuerzan acciones en Canc\u00fan para reconstruir el tejido social | Revista Latitud 21\",\"isPartOf\":{\"@id\":\"https:\\\/\\\/l21.mx\\\/#website\"},\"primaryImageOfPage\":{\"@id\":\"https:\\\/\\\/l21.mx\\\/?p=62099#primaryimage\"},\"image\":{\"@id\":\"https:\\\/\\\/l21.mx\\\/?p=62099#primaryimage\"},\"thumbnailUrl\":\"https:\\\/\\\/l21.mx\\\/wp-content\\\/uploads\\\/2023\\\/09\\\/WhatsApp-Image-2023-09-21-at-13.52.25.jpeg\",\"datePublished\":\"2023-09-21T23:33:13+00:00\",\"description\":\"L21, Emprendedores y Negocios en el Caribe Mexicano, es la revista l\u00edder entre el Sector Empresarial y Tur\u00edstico del Caribe Mexicano.\",\"breadcrumb\":{\"@id\":\"https:\\\/\\\/l21.mx\\\/?p=62099#breadcrumb\"},\"inLanguage\":\"es\",\"potentialAction\":[{\"@type\":\"ReadAction\",\"target\":[\"https:\\\/\\\/l21.mx\\\/?p=62099\"]}]},{\"@type\":\"ImageObject\",\"inLanguage\":\"es\",\"@id\":\"https:\\\/\\\/l21.mx\\\/?p=62099#primaryimage\",\"url\":\"https:\\\/\\\/l21.mx\\\/wp-content\\\/uploads\\\/2023\\\/09\\\/WhatsApp-Image-2023-09-21-at-13.52.25.jpeg\",\"contentUrl\":\"https:\\\/\\\/l21.mx\\\/wp-content\\\/uploads\\\/2023\\\/09\\\/WhatsApp-Image-2023-09-21-at-13.52.25.jpeg\",\"width\":1600,\"height\":1066},{\"@type\":\"BreadcrumbList\",\"@id\":\"https:\\\/\\\/l21.mx\\\/?p=62099#breadcrumb\",\"itemListElement\":[{\"@type\":\"ListItem\",\"position\":1,\"name\":\"Portada\",\"item\":\"https:\\\/\\\/l21.mx\\\/\"},{\"@type\":\"ListItem\",\"position\":2,\"name\":\"Refuerzan acciones en Canc\u00fan para reconstruir el tejido social\"}]},{\"@type\":\"WebSite\",\"@id\":\"https:\\\/\\\/l21.mx\\\/#website\",\"url\":\"https:\\\/\\\/l21.mx\\\/\",\"name\":\"Revista Latitud 21\",\"description\":\"Emprendedores  y negocios en el Caribe Mexicano\",\"publisher\":{\"@id\":\"https:\\\/\\\/l21.mx\\\/#organization\"},\"potentialAction\":[{\"@type\":\"SearchAction\",\"target\":{\"@type\":\"EntryPoint\",\"urlTemplate\":\"https:\\\/\\\/l21.mx\\\/?s={search_term_string}\"},\"query-input\":{\"@type\":\"PropertyValueSpecification\",\"valueRequired\":true,\"valueName\":\"search_term_string\"}}],\"inLanguage\":\"es\"},{\"@type\":\"Organization\",\"@id\":\"https:\\\/\\\/l21.mx\\\/#organization\",\"name\":\"Grupo Editorial Latitud 21 SA de CV\",\"url\":\"https:\\\/\\\/l21.mx\\\/\",\"logo\":{\"@type\":\"ImageObject\",\"inLanguage\":\"es\",\"@id\":\"https:\\\/\\\/l21.mx\\\/#\\\/schema\\\/logo\\\/image\\\/\",\"url\":\"https:\\\/\\\/l21.mx\\\/wp-content\\\/uploads\\\/2020\\\/10\\\/logo-l21-baja.jpg\",\"contentUrl\":\"https:\\\/\\\/l21.mx\\\/wp-content\\\/uploads\\\/2020\\\/10\\\/logo-l21-baja.jpg\",\"width\":250,\"height\":250,\"caption\":\"Grupo Editorial Latitud 21 SA de CV\"},\"image\":{\"@id\":\"https:\\\/\\\/l21.mx\\\/#\\\/schema\\\/logo\\\/image\\\/\"},\"sameAs\":[\"https:\\\/\\\/www.facebook.com\\\/RevistaLatitud21\\\/\",\"https:\\\/\\\/x.com\\\/Latitud21mx\"]},{\"@type\":\"Person\",\"@id\":\"https:\\\/\\\/l21.mx\\\/#\\\/schema\\\/person\\\/cca68595b80b2f6c4c55a8b254bfbb2a\",\"name\":\"NellyG\",\"url\":\"https:\\\/\\\/l21.mx\\\/?author=100\"}]}<\/script>\n<!-- \/ Yoast SEO plugin. -->","yoast_head_json":{"title":"Refuerzan acciones en Canc\u00fan para reconstruir el tejido social | Revista Latitud 21","description":"L21, Emprendedores y Negocios en el Caribe Mexicano, es la revista l\u00edder entre el Sector Empresarial y Tur\u00edstico del Caribe Mexicano.","robots":{"index":"index","follow":"follow","max-snippet":"max-snippet:-1","max-image-preview":"max-image-preview:large","max-video-preview":"max-video-preview:-1"},"canonical":"https:\/\/l21.mx\/?p=62099","twitter_card":"summary_large_image","twitter_title":"Refuerzan acciones en Canc\u00fan para reconstruir el tejido social | Revista Latitud 21","twitter_description":"L21, Emprendedores y Negocios en el Caribe Mexicano, es la revista l\u00edder entre el Sector Empresarial y Tur\u00edstico del Caribe Mexicano.","twitter_image":"https:\/\/l21.mx\/wp-content\/uploads\/2023\/09\/WhatsApp-Image-2023-09-21-at-13.52.25.jpeg","twitter_creator":"@Latitud21mx","twitter_site":"@Latitud21mx","twitter_misc":{"Escrito por":"NellyG","Tiempo de lectura":"4 minutos"},"schema":{"@context":"https:\/\/schema.org","@graph":[{"@type":"Article","@id":"https:\/\/l21.mx\/?p=62099#article","isPartOf":{"@id":"https:\/\/l21.mx\/?p=62099"},"author":{"name":"NellyG","@id":"https:\/\/l21.mx\/#\/schema\/person\/cca68595b80b2f6c4c55a8b254bfbb2a"},"headline":"Refuerzan acciones en Canc\u00fan para reconstruir el tejido social","datePublished":"2023-09-21T23:33:13+00:00","mainEntityOfPage":{"@id":"https:\/\/l21.mx\/?p=62099"},"wordCount":788,"publisher":{"@id":"https:\/\/l21.mx\/#organization"},"image":{"@id":"https:\/\/l21.mx\/?p=62099#primaryimage"},"thumbnailUrl":"https:\/\/l21.mx\/wp-content\/uploads\/2023\/09\/WhatsApp-Image-2023-09-21-at-13.52.25.jpeg","articleSection":["Benito Ju\u00e1rez"],"inLanguage":"es"},{"@type":"WebPage","@id":"https:\/\/l21.mx\/?p=62099","url":"https:\/\/l21.mx\/?p=62099","name":"Refuerzan acciones en Canc\u00fan para reconstruir el tejido social | Revista Latitud 21","isPartOf":{"@id":"https:\/\/l21.mx\/#website"},"primaryImageOfPage":{"@id":"https:\/\/l21.mx\/?p=62099#primaryimage"},"image":{"@id":"https:\/\/l21.mx\/?p=62099#primaryimage"},"thumbnailUrl":"https:\/\/l21.mx\/wp-content\/uploads\/2023\/09\/WhatsApp-Image-2023-09-21-at-13.52.25.jpeg","datePublished":"2023-09-21T23:33:13+00:00","description":"L21, Emprendedores y Negocios en el Caribe Mexicano, es la revista l\u00edder entre el Sector Empresarial y Tur\u00edstico del Caribe Mexicano.","breadcrumb":{"@id":"https:\/\/l21.mx\/?p=62099#breadcrumb"},"inLanguage":"es","potentialAction":[{"@type":"ReadAction","target":["https:\/\/l21.mx\/?p=62099"]}]},{"@type":"ImageObject","inLanguage":"es","@id":"https:\/\/l21.mx\/?p=62099#primaryimage","url":"https:\/\/l21.mx\/wp-content\/uploads\/2023\/09\/WhatsApp-Image-2023-09-21-at-13.52.25.jpeg","contentUrl":"https:\/\/l21.mx\/wp-content\/uploads\/2023\/09\/WhatsApp-Image-2023-09-21-at-13.52.25.jpeg","width":1600,"height":1066},{"@type":"BreadcrumbList","@id":"https:\/\/l21.mx\/?p=62099#breadcrumb","itemListElement":[{"@type":"ListItem","position":1,"name":"Portada","item":"https:\/\/l21.mx\/"},{"@type":"ListItem","position":2,"name":"Refuerzan acciones en Canc\u00fan para reconstruir el tejido social"}]},{"@type":"WebSite","@id":"https:\/\/l21.mx\/#website","url":"https:\/\/l21.mx\/","name":"Revista Latitud 21","description":"Emprendedores  y negocios en el Caribe Mexicano","publisher":{"@id":"https:\/\/l21.mx\/#organization"},"potentialAction":[{"@type":"SearchAction","target":{"@type":"EntryPoint","urlTemplate":"https:\/\/l21.mx\/?s={search_term_string}"},"query-input":{"@type":"PropertyValueSpecification","valueRequired":true,"valueName":"search_term_string"}}],"inLanguage":"es"},{"@type":"Organization","@id":"https:\/\/l21.mx\/#organization","name":"Grupo Editorial Latitud 21 SA de CV","url":"https:\/\/l21.mx\/","logo":{"@type":"ImageObject","inLanguage":"es","@id":"https:\/\/l21.mx\/#\/schema\/logo\/image\/","url":"https:\/\/l21.mx\/wp-content\/uploads\/2020\/10\/logo-l21-baja.jpg","contentUrl":"https:\/\/l21.mx\/wp-content\/uploads\/2020\/10\/logo-l21-baja.jpg","width":250,"height":250,"caption":"Grupo Editorial Latitud 21 SA de CV"},"image":{"@id":"https:\/\/l21.mx\/#\/schema\/logo\/image\/"},"sameAs":["https:\/\/www.facebook.com\/RevistaLatitud21\/","https:\/\/x.com\/Latitud21mx"]},{"@type":"Person","@id":"https:\/\/l21.mx\/#\/schema\/person\/cca68595b80b2f6c4c55a8b254bfbb2a","name":"NellyG","url":"https:\/\/l21.mx\/?author=100"}]}},"amp_enabled":true,"_links":{"self":[{"href":"https:\/\/l21.mx\/index.php?rest_route=\/wp\/v2\/posts\/62099","targetHints":{"allow":["GET"]}}],"collection":[{"href":"https:\/\/l21.mx\/index.php?rest_route=\/wp\/v2\/posts"}],"about":[{"href":"https:\/\/l21.mx\/index.php?rest_route=\/wp\/v2\/types\/post"}],"author":[{"embeddable":true,"href":"https:\/\/l21.mx\/index.php?rest_route=\/wp\/v2\/users\/100"}],"replies":[{"embeddable":true,"href":"https:\/\/l21.mx\/index.php?rest_route=%2Fwp%2Fv2%2Fcomments&post=62099"}],"version-history":[{"count":1,"href":"https:\/\/l21.mx\/index.php?rest_route=\/wp\/v2\/posts\/62099\/revisions"}],"predecessor-version":[{"id":62104,"href":"https:\/\/l21.mx\/index.php?rest_route=\/wp\/v2\/posts\/62099\/revisions\/62104"}],"wp:featuredmedia":[{"embeddable":true,"href":"https:\/\/l21.mx\/index.php?rest_route=\/wp\/v2\/media\/62103"}],"wp:attachment":[{"href":"https:\/\/l21.mx\/index.php?rest_route=%2Fwp%2Fv2%2Fmedia&parent=62099"}],"wp:term":[{"taxonomy":"category","embeddable":true,"href":"https:\/\/l21.mx\/index.php?rest_route=%2Fwp%2Fv2%2Fcategories&post=62099"},{"taxonomy":"post_tag","embeddable":true,"href":"https:\/\/l21.mx\/index.php?rest_route=%2Fwp%2Fv2%2Ftags&post=62099"}],"curies":[{"name":"wp","href":"https:\/\/api.w.org\/{rel}","templated":true}]}}