{"id":62316,"date":"2023-09-26T17:47:49","date_gmt":"2023-09-26T22:47:49","guid":{"rendered":"https:\/\/l21.mx\/?p=62316"},"modified":"2023-09-26T17:47:49","modified_gmt":"2023-09-26T22:47:49","slug":"revisa-mara-lezama-con-grupo-iberostar-el-avance-de-sus-proyectos-y-el-mejorar-las-condiciones-de-vivienda-de-sus-trabajadores-en-quintana-roo","status":"publish","type":"post","link":"https:\/\/l21.mx\/?p=62316","title":{"rendered":"Revisa Mara Lezama con Grupo Iberostar el avance de sus proyectos y el mejorar las condiciones de vivienda de sus trabajadores en Quintana Roo"},"content":{"rendered":"<p>&nbsp;<\/p>\n<p>-En este encuentro coincidieron en que la prosperidad debe ser compartida por ello, adem\u00e1s de invertir en proyectos y programas con respeto al medio ambiente, buscan mejorar las condiciones de vivienda para sus empleados<\/p>\n<p><a href=\"https:\/\/l21.mx\/wp-content\/uploads\/2023\/09\/WhatsApp-Image-2023-09-26-at-17.33.39.jpeg\" data-rel=\"penci-gallery-image-content\" ><img fetchpriority=\"high\" decoding=\"async\" class=\"alignnone size-medium wp-image-62317\" src=\"https:\/\/l21.mx\/wp-content\/uploads\/2023\/09\/WhatsApp-Image-2023-09-26-at-17.33.39-300x200.jpeg\" alt=\"\" width=\"300\" height=\"200\" srcset=\"https:\/\/l21.mx\/wp-content\/uploads\/2023\/09\/WhatsApp-Image-2023-09-26-at-17.33.39-300x200.jpeg 300w, https:\/\/l21.mx\/wp-content\/uploads\/2023\/09\/WhatsApp-Image-2023-09-26-at-17.33.39-1024x682.jpeg 1024w, https:\/\/l21.mx\/wp-content\/uploads\/2023\/09\/WhatsApp-Image-2023-09-26-at-17.33.39-768x512.jpeg 768w, https:\/\/l21.mx\/wp-content\/uploads\/2023\/09\/WhatsApp-Image-2023-09-26-at-17.33.39-1536x1023.jpeg 1536w, https:\/\/l21.mx\/wp-content\/uploads\/2023\/09\/WhatsApp-Image-2023-09-26-at-17.33.39-1200x800.jpeg 1200w, https:\/\/l21.mx\/wp-content\/uploads\/2023\/09\/WhatsApp-Image-2023-09-26-at-17.33.39-1170x780.jpeg 1170w, https:\/\/l21.mx\/wp-content\/uploads\/2023\/09\/WhatsApp-Image-2023-09-26-at-17.33.39-585x390.jpeg 585w, https:\/\/l21.mx\/wp-content\/uploads\/2023\/09\/WhatsApp-Image-2023-09-26-at-17.33.39-263x175.jpeg 263w, https:\/\/l21.mx\/wp-content\/uploads\/2023\/09\/WhatsApp-Image-2023-09-26-at-17.33.39.jpeg 1600w\" sizes=\"(max-width: 300px) 100vw, 300px\" \/><\/a><\/p>\n<p>Canc\u00fan.- La gobernadora Mara Lezama Espinosa sostuvo hoy una reuni\u00f3n con integrantes del Grupo Iberostar en la que revisaron el avance en los proyectos a futuro, el inter\u00e9s de mejorar las condiciones de vivienda para sus colaboradores y programas sociales para una mejor calidad de vida que buscan no solo dar la mejor experiencia al turista sino tambi\u00e9n a sus empleados.<\/p>\n<p>En este encuentro destacaron la confianza en la inversi\u00f3n con desarrollo sostenible y sustentable que permita mayor empleo y crecimiento tur\u00edstico en el que se incluya la promoci\u00f3n de las comunidades de la zona maya a trav\u00e9s de la infraestructura hotelera de esta cadena.<\/p>\n<p>Asimismo, recordaron que en coordinaci\u00f3n el Grupo Iberostar a trav\u00e9s de su programa Wave of Change, Sustentur, la Secretar\u00eda de Turismo y la Secretar\u00eda de Ecolog\u00eda y Medio Ambiente del Gobierno de Quintana Roo, llevar\u00e1n a cabo la 2da Edici\u00f3n del Foro de Acci\u00f3n Clim\u00e1tica del Caribe Mexicano, este 28 y 29 de septiembre, dedicado especialmente a la salud costera.<\/p>\n<p><a href=\"https:\/\/l21.mx\/wp-content\/uploads\/2023\/09\/WhatsApp-Image-2023-09-26-at-17.33.38.jpeg\" data-rel=\"penci-gallery-image-content\" ><img decoding=\"async\" class=\"alignnone size-medium wp-image-62318\" src=\"https:\/\/l21.mx\/wp-content\/uploads\/2023\/09\/WhatsApp-Image-2023-09-26-at-17.33.38-300x200.jpeg\" alt=\"\" width=\"300\" height=\"200\" srcset=\"https:\/\/l21.mx\/wp-content\/uploads\/2023\/09\/WhatsApp-Image-2023-09-26-at-17.33.38-300x200.jpeg 300w, https:\/\/l21.mx\/wp-content\/uploads\/2023\/09\/WhatsApp-Image-2023-09-26-at-17.33.38-1024x682.jpeg 1024w, https:\/\/l21.mx\/wp-content\/uploads\/2023\/09\/WhatsApp-Image-2023-09-26-at-17.33.38-768x512.jpeg 768w, https:\/\/l21.mx\/wp-content\/uploads\/2023\/09\/WhatsApp-Image-2023-09-26-at-17.33.38-1536x1023.jpeg 1536w, https:\/\/l21.mx\/wp-content\/uploads\/2023\/09\/WhatsApp-Image-2023-09-26-at-17.33.38-1200x800.jpeg 1200w, https:\/\/l21.mx\/wp-content\/uploads\/2023\/09\/WhatsApp-Image-2023-09-26-at-17.33.38-1170x780.jpeg 1170w, https:\/\/l21.mx\/wp-content\/uploads\/2023\/09\/WhatsApp-Image-2023-09-26-at-17.33.38-585x390.jpeg 585w, https:\/\/l21.mx\/wp-content\/uploads\/2023\/09\/WhatsApp-Image-2023-09-26-at-17.33.38-263x175.jpeg 263w, https:\/\/l21.mx\/wp-content\/uploads\/2023\/09\/WhatsApp-Image-2023-09-26-at-17.33.38.jpeg 1600w\" sizes=\"(max-width: 300px) 100vw, 300px\" \/><\/a><\/p>\n<p>Mara Lezama expres\u00f3 ante los ejecutivos los alcances del Nuevo Acuerdo por el Bienestar y Desarrollo de Quintana Roo que impulsa desde el inicio de su gobierno, poniendo a las personas en el centro de las acciones para que el \u00e9xito tur\u00edstico genere prosperidad compartida.<\/p>\n<p>La gobernadora explic\u00f3 que este gobierno humanista y progresista impulsa, por el bien de todos, un amplio programa social que atiende a los que menos tienen y m\u00e1s lo necesitan, a las mujeres, a los adultos mayores y a la ni\u00f1ez.<\/p>\n<p>Durante la reuni\u00f3n tambi\u00e9n expuso logros en materia de infraestructura, como el que se realiza en Canc\u00fan con el nuevo bulevar Colosio, el Puente Nichupt\u00e9, la avenida Chac Mool y el distribuidor vial Aeropuerto, que sin duda mejoran sustancialmente la movilidad de las personas, de los turistas, pero principalmente de los miles de trabajadores que se mueven al ir al trabajo o regresar a las casas.<\/p>\n<p>Los se\u00f1ores Miguel y Sabina Flux\u00e0 Rosell\u00f3, presidente y vicepresidente CEO de Grupo Iberostar destacaron y coincidieron con la Gobernadora en la importancia de la inversi\u00f3n que permita la prosperidad compartida por ello impulsan proyectos que permitan mejores condiciones de vivienda para sus trabajadores, as\u00ed como inversiones con pleno respeto al medio ambiente.<\/p>\n<p>Iberostar es una firma con gran responsabilidad a favor del turismo en Quintana Roo, por lo que a trav\u00e9s de diversos programas que se impulsar\u00e1n desde el Gobierno del Estado se procurar\u00e1 el respeto al medio ambiente, la preservaci\u00f3n de la riqueza natural, dijo el secretario Estatal de Turismo, Bernardo Cueto Riestra.<\/p>\n<p>Reconoci\u00f3 que Iberostar es un gran impulsor de pol\u00edticas innovadoras que buscan preservar las costas, los recursos naturales, que son parte fundamental de Quintana Roo, pues de ellas vivimos y se tienen que hacer perdurables.<\/p>\n<p>Por Iberostar tambi\u00e9n estuvieron Gloria Flux\u00e0, vicepresidenta y Chief Sustainability Officer, Rodrigo Moscard\u00f3, Chief Operations Officer, y Rodrigo Silveyra, director de operaciones Am\u00e9rica.<\/p>\n<p>Por el gobierno de Quintana Roo particip\u00f3 en este encuentro tambi\u00e9n el titular de la SEDATU, Armando Lara De Nigris.<\/p>\n","protected":false},"excerpt":{"rendered":"<p>&nbsp; -En este encuentro coincidieron en que la prosperidad debe ser compartida por ello, adem\u00e1s de&hellip;<\/p>\n","protected":false},"author":100,"featured_media":62319,"comment_status":"closed","ping_status":"closed","sticky":false,"template":"","format":"standard","meta":{"_acf_changed":false,"_lmt_disableupdate":"","_lmt_disable":"","_mbp_gutenberg_autopost":false,"footnotes":""},"categories":[23,1656],"tags":[],"class_list":["post-62316","post","type-post","status-publish","format-standard","has-post-thumbnail","hentry","category-noticias","category-quintana-roo"],"acf":[],"yoast_head":"<!-- This site is optimized with the Yoast SEO plugin v27.3 - https:\/\/yoast.com\/product\/yoast-seo-wordpress\/ -->\n<title>Revisa Mara Lezama con Grupo Iberostar el avance de sus proyectos y el mejorar las condiciones de vivienda de sus trabajadores en Quintana Roo | Revista Latitud 21<\/title>\n<meta name=\"description\" content=\"L21, Emprendedores y Negocios en el Caribe Mexicano, es la revista l\u00edder entre el Sector Empresarial y Tur\u00edstico del Caribe Mexicano.\" \/>\n<meta name=\"robots\" content=\"index, follow, max-snippet:-1, max-image-preview:large, max-video-preview:-1\" \/>\n<link rel=\"canonical\" href=\"https:\/\/l21.mx\/?p=62316\" \/>\n<meta name=\"twitter:card\" content=\"summary_large_image\" \/>\n<meta name=\"twitter:title\" content=\"Revisa Mara Lezama con Grupo Iberostar el avance de sus proyectos y el mejorar las condiciones de vivienda de sus trabajadores en Quintana Roo | Revista Latitud 21\" \/>\n<meta name=\"twitter:description\" content=\"L21, Emprendedores y Negocios en el Caribe Mexicano, es la revista l\u00edder entre el Sector Empresarial y Tur\u00edstico del Caribe Mexicano.\" \/>\n<meta name=\"twitter:image\" content=\"https:\/\/l21.mx\/wp-content\/uploads\/2023\/09\/WhatsApp-Image-2023-09-26-at-17.33.39-1.jpeg\" \/>\n<meta name=\"twitter:creator\" content=\"@Latitud21mx\" \/>\n<meta name=\"twitter:site\" content=\"@Latitud21mx\" \/>\n<meta name=\"twitter:label1\" content=\"Escrito por\" \/>\n\t<meta name=\"twitter:data1\" content=\"NellyG\" \/>\n\t<meta name=\"twitter:label2\" content=\"Tiempo de lectura\" \/>\n\t<meta name=\"twitter:data2\" content=\"3 minutos\" \/>\n<script type=\"application\/ld+json\" class=\"yoast-schema-graph\">{\"@context\":\"https:\\\/\\\/schema.org\",\"@graph\":[{\"@type\":\"Article\",\"@id\":\"https:\\\/\\\/l21.mx\\\/?p=62316#article\",\"isPartOf\":{\"@id\":\"https:\\\/\\\/l21.mx\\\/?p=62316\"},\"author\":{\"name\":\"NellyG\",\"@id\":\"https:\\\/\\\/l21.mx\\\/#\\\/schema\\\/person\\\/cca68595b80b2f6c4c55a8b254bfbb2a\"},\"headline\":\"Revisa Mara Lezama con Grupo Iberostar el avance de sus proyectos y el mejorar las condiciones de vivienda de sus trabajadores en Quintana Roo\",\"datePublished\":\"2023-09-26T22:47:49+00:00\",\"mainEntityOfPage\":{\"@id\":\"https:\\\/\\\/l21.mx\\\/?p=62316\"},\"wordCount\":591,\"publisher\":{\"@id\":\"https:\\\/\\\/l21.mx\\\/#organization\"},\"image\":{\"@id\":\"https:\\\/\\\/l21.mx\\\/?p=62316#primaryimage\"},\"thumbnailUrl\":\"https:\\\/\\\/l21.mx\\\/wp-content\\\/uploads\\\/2023\\\/09\\\/WhatsApp-Image-2023-09-26-at-17.33.39-1.jpeg\",\"articleSection\":[\"Noticias\",\"Quintana Roo\"],\"inLanguage\":\"es\"},{\"@type\":\"WebPage\",\"@id\":\"https:\\\/\\\/l21.mx\\\/?p=62316\",\"url\":\"https:\\\/\\\/l21.mx\\\/?p=62316\",\"name\":\"Revisa Mara Lezama con Grupo Iberostar el avance de sus proyectos y el mejorar las condiciones de vivienda de sus trabajadores en Quintana Roo | Revista Latitud 21\",\"isPartOf\":{\"@id\":\"https:\\\/\\\/l21.mx\\\/#website\"},\"primaryImageOfPage\":{\"@id\":\"https:\\\/\\\/l21.mx\\\/?p=62316#primaryimage\"},\"image\":{\"@id\":\"https:\\\/\\\/l21.mx\\\/?p=62316#primaryimage\"},\"thumbnailUrl\":\"https:\\\/\\\/l21.mx\\\/wp-content\\\/uploads\\\/2023\\\/09\\\/WhatsApp-Image-2023-09-26-at-17.33.39-1.jpeg\",\"datePublished\":\"2023-09-26T22:47:49+00:00\",\"description\":\"L21, Emprendedores y Negocios en el Caribe Mexicano, es la revista l\u00edder entre el Sector Empresarial y Tur\u00edstico del Caribe Mexicano.\",\"breadcrumb\":{\"@id\":\"https:\\\/\\\/l21.mx\\\/?p=62316#breadcrumb\"},\"inLanguage\":\"es\",\"potentialAction\":[{\"@type\":\"ReadAction\",\"target\":[\"https:\\\/\\\/l21.mx\\\/?p=62316\"]}]},{\"@type\":\"ImageObject\",\"inLanguage\":\"es\",\"@id\":\"https:\\\/\\\/l21.mx\\\/?p=62316#primaryimage\",\"url\":\"https:\\\/\\\/l21.mx\\\/wp-content\\\/uploads\\\/2023\\\/09\\\/WhatsApp-Image-2023-09-26-at-17.33.39-1.jpeg\",\"contentUrl\":\"https:\\\/\\\/l21.mx\\\/wp-content\\\/uploads\\\/2023\\\/09\\\/WhatsApp-Image-2023-09-26-at-17.33.39-1.jpeg\",\"width\":1600,\"height\":1066},{\"@type\":\"BreadcrumbList\",\"@id\":\"https:\\\/\\\/l21.mx\\\/?p=62316#breadcrumb\",\"itemListElement\":[{\"@type\":\"ListItem\",\"position\":1,\"name\":\"Portada\",\"item\":\"https:\\\/\\\/l21.mx\\\/\"},{\"@type\":\"ListItem\",\"position\":2,\"name\":\"Revisa Mara Lezama con Grupo Iberostar el avance de sus proyectos y el mejorar las condiciones de vivienda de sus trabajadores en Quintana Roo\"}]},{\"@type\":\"WebSite\",\"@id\":\"https:\\\/\\\/l21.mx\\\/#website\",\"url\":\"https:\\\/\\\/l21.mx\\\/\",\"name\":\"Revista Latitud 21\",\"description\":\"Emprendedores  y negocios en el Caribe Mexicano\",\"publisher\":{\"@id\":\"https:\\\/\\\/l21.mx\\\/#organization\"},\"potentialAction\":[{\"@type\":\"SearchAction\",\"target\":{\"@type\":\"EntryPoint\",\"urlTemplate\":\"https:\\\/\\\/l21.mx\\\/?s={search_term_string}\"},\"query-input\":{\"@type\":\"PropertyValueSpecification\",\"valueRequired\":true,\"valueName\":\"search_term_string\"}}],\"inLanguage\":\"es\"},{\"@type\":\"Organization\",\"@id\":\"https:\\\/\\\/l21.mx\\\/#organization\",\"name\":\"Grupo Editorial Latitud 21 SA de CV\",\"url\":\"https:\\\/\\\/l21.mx\\\/\",\"logo\":{\"@type\":\"ImageObject\",\"inLanguage\":\"es\",\"@id\":\"https:\\\/\\\/l21.mx\\\/#\\\/schema\\\/logo\\\/image\\\/\",\"url\":\"https:\\\/\\\/l21.mx\\\/wp-content\\\/uploads\\\/2020\\\/10\\\/logo-l21-baja.jpg\",\"contentUrl\":\"https:\\\/\\\/l21.mx\\\/wp-content\\\/uploads\\\/2020\\\/10\\\/logo-l21-baja.jpg\",\"width\":250,\"height\":250,\"caption\":\"Grupo Editorial Latitud 21 SA de CV\"},\"image\":{\"@id\":\"https:\\\/\\\/l21.mx\\\/#\\\/schema\\\/logo\\\/image\\\/\"},\"sameAs\":[\"https:\\\/\\\/www.facebook.com\\\/RevistaLatitud21\\\/\",\"https:\\\/\\\/x.com\\\/Latitud21mx\"]},{\"@type\":\"Person\",\"@id\":\"https:\\\/\\\/l21.mx\\\/#\\\/schema\\\/person\\\/cca68595b80b2f6c4c55a8b254bfbb2a\",\"name\":\"NellyG\",\"url\":\"https:\\\/\\\/l21.mx\\\/?author=100\"}]}<\/script>\n<!-- \/ Yoast SEO plugin. -->","yoast_head_json":{"title":"Revisa Mara Lezama con Grupo Iberostar el avance de sus proyectos y el mejorar las condiciones de vivienda de sus trabajadores en Quintana Roo | Revista Latitud 21","description":"L21, Emprendedores y Negocios en el Caribe Mexicano, es la revista l\u00edder entre el Sector Empresarial y Tur\u00edstico del Caribe Mexicano.","robots":{"index":"index","follow":"follow","max-snippet":"max-snippet:-1","max-image-preview":"max-image-preview:large","max-video-preview":"max-video-preview:-1"},"canonical":"https:\/\/l21.mx\/?p=62316","twitter_card":"summary_large_image","twitter_title":"Revisa Mara Lezama con Grupo Iberostar el avance de sus proyectos y el mejorar las condiciones de vivienda de sus trabajadores en Quintana Roo | Revista Latitud 21","twitter_description":"L21, Emprendedores y Negocios en el Caribe Mexicano, es la revista l\u00edder entre el Sector Empresarial y Tur\u00edstico del Caribe Mexicano.","twitter_image":"https:\/\/l21.mx\/wp-content\/uploads\/2023\/09\/WhatsApp-Image-2023-09-26-at-17.33.39-1.jpeg","twitter_creator":"@Latitud21mx","twitter_site":"@Latitud21mx","twitter_misc":{"Escrito por":"NellyG","Tiempo de lectura":"3 minutos"},"schema":{"@context":"https:\/\/schema.org","@graph":[{"@type":"Article","@id":"https:\/\/l21.mx\/?p=62316#article","isPartOf":{"@id":"https:\/\/l21.mx\/?p=62316"},"author":{"name":"NellyG","@id":"https:\/\/l21.mx\/#\/schema\/person\/cca68595b80b2f6c4c55a8b254bfbb2a"},"headline":"Revisa Mara Lezama con Grupo Iberostar el avance de sus proyectos y el mejorar las condiciones de vivienda de sus trabajadores en Quintana Roo","datePublished":"2023-09-26T22:47:49+00:00","mainEntityOfPage":{"@id":"https:\/\/l21.mx\/?p=62316"},"wordCount":591,"publisher":{"@id":"https:\/\/l21.mx\/#organization"},"image":{"@id":"https:\/\/l21.mx\/?p=62316#primaryimage"},"thumbnailUrl":"https:\/\/l21.mx\/wp-content\/uploads\/2023\/09\/WhatsApp-Image-2023-09-26-at-17.33.39-1.jpeg","articleSection":["Noticias","Quintana Roo"],"inLanguage":"es"},{"@type":"WebPage","@id":"https:\/\/l21.mx\/?p=62316","url":"https:\/\/l21.mx\/?p=62316","name":"Revisa Mara Lezama con Grupo Iberostar el avance de sus proyectos y el mejorar las condiciones de vivienda de sus trabajadores en Quintana Roo | Revista Latitud 21","isPartOf":{"@id":"https:\/\/l21.mx\/#website"},"primaryImageOfPage":{"@id":"https:\/\/l21.mx\/?p=62316#primaryimage"},"image":{"@id":"https:\/\/l21.mx\/?p=62316#primaryimage"},"thumbnailUrl":"https:\/\/l21.mx\/wp-content\/uploads\/2023\/09\/WhatsApp-Image-2023-09-26-at-17.33.39-1.jpeg","datePublished":"2023-09-26T22:47:49+00:00","description":"L21, Emprendedores y Negocios en el Caribe Mexicano, es la revista l\u00edder entre el Sector Empresarial y Tur\u00edstico del Caribe Mexicano.","breadcrumb":{"@id":"https:\/\/l21.mx\/?p=62316#breadcrumb"},"inLanguage":"es","potentialAction":[{"@type":"ReadAction","target":["https:\/\/l21.mx\/?p=62316"]}]},{"@type":"ImageObject","inLanguage":"es","@id":"https:\/\/l21.mx\/?p=62316#primaryimage","url":"https:\/\/l21.mx\/wp-content\/uploads\/2023\/09\/WhatsApp-Image-2023-09-26-at-17.33.39-1.jpeg","contentUrl":"https:\/\/l21.mx\/wp-content\/uploads\/2023\/09\/WhatsApp-Image-2023-09-26-at-17.33.39-1.jpeg","width":1600,"height":1066},{"@type":"BreadcrumbList","@id":"https:\/\/l21.mx\/?p=62316#breadcrumb","itemListElement":[{"@type":"ListItem","position":1,"name":"Portada","item":"https:\/\/l21.mx\/"},{"@type":"ListItem","position":2,"name":"Revisa Mara Lezama con Grupo Iberostar el avance de sus proyectos y el mejorar las condiciones de vivienda de sus trabajadores en Quintana Roo"}]},{"@type":"WebSite","@id":"https:\/\/l21.mx\/#website","url":"https:\/\/l21.mx\/","name":"Revista Latitud 21","description":"Emprendedores  y negocios en el Caribe Mexicano","publisher":{"@id":"https:\/\/l21.mx\/#organization"},"potentialAction":[{"@type":"SearchAction","target":{"@type":"EntryPoint","urlTemplate":"https:\/\/l21.mx\/?s={search_term_string}"},"query-input":{"@type":"PropertyValueSpecification","valueRequired":true,"valueName":"search_term_string"}}],"inLanguage":"es"},{"@type":"Organization","@id":"https:\/\/l21.mx\/#organization","name":"Grupo Editorial Latitud 21 SA de CV","url":"https:\/\/l21.mx\/","logo":{"@type":"ImageObject","inLanguage":"es","@id":"https:\/\/l21.mx\/#\/schema\/logo\/image\/","url":"https:\/\/l21.mx\/wp-content\/uploads\/2020\/10\/logo-l21-baja.jpg","contentUrl":"https:\/\/l21.mx\/wp-content\/uploads\/2020\/10\/logo-l21-baja.jpg","width":250,"height":250,"caption":"Grupo Editorial Latitud 21 SA de CV"},"image":{"@id":"https:\/\/l21.mx\/#\/schema\/logo\/image\/"},"sameAs":["https:\/\/www.facebook.com\/RevistaLatitud21\/","https:\/\/x.com\/Latitud21mx"]},{"@type":"Person","@id":"https:\/\/l21.mx\/#\/schema\/person\/cca68595b80b2f6c4c55a8b254bfbb2a","name":"NellyG","url":"https:\/\/l21.mx\/?author=100"}]}},"amp_enabled":true,"_links":{"self":[{"href":"https:\/\/l21.mx\/index.php?rest_route=\/wp\/v2\/posts\/62316","targetHints":{"allow":["GET"]}}],"collection":[{"href":"https:\/\/l21.mx\/index.php?rest_route=\/wp\/v2\/posts"}],"about":[{"href":"https:\/\/l21.mx\/index.php?rest_route=\/wp\/v2\/types\/post"}],"author":[{"embeddable":true,"href":"https:\/\/l21.mx\/index.php?rest_route=\/wp\/v2\/users\/100"}],"replies":[{"embeddable":true,"href":"https:\/\/l21.mx\/index.php?rest_route=%2Fwp%2Fv2%2Fcomments&post=62316"}],"version-history":[{"count":2,"href":"https:\/\/l21.mx\/index.php?rest_route=\/wp\/v2\/posts\/62316\/revisions"}],"predecessor-version":[{"id":62323,"href":"https:\/\/l21.mx\/index.php?rest_route=\/wp\/v2\/posts\/62316\/revisions\/62323"}],"wp:featuredmedia":[{"embeddable":true,"href":"https:\/\/l21.mx\/index.php?rest_route=\/wp\/v2\/media\/62319"}],"wp:attachment":[{"href":"https:\/\/l21.mx\/index.php?rest_route=%2Fwp%2Fv2%2Fmedia&parent=62316"}],"wp:term":[{"taxonomy":"category","embeddable":true,"href":"https:\/\/l21.mx\/index.php?rest_route=%2Fwp%2Fv2%2Fcategories&post=62316"},{"taxonomy":"post_tag","embeddable":true,"href":"https:\/\/l21.mx\/index.php?rest_route=%2Fwp%2Fv2%2Ftags&post=62316"}],"curies":[{"name":"wp","href":"https:\/\/api.w.org\/{rel}","templated":true}]}}