{"id":62334,"date":"2023-09-27T10:56:27","date_gmt":"2023-09-27T15:56:27","guid":{"rendered":"https:\/\/l21.mx\/?p=62334"},"modified":"2023-09-27T10:56:27","modified_gmt":"2023-09-27T15:56:27","slug":"fomenta-gobierno-de-puerto-morelos-las-buenas-practicas-ambientales-en-el-sector-turismo","status":"publish","type":"post","link":"https:\/\/l21.mx\/?p=62334","title":{"rendered":"Fomenta gobierno de Puerto Morelos las buenas pr\u00e1cticas ambientales en el sector turismo"},"content":{"rendered":"<p>*Para conmemorar el D\u00eda Mundial del Turismo, este 27 de septiembre, se llevar\u00e1 a cabo, en el Palacio Municipal, una conferencia impartida por un panel de expertos en el \u00e1mbito tur\u00edstico y ambiental<\/p>\n<p><a href=\"https:\/\/l21.mx\/wp-content\/uploads\/2023\/09\/Puerto-Morelos-4.jpeg\" data-rel=\"penci-gallery-image-content\" ><img fetchpriority=\"high\" decoding=\"async\" class=\"alignnone size-medium wp-image-62338\" src=\"https:\/\/l21.mx\/wp-content\/uploads\/2023\/09\/Puerto-Morelos-4-300x200.jpeg\" alt=\"\" width=\"300\" height=\"200\" srcset=\"https:\/\/l21.mx\/wp-content\/uploads\/2023\/09\/Puerto-Morelos-4-300x200.jpeg 300w, https:\/\/l21.mx\/wp-content\/uploads\/2023\/09\/Puerto-Morelos-4-1024x682.jpeg 1024w, https:\/\/l21.mx\/wp-content\/uploads\/2023\/09\/Puerto-Morelos-4-768x512.jpeg 768w, https:\/\/l21.mx\/wp-content\/uploads\/2023\/09\/Puerto-Morelos-4-1200x800.jpeg 1200w, https:\/\/l21.mx\/wp-content\/uploads\/2023\/09\/Puerto-Morelos-4-1170x780.jpeg 1170w, https:\/\/l21.mx\/wp-content\/uploads\/2023\/09\/Puerto-Morelos-4-585x390.jpeg 585w, https:\/\/l21.mx\/wp-content\/uploads\/2023\/09\/Puerto-Morelos-4-263x175.jpeg 263w, https:\/\/l21.mx\/wp-content\/uploads\/2023\/09\/Puerto-Morelos-4.jpeg 1280w\" sizes=\"(max-width: 300px) 100vw, 300px\" \/><\/a><br \/>\nPuerto Morelos, Quintana Roo, 25 de septiembre de 2023.- El gobierno de Puerto Morelos conmemorar\u00e1 el D\u00eda Mundial del Turismo, este mi\u00e9rcoles 27 de septiembre, con una conferencia impartida por un panel de expertos en el \u00e1mbito tur\u00edstico y ambiental, para promover las buenas pr\u00e1cticas en este importante sector de la econom\u00eda local, que genera bienestar y desarrollo para las familias.<br \/>\nEl evento tendr\u00e1 lugar en la Sala de Cabildo \u201cJos\u00e9 Mar\u00eda Morelos y Pav\u00f3n\u201d, en el Palacio Municipal, a partir de las 9 de la ma\u00f1ana, por lo que la Secretar\u00eda municipal de Turismo Sustentable lanz\u00f3 la invitaci\u00f3n a prestadores de servicios tur\u00edsticos y ciudadan\u00eda en general a participar, con el objetivo de tener un mejor Puerto Morelos.<br \/>\nAl respecto, el titular de la dependencia, Miguel C\u00e1mara Ruiz, record\u00f3 que el D\u00eda Mundial del Turismo 2023 es una llamada a la acci\u00f3n para que la comunidad internacional, los gobiernos, las instituciones financieras multilaterales, los socios para el desarrollo y los inversores del sector privado se unan en torno a una nueva estrategia de inversi\u00f3n tur\u00edstica verde.<br \/>\nEl funcionario se\u00f1al\u00f3 que la instrucci\u00f3n de la presidenta municipal Blanca Merari Tziu Mu\u00f1oz es que Puerto Morelos se sume a las acciones globales, por lo que la tem\u00e1tica de la conferencia girar\u00e1 en torno a la gesti\u00f3n de los recursos tur\u00edsticos de Puerto Morelos y la aplicaci\u00f3n de buenas pr\u00e1cticas ambientales en el desarrollo de las actividades de car\u00e1cter n\u00e1utico, pero tambi\u00e9n de otros sectores como el gastron\u00f3mico, de aventura y el hotelero, por mencionar algunos.<\/p>\n<p>\u201cSeguiremos trabajando para sensibilizar a los prestadores de servicios tur\u00edsticos de todo municipio, como es el Casco Antiguo y la Ruta de los Cenotes, en la gesti\u00f3n sustentable y aplicaci\u00f3n de buenas pr\u00e1cticas ambientales. Queremos que Puerto Morelos sea reconocido, precisamente, por ser un destino que impulsa el desarrollo en apego al cuidado y preservaci\u00f3n del medio ambiente\u201d, expuso.<br \/>\nMiguel C\u00e1mara detall\u00f3 que la conferencia, en la que est\u00e1 contemplada la asistencia de catedr\u00e1ticos, especialistas y representantes de organismos como la Comisi\u00f3n Nacional de \u00c1reas Naturales Protegidas (Conanp), se desarrollar\u00e1 bajo la din\u00e1mica de interacci\u00f3n entre panelistas y el p\u00fablico asistente. \u201cQueremos que haya una gran retroalimentaci\u00f3n durante la pl\u00e1tica directa con los expertos en buenas pr\u00e1cticas ambientales\u201d, abund\u00f3.<\/p>\n","protected":false},"excerpt":{"rendered":"<p>*Para conmemorar el D\u00eda Mundial del Turismo, este 27 de septiembre, se llevar\u00e1 a cabo, en&hellip;<\/p>\n","protected":false},"author":100,"featured_media":62336,"comment_status":"closed","ping_status":"closed","sticky":false,"template":"","format":"standard","meta":{"_acf_changed":false,"_lmt_disableupdate":"","_lmt_disable":"","_mbp_gutenberg_autopost":false,"footnotes":""},"categories":[23,1656],"tags":[],"class_list":["post-62334","post","type-post","status-publish","format-standard","has-post-thumbnail","hentry","category-noticias","category-quintana-roo"],"acf":[],"_links":{"self":[{"href":"https:\/\/l21.mx\/index.php?rest_route=\/wp\/v2\/posts\/62334","targetHints":{"allow":["GET"]}}],"collection":[{"href":"https:\/\/l21.mx\/index.php?rest_route=\/wp\/v2\/posts"}],"about":[{"href":"https:\/\/l21.mx\/index.php?rest_route=\/wp\/v2\/types\/post"}],"author":[{"embeddable":true,"href":"https:\/\/l21.mx\/index.php?rest_route=\/wp\/v2\/users\/100"}],"replies":[{"embeddable":true,"href":"https:\/\/l21.mx\/index.php?rest_route=%2Fwp%2Fv2%2Fcomments&post=62334"}],"version-history":[{"count":0,"href":"https:\/\/l21.mx\/index.php?rest_route=\/wp\/v2\/posts\/62334\/revisions"}],"wp:featuredmedia":[{"embeddable":true,"href":"https:\/\/l21.mx\/index.php?rest_route=\/wp\/v2\/media\/62336"}],"wp:attachment":[{"href":"https:\/\/l21.mx\/index.php?rest_route=%2Fwp%2Fv2%2Fmedia&parent=62334"}],"wp:term":[{"taxonomy":"category","embeddable":true,"href":"https:\/\/l21.mx\/index.php?rest_route=%2Fwp%2Fv2%2Fcategories&post=62334"},{"taxonomy":"post_tag","embeddable":true,"href":"https:\/\/l21.mx\/index.php?rest_route=%2Fwp%2Fv2%2Ftags&post=62334"}],"curies":[{"name":"wp","href":"https:\/\/api.w.org\/{rel}","templated":true}]}}