{"id":62494,"date":"2023-10-01T09:01:32","date_gmt":"2023-10-01T14:01:32","guid":{"rendered":"https:\/\/l21.mx\/?p=62494"},"modified":"2023-10-01T09:01:32","modified_gmt":"2023-10-01T14:01:32","slug":"octubre-30-festival-de-vida-y-muerte-de-xcaret","status":"publish","type":"post","link":"https:\/\/l21.mx\/?p=62494","title":{"rendered":"Octubre 30 \u2022\u00a0Festival de Vida y Muerte de Xcaret"},"content":{"rendered":"<p>&nbsp;<\/p>\n<p><b>Grupo Xcaret honrar\u00e1 la memoria de los muertos en la 17\u00b0 edici\u00f3n del Festival de Tradiciones de Vida y Muerte, festividad cultural con expresiones de arte, m\u00fasica y gastronom\u00eda mexicana, que se llevar\u00e1 a cabo del 30 de octubre al 3 de noviembre. En esta ocasi\u00f3n, el estado invitado ser\u00e1 Quer\u00e9taro y se sumar\u00e1 con la participaci\u00f3n de chefs, cocineros tradicionales y artesanos. Destaca tambi\u00e9n la participaci\u00f3n de Natalia Lafourcade, quien el 1 y 2 de noviembre engalanar\u00e1 el festival ofreciendo dos conciertos como parte de su gira \u201cDe todas las flores\u201d. El festival contar\u00e1 con 3 altares monumentales, 330 presentaciones art\u00edsticas, 15 foros simult\u00e1neos, recorridos teatrales, entre otras actividades.<span class=\"Apple-converted-space\">\u00a0<\/span><\/b><\/p>\n","protected":false},"excerpt":{"rendered":"<p>&nbsp; Grupo Xcaret honrar\u00e1 la memoria de los muertos en la 17\u00b0 edici\u00f3n del Festival de&hellip;<\/p>\n","protected":false},"author":95,"featured_media":62467,"comment_status":"closed","ping_status":"closed","sticky":false,"template":"","format":"standard","meta":{"_acf_changed":false,"_lmt_disableupdate":"","_lmt_disable":"","_mbp_gutenberg_autopost":false,"footnotes":""},"categories":[476],"tags":[],"class_list":["post-62494","post","type-post","status-publish","format-standard","has-post-thumbnail","hentry","category-agenda"],"acf":[],"_links":{"self":[{"href":"https:\/\/l21.mx\/index.php?rest_route=\/wp\/v2\/posts\/62494","targetHints":{"allow":["GET"]}}],"collection":[{"href":"https:\/\/l21.mx\/index.php?rest_route=\/wp\/v2\/posts"}],"about":[{"href":"https:\/\/l21.mx\/index.php?rest_route=\/wp\/v2\/types\/post"}],"author":[{"embeddable":true,"href":"https:\/\/l21.mx\/index.php?rest_route=\/wp\/v2\/users\/95"}],"replies":[{"embeddable":true,"href":"https:\/\/l21.mx\/index.php?rest_route=%2Fwp%2Fv2%2Fcomments&post=62494"}],"version-history":[{"count":0,"href":"https:\/\/l21.mx\/index.php?rest_route=\/wp\/v2\/posts\/62494\/revisions"}],"wp:featuredmedia":[{"embeddable":true,"href":"https:\/\/l21.mx\/index.php?rest_route=\/wp\/v2\/media\/62467"}],"wp:attachment":[{"href":"https:\/\/l21.mx\/index.php?rest_route=%2Fwp%2Fv2%2Fmedia&parent=62494"}],"wp:term":[{"taxonomy":"category","embeddable":true,"href":"https:\/\/l21.mx\/index.php?rest_route=%2Fwp%2Fv2%2Fcategories&post=62494"},{"taxonomy":"post_tag","embeddable":true,"href":"https:\/\/l21.mx\/index.php?rest_route=%2Fwp%2Fv2%2Ftags&post=62494"}],"curies":[{"name":"wp","href":"https:\/\/api.w.org\/{rel}","templated":true}]}}