{"id":62532,"date":"2023-10-01T07:18:24","date_gmt":"2023-10-01T12:18:24","guid":{"rendered":"https:\/\/l21.mx\/?p=62532"},"modified":"2023-10-01T09:19:33","modified_gmt":"2023-10-01T14:19:33","slug":"ecoturismo-en-la-riviera-maya","status":"publish","type":"post","link":"https:\/\/l21.mx\/?p=62532","title":{"rendered":"Ecoturismo en la Riviera Maya"},"content":{"rendered":"<p><b>Recorridos de convivencia con la naturaleza atraen cada vez a m\u00e1s seguidores<\/b><\/p>\n<p><b>U<\/b>na nueva experiencia enriquecedora para visitantes y para la comunidad local se realiza en Uxuxubi, una comunidad de la Riviera Maya, en Quintana Roo. Se trata del aviturismo, enfocado en observar a las aves migratorias que a\u00f1o con a\u00f1o llegan a estos lugares de Quintana Roo.<\/p>\n<p>Aprovechando el Global Big Day (GBD), una iniciativa liderada por The Cornell Lab of Ornithology para recopilar datos sobre aves a nivel internacional, Eco-Bah\u00eda convoc\u00f3 a una visita especial a la comunidad de Uxuxubi, un lugar de gran biodiversidad y hogar de numerosas especies de aves.<\/p>\n<p>Los participantes destacaron la importancia de las aves, ya que desempe\u00f1an un papel fundamental en nuestro entorno, al ser indicadoras de la calidad del aire y la salud de los ecosistemas.<span class=\"Apple-converted-space\">\u00a0<\/span><\/p>\n<p>Adem\u00e1s de brindarnos maravillosos conciertos naturales con sus melod\u00edas, estas incre\u00edbles criaturas proporcionan servicios ecosist\u00e9micos esenciales, como la polinizaci\u00f3n y el control de poblaciones, incluyendo la regulaci\u00f3n de mosquitos.<\/p>\n<p>Alternativa tur\u00edstica<span class=\"Apple-converted-space\">\u00a0<\/span>sostenible<\/p>\n<p>Conscientes de ello, Eco-Bah\u00eda inaugur\u00f3 su actividad de aviturismo en esta comunidad, como una alternativa tur\u00edstica que promueve la pr\u00e1ctica sostenible y de bajo impacto ambiental.<span class=\"Apple-converted-space\">\u00a0<\/span><\/p>\n<p>Durante esta visita especial, un grupo reducido tuvo la oportunidad de apreciar la rica biodiversidad de aves que habita en la zona. Entre las especies avistadas, se destacaron ejemplares en peligro de extinci\u00f3n y bajo alg\u00fan grado de protecci\u00f3n.<\/p>\n<p>La actividad no solo ofreci\u00f3 una experiencia enriquecedora para los visitantes, sino que tambi\u00e9n brind\u00f3 un valor agregado a la comunidad local.<span class=\"Apple-converted-space\">\u00a0<\/span><\/p>\n<p>Como parte de la jornada, los participantes tuvieron la oportunidad de disfrutar de la belleza natural del lugar, visitar un cenote, degustar la gastronom\u00eda local y consumir productos artesanales, como la miel.<\/p>\n<p>Los organizadores agradecieron a los habitantes de Uxuxubi y a la organizaci\u00f3n Uxuxubi al Natural<span class=\"Apple-converted-space\">\u00a0 <\/span>por su colaboraci\u00f3n y por permitir establecer esta alianza.<span class=\"Apple-converted-space\">\u00a0<\/span><\/p>\n<p>\u201cCreemos firmemente en la importancia de proteger y valorar las aves, ya que ellas conectan nuestros mundos y son un indicativo de la salud de nuestros ecosistemas\u201d, destacaron.<\/p>\n<p>Explicaron que el Global Big Day ofrece la oportunidad de observar, compartir y conectar a nivel internacional. Al recopilar datos sobre la distribuci\u00f3n y el conteo poblacional de las aves, podemos contribuir a las investigaciones cient\u00edficas que tienen como objetivo proteger tanto a las especies como a sus h\u00e1bitats.<\/p>\n<p>Comentaron que seguir\u00e1n promoviendo el aviturismo sostenible como parte de su programa de monitoreo y protecci\u00f3n de fauna, y trabajando en estrecha colaboraci\u00f3n con comunidades locales y expertos en conservaci\u00f3n para preservar la diversidad biol\u00f3gica y garantizar un futuro sostenible para las aves migratorias. <span class=\"Apple-converted-space\">\u00a0<\/span><\/p>\n<div data-sliderid=\"39095\" id=\"penci-post-gallery__39095\" class=\"penci-post-gallery-container justified column-3\" data-height=\"150\" data-margin=\"3\"><a class=\"penci-gallery-ite item-gallery-justified\" href=\"https:\/\/l21.mx\/wp-content\/uploads\/2023\/10\/Capturas.jpg\" data-rel=\"penci-gallery-image-content\" ><img decoding=\"async\" src=\"https:\/\/l21.mx\/wp-content\/uploads\/2023\/10\/Capturas-585x853.jpg\" alt=\"\" title=\"Capturas\"><\/a><a class=\"penci-gallery-ite item-gallery-justified\" href=\"https:\/\/l21.mx\/wp-content\/uploads\/2023\/10\/fotografia.jpg\" data-rel=\"penci-gallery-image-content\" ><img decoding=\"async\" src=\"https:\/\/l21.mx\/wp-content\/uploads\/2023\/10\/fotografia-585x779.jpg\" alt=\"\" title=\"fotograf\u00eda\"><\/a><a class=\"penci-gallery-ite item-gallery-justified\" href=\"https:\/\/l21.mx\/wp-content\/uploads\/2023\/10\/Recorrido-1.jpg\" data-rel=\"penci-gallery-image-content\" ><img decoding=\"async\" src=\"https:\/\/l21.mx\/wp-content\/uploads\/2023\/10\/Recorrido-1-585x390.jpg\" alt=\"\" title=\"Recorrido-1\"><\/a><a class=\"penci-gallery-ite item-gallery-justified\" href=\"https:\/\/l21.mx\/wp-content\/uploads\/2023\/10\/Colibri-canelo-Isaias.jpg\" data-rel=\"penci-gallery-image-content\" ><img decoding=\"async\" src=\"https:\/\/l21.mx\/wp-content\/uploads\/2023\/10\/Colibri-canelo-Isaias-585x390.jpg\" alt=\"\" title=\"Colibr\u00ed-canelo-Isaias\"><\/a><a class=\"penci-gallery-ite item-gallery-justified\" href=\"https:\/\/l21.mx\/wp-content\/uploads\/2023\/10\/Leonor-Vazquez.jpg\" data-rel=\"penci-gallery-image-content\" ><img decoding=\"async\" src=\"https:\/\/l21.mx\/wp-content\/uploads\/2023\/10\/Leonor-Vazquez-585x731.jpg\" alt=\"\" title=\"Leonor-V\u00e1zquez\"><\/a><a class=\"penci-gallery-ite item-gallery-justified\" href=\"https:\/\/l21.mx\/wp-content\/uploads\/2023\/10\/Elias-Siebenborn.jpg\" data-rel=\"penci-gallery-image-content\" ><img decoding=\"async\" src=\"https:\/\/l21.mx\/wp-content\/uploads\/2023\/10\/Elias-Siebenborn-585x390.jpg\" alt=\"\" title=\"Elias-Siebenborn\"><\/a><a class=\"penci-gallery-ite item-gallery-justified\" href=\"https:\/\/l21.mx\/wp-content\/uploads\/2023\/10\/Elias-Siebenborn-2.jpg\" data-rel=\"penci-gallery-image-content\" ><img decoding=\"async\" src=\"https:\/\/l21.mx\/wp-content\/uploads\/2023\/10\/Elias-Siebenborn-2-585x460.jpg\" alt=\"\" title=\"Elias-Siebenborn-2\"><\/a><a class=\"penci-gallery-ite item-gallery-justified\" href=\"https:\/\/l21.mx\/wp-content\/uploads\/2023\/10\/Recorrido-4.jpg\" data-rel=\"penci-gallery-image-content\" ><img decoding=\"async\" src=\"https:\/\/l21.mx\/wp-content\/uploads\/2023\/10\/Recorrido-4-585x390.jpg\" alt=\"\" title=\"Recorrido-4\"><\/a><a class=\"penci-gallery-ite item-gallery-justified\" href=\"https:\/\/l21.mx\/wp-content\/uploads\/2023\/10\/Recorrido-3.jpg\" data-rel=\"penci-gallery-image-content\" ><img decoding=\"async\" src=\"https:\/\/l21.mx\/wp-content\/uploads\/2023\/10\/Recorrido-3-585x390.jpg\" alt=\"\" title=\"Recorrido-3\"><\/a><\/div>\n","protected":false},"excerpt":{"rendered":"<p>Recorridos de convivencia con la naturaleza atraen cada vez a m\u00e1s seguidores Una nueva experiencia enriquecedora&hellip;<\/p>\n","protected":false},"author":95,"featured_media":62533,"comment_status":"closed","ping_status":"closed","sticky":false,"template":"","format":"standard","meta":{"_acf_changed":false,"_lmt_disableupdate":"","_lmt_disable":"","_mbp_gutenberg_autopost":false,"footnotes":""},"categories":[4,23],"tags":[],"class_list":["post-62532","post","type-post","status-publish","format-standard","has-post-thumbnail","hentry","category-empresas-y-negocios","category-noticias"],"acf":[],"yoast_head":"<!-- This site is optimized with the Yoast SEO plugin v27.3 - https:\/\/yoast.com\/product\/yoast-seo-wordpress\/ -->\n<title>Ecoturismo en la Riviera Maya | Revista Latitud 21<\/title>\n<meta name=\"description\" content=\"L21, Emprendedores y Negocios en el Caribe Mexicano, es la revista l\u00edder entre el Sector Empresarial y Tur\u00edstico del Caribe Mexicano.\" \/>\n<meta name=\"robots\" content=\"index, follow, max-snippet:-1, max-image-preview:large, max-video-preview:-1\" \/>\n<link rel=\"canonical\" href=\"https:\/\/l21.mx\/?p=62532\" \/>\n<meta name=\"twitter:card\" content=\"summary_large_image\" \/>\n<meta name=\"twitter:title\" content=\"Ecoturismo en la Riviera Maya | Revista Latitud 21\" \/>\n<meta name=\"twitter:description\" content=\"L21, Emprendedores y Negocios en el Caribe Mexicano, es la revista l\u00edder entre el Sector Empresarial y Tur\u00edstico del Caribe Mexicano.\" \/>\n<meta name=\"twitter:image\" content=\"https:\/\/l21.mx\/wp-content\/uploads\/2023\/10\/Recorrido-3.jpg\" \/>\n<meta name=\"twitter:creator\" content=\"@Latitud21mx\" \/>\n<meta name=\"twitter:site\" content=\"@Latitud21mx\" \/>\n<meta name=\"twitter:label1\" content=\"Escrito por\" \/>\n\t<meta name=\"twitter:data1\" content=\"ahernandez@latitud21.com.mx\" \/>\n\t<meta name=\"twitter:label2\" content=\"Tiempo de lectura\" \/>\n\t<meta name=\"twitter:data2\" content=\"2 minutos\" \/>\n<script type=\"application\/ld+json\" class=\"yoast-schema-graph\">{\"@context\":\"https:\\\/\\\/schema.org\",\"@graph\":[{\"@type\":\"Article\",\"@id\":\"https:\\\/\\\/l21.mx\\\/?p=62532#article\",\"isPartOf\":{\"@id\":\"https:\\\/\\\/l21.mx\\\/?p=62532\"},\"author\":{\"name\":\"ahernandez@latitud21.com.mx\",\"@id\":\"https:\\\/\\\/l21.mx\\\/#\\\/schema\\\/person\\\/b3cb342bb947a88e1fc27e05770479da\"},\"headline\":\"Ecoturismo en la Riviera Maya\",\"datePublished\":\"2023-10-01T12:18:24+00:00\",\"dateModified\":\"2023-10-01T14:19:33+00:00\",\"mainEntityOfPage\":{\"@id\":\"https:\\\/\\\/l21.mx\\\/?p=62532\"},\"wordCount\":470,\"publisher\":{\"@id\":\"https:\\\/\\\/l21.mx\\\/#organization\"},\"image\":{\"@id\":\"https:\\\/\\\/l21.mx\\\/?p=62532#primaryimage\"},\"thumbnailUrl\":\"https:\\\/\\\/l21.mx\\\/wp-content\\\/uploads\\\/2023\\\/10\\\/Recorrido-3.jpg\",\"articleSection\":[\"Empresas y Negocios\",\"Noticias\"],\"inLanguage\":\"es\"},{\"@type\":\"WebPage\",\"@id\":\"https:\\\/\\\/l21.mx\\\/?p=62532\",\"url\":\"https:\\\/\\\/l21.mx\\\/?p=62532\",\"name\":\"Ecoturismo en la Riviera Maya | Revista Latitud 21\",\"isPartOf\":{\"@id\":\"https:\\\/\\\/l21.mx\\\/#website\"},\"primaryImageOfPage\":{\"@id\":\"https:\\\/\\\/l21.mx\\\/?p=62532#primaryimage\"},\"image\":{\"@id\":\"https:\\\/\\\/l21.mx\\\/?p=62532#primaryimage\"},\"thumbnailUrl\":\"https:\\\/\\\/l21.mx\\\/wp-content\\\/uploads\\\/2023\\\/10\\\/Recorrido-3.jpg\",\"datePublished\":\"2023-10-01T12:18:24+00:00\",\"dateModified\":\"2023-10-01T14:19:33+00:00\",\"description\":\"L21, Emprendedores y Negocios en el Caribe Mexicano, es la revista l\u00edder entre el Sector Empresarial y Tur\u00edstico del Caribe Mexicano.\",\"breadcrumb\":{\"@id\":\"https:\\\/\\\/l21.mx\\\/?p=62532#breadcrumb\"},\"inLanguage\":\"es\",\"potentialAction\":[{\"@type\":\"ReadAction\",\"target\":[\"https:\\\/\\\/l21.mx\\\/?p=62532\"]}]},{\"@type\":\"ImageObject\",\"inLanguage\":\"es\",\"@id\":\"https:\\\/\\\/l21.mx\\\/?p=62532#primaryimage\",\"url\":\"https:\\\/\\\/l21.mx\\\/wp-content\\\/uploads\\\/2023\\\/10\\\/Recorrido-3.jpg\",\"contentUrl\":\"https:\\\/\\\/l21.mx\\\/wp-content\\\/uploads\\\/2023\\\/10\\\/Recorrido-3.jpg\",\"width\":1500,\"height\":1000},{\"@type\":\"BreadcrumbList\",\"@id\":\"https:\\\/\\\/l21.mx\\\/?p=62532#breadcrumb\",\"itemListElement\":[{\"@type\":\"ListItem\",\"position\":1,\"name\":\"Portada\",\"item\":\"https:\\\/\\\/l21.mx\\\/\"},{\"@type\":\"ListItem\",\"position\":2,\"name\":\"Ecoturismo en la Riviera Maya\"}]},{\"@type\":\"WebSite\",\"@id\":\"https:\\\/\\\/l21.mx\\\/#website\",\"url\":\"https:\\\/\\\/l21.mx\\\/\",\"name\":\"Revista Latitud 21\",\"description\":\"Emprendedores  y negocios en el Caribe Mexicano\",\"publisher\":{\"@id\":\"https:\\\/\\\/l21.mx\\\/#organization\"},\"potentialAction\":[{\"@type\":\"SearchAction\",\"target\":{\"@type\":\"EntryPoint\",\"urlTemplate\":\"https:\\\/\\\/l21.mx\\\/?s={search_term_string}\"},\"query-input\":{\"@type\":\"PropertyValueSpecification\",\"valueRequired\":true,\"valueName\":\"search_term_string\"}}],\"inLanguage\":\"es\"},{\"@type\":\"Organization\",\"@id\":\"https:\\\/\\\/l21.mx\\\/#organization\",\"name\":\"Grupo Editorial Latitud 21 SA de CV\",\"url\":\"https:\\\/\\\/l21.mx\\\/\",\"logo\":{\"@type\":\"ImageObject\",\"inLanguage\":\"es\",\"@id\":\"https:\\\/\\\/l21.mx\\\/#\\\/schema\\\/logo\\\/image\\\/\",\"url\":\"https:\\\/\\\/l21.mx\\\/wp-content\\\/uploads\\\/2020\\\/10\\\/logo-l21-baja.jpg\",\"contentUrl\":\"https:\\\/\\\/l21.mx\\\/wp-content\\\/uploads\\\/2020\\\/10\\\/logo-l21-baja.jpg\",\"width\":250,\"height\":250,\"caption\":\"Grupo Editorial Latitud 21 SA de CV\"},\"image\":{\"@id\":\"https:\\\/\\\/l21.mx\\\/#\\\/schema\\\/logo\\\/image\\\/\"},\"sameAs\":[\"https:\\\/\\\/www.facebook.com\\\/RevistaLatitud21\\\/\",\"https:\\\/\\\/x.com\\\/Latitud21mx\"]},{\"@type\":\"Person\",\"@id\":\"https:\\\/\\\/l21.mx\\\/#\\\/schema\\\/person\\\/b3cb342bb947a88e1fc27e05770479da\",\"name\":\"ahernandez@latitud21.com.mx\",\"url\":\"https:\\\/\\\/l21.mx\\\/?author=95\"}]}<\/script>\n<!-- \/ Yoast SEO plugin. -->","yoast_head_json":{"title":"Ecoturismo en la Riviera Maya | Revista Latitud 21","description":"L21, Emprendedores y Negocios en el Caribe Mexicano, es la revista l\u00edder entre el Sector Empresarial y Tur\u00edstico del Caribe Mexicano.","robots":{"index":"index","follow":"follow","max-snippet":"max-snippet:-1","max-image-preview":"max-image-preview:large","max-video-preview":"max-video-preview:-1"},"canonical":"https:\/\/l21.mx\/?p=62532","twitter_card":"summary_large_image","twitter_title":"Ecoturismo en la Riviera Maya | Revista Latitud 21","twitter_description":"L21, Emprendedores y Negocios en el Caribe Mexicano, es la revista l\u00edder entre el Sector Empresarial y Tur\u00edstico del Caribe Mexicano.","twitter_image":"https:\/\/l21.mx\/wp-content\/uploads\/2023\/10\/Recorrido-3.jpg","twitter_creator":"@Latitud21mx","twitter_site":"@Latitud21mx","twitter_misc":{"Escrito por":"ahernandez@latitud21.com.mx","Tiempo de lectura":"2 minutos"},"schema":{"@context":"https:\/\/schema.org","@graph":[{"@type":"Article","@id":"https:\/\/l21.mx\/?p=62532#article","isPartOf":{"@id":"https:\/\/l21.mx\/?p=62532"},"author":{"name":"ahernandez@latitud21.com.mx","@id":"https:\/\/l21.mx\/#\/schema\/person\/b3cb342bb947a88e1fc27e05770479da"},"headline":"Ecoturismo en la Riviera Maya","datePublished":"2023-10-01T12:18:24+00:00","dateModified":"2023-10-01T14:19:33+00:00","mainEntityOfPage":{"@id":"https:\/\/l21.mx\/?p=62532"},"wordCount":470,"publisher":{"@id":"https:\/\/l21.mx\/#organization"},"image":{"@id":"https:\/\/l21.mx\/?p=62532#primaryimage"},"thumbnailUrl":"https:\/\/l21.mx\/wp-content\/uploads\/2023\/10\/Recorrido-3.jpg","articleSection":["Empresas y Negocios","Noticias"],"inLanguage":"es"},{"@type":"WebPage","@id":"https:\/\/l21.mx\/?p=62532","url":"https:\/\/l21.mx\/?p=62532","name":"Ecoturismo en la Riviera Maya | Revista Latitud 21","isPartOf":{"@id":"https:\/\/l21.mx\/#website"},"primaryImageOfPage":{"@id":"https:\/\/l21.mx\/?p=62532#primaryimage"},"image":{"@id":"https:\/\/l21.mx\/?p=62532#primaryimage"},"thumbnailUrl":"https:\/\/l21.mx\/wp-content\/uploads\/2023\/10\/Recorrido-3.jpg","datePublished":"2023-10-01T12:18:24+00:00","dateModified":"2023-10-01T14:19:33+00:00","description":"L21, Emprendedores y Negocios en el Caribe Mexicano, es la revista l\u00edder entre el Sector Empresarial y Tur\u00edstico del Caribe Mexicano.","breadcrumb":{"@id":"https:\/\/l21.mx\/?p=62532#breadcrumb"},"inLanguage":"es","potentialAction":[{"@type":"ReadAction","target":["https:\/\/l21.mx\/?p=62532"]}]},{"@type":"ImageObject","inLanguage":"es","@id":"https:\/\/l21.mx\/?p=62532#primaryimage","url":"https:\/\/l21.mx\/wp-content\/uploads\/2023\/10\/Recorrido-3.jpg","contentUrl":"https:\/\/l21.mx\/wp-content\/uploads\/2023\/10\/Recorrido-3.jpg","width":1500,"height":1000},{"@type":"BreadcrumbList","@id":"https:\/\/l21.mx\/?p=62532#breadcrumb","itemListElement":[{"@type":"ListItem","position":1,"name":"Portada","item":"https:\/\/l21.mx\/"},{"@type":"ListItem","position":2,"name":"Ecoturismo en la Riviera Maya"}]},{"@type":"WebSite","@id":"https:\/\/l21.mx\/#website","url":"https:\/\/l21.mx\/","name":"Revista Latitud 21","description":"Emprendedores  y negocios en el Caribe Mexicano","publisher":{"@id":"https:\/\/l21.mx\/#organization"},"potentialAction":[{"@type":"SearchAction","target":{"@type":"EntryPoint","urlTemplate":"https:\/\/l21.mx\/?s={search_term_string}"},"query-input":{"@type":"PropertyValueSpecification","valueRequired":true,"valueName":"search_term_string"}}],"inLanguage":"es"},{"@type":"Organization","@id":"https:\/\/l21.mx\/#organization","name":"Grupo Editorial Latitud 21 SA de CV","url":"https:\/\/l21.mx\/","logo":{"@type":"ImageObject","inLanguage":"es","@id":"https:\/\/l21.mx\/#\/schema\/logo\/image\/","url":"https:\/\/l21.mx\/wp-content\/uploads\/2020\/10\/logo-l21-baja.jpg","contentUrl":"https:\/\/l21.mx\/wp-content\/uploads\/2020\/10\/logo-l21-baja.jpg","width":250,"height":250,"caption":"Grupo Editorial Latitud 21 SA de CV"},"image":{"@id":"https:\/\/l21.mx\/#\/schema\/logo\/image\/"},"sameAs":["https:\/\/www.facebook.com\/RevistaLatitud21\/","https:\/\/x.com\/Latitud21mx"]},{"@type":"Person","@id":"https:\/\/l21.mx\/#\/schema\/person\/b3cb342bb947a88e1fc27e05770479da","name":"ahernandez@latitud21.com.mx","url":"https:\/\/l21.mx\/?author=95"}]}},"amp_enabled":true,"_links":{"self":[{"href":"https:\/\/l21.mx\/index.php?rest_route=\/wp\/v2\/posts\/62532","targetHints":{"allow":["GET"]}}],"collection":[{"href":"https:\/\/l21.mx\/index.php?rest_route=\/wp\/v2\/posts"}],"about":[{"href":"https:\/\/l21.mx\/index.php?rest_route=\/wp\/v2\/types\/post"}],"author":[{"embeddable":true,"href":"https:\/\/l21.mx\/index.php?rest_route=\/wp\/v2\/users\/95"}],"replies":[{"embeddable":true,"href":"https:\/\/l21.mx\/index.php?rest_route=%2Fwp%2Fv2%2Fcomments&post=62532"}],"version-history":[{"count":1,"href":"https:\/\/l21.mx\/index.php?rest_route=\/wp\/v2\/posts\/62532\/revisions"}],"predecessor-version":[{"id":62542,"href":"https:\/\/l21.mx\/index.php?rest_route=\/wp\/v2\/posts\/62532\/revisions\/62542"}],"wp:featuredmedia":[{"embeddable":true,"href":"https:\/\/l21.mx\/index.php?rest_route=\/wp\/v2\/media\/62533"}],"wp:attachment":[{"href":"https:\/\/l21.mx\/index.php?rest_route=%2Fwp%2Fv2%2Fmedia&parent=62532"}],"wp:term":[{"taxonomy":"category","embeddable":true,"href":"https:\/\/l21.mx\/index.php?rest_route=%2Fwp%2Fv2%2Fcategories&post=62532"},{"taxonomy":"post_tag","embeddable":true,"href":"https:\/\/l21.mx\/index.php?rest_route=%2Fwp%2Fv2%2Ftags&post=62532"}],"curies":[{"name":"wp","href":"https:\/\/api.w.org\/{rel}","templated":true}]}}