{"id":62616,"date":"2023-10-01T11:17:03","date_gmt":"2023-10-01T16:17:03","guid":{"rendered":"https:\/\/l21.mx\/?p=62616"},"modified":"2023-10-01T11:17:03","modified_gmt":"2023-10-01T16:17:03","slug":"puerto-morelos-sede-de-la-septima-summer-polo-cup","status":"publish","type":"post","link":"https:\/\/l21.mx\/?p=62616","title":{"rendered":"Puerto Morelos, sede de la s\u00e9ptima Summer Polo Cup"},"content":{"rendered":"<p>*Recibe el Polo Country Club, en la Ruta de los Cenotes, a grandes competidores de esta disciplina de \u00e9lite, consolidando al municipio como destino deportivo<\/p>\n<p><a href=\"https:\/\/l21.mx\/wp-content\/uploads\/2023\/10\/polo-2.jpeg\" data-rel=\"penci-gallery-image-content\" ><img fetchpriority=\"high\" decoding=\"async\" class=\"alignnone size-medium wp-image-62617\" src=\"https:\/\/l21.mx\/wp-content\/uploads\/2023\/10\/polo-2-300x200.jpeg\" alt=\"\" width=\"300\" height=\"200\" srcset=\"https:\/\/l21.mx\/wp-content\/uploads\/2023\/10\/polo-2-300x200.jpeg 300w, https:\/\/l21.mx\/wp-content\/uploads\/2023\/10\/polo-2-1024x682.jpeg 1024w, https:\/\/l21.mx\/wp-content\/uploads\/2023\/10\/polo-2-768x512.jpeg 768w, https:\/\/l21.mx\/wp-content\/uploads\/2023\/10\/polo-2-1200x800.jpeg 1200w, https:\/\/l21.mx\/wp-content\/uploads\/2023\/10\/polo-2-1170x780.jpeg 1170w, https:\/\/l21.mx\/wp-content\/uploads\/2023\/10\/polo-2-585x390.jpeg 585w, https:\/\/l21.mx\/wp-content\/uploads\/2023\/10\/polo-2-263x175.jpeg 263w, https:\/\/l21.mx\/wp-content\/uploads\/2023\/10\/polo-2.jpeg 1280w\" sizes=\"(max-width: 300px) 100vw, 300px\" \/><\/a><\/p>\n<p>El secretario general del Ayuntamiento, Jos\u00e9 de Jes\u00fas Espinosa Pay\u00e1n dio la bienvenida a los participantes de la \u201cS\u00e9ptima Summer Polo Cup\u201d, que se llev\u00f3 a cabo en las instalaciones del Rey Polo Country Club, ubicado en la Ruta de los Cenotes.<br \/>\nEl encargado de la pol\u00edtica interna del municipio, quien acudi\u00f3 al evento en representaci\u00f3n de la alcaldesa Blanca Merari Tziu Mu\u00f1oz, agradeci\u00f3 a los organizadores, especialmente a Manolo y Renata Calvo, por contribuir a la consolidaci\u00f3n de Puerto Morelos como destino deportivo de talla internacional.<br \/>\n\u201cContamos con la infraestructura necesaria, servicios y, especialmente, con las bellezas naturales que nos hacen un lugar de oportunidades de inversi\u00f3n y desarrollo\u201d, se\u00f1al\u00f3 en su discurso ante decenas de aficionados y competidores.<br \/>\nJos\u00e9 de Jes\u00fas Espinosa Pay\u00e1n fue el encargado del \u201cThrowing\u201d o lanzamiento de la bola inicial, del primer encuentro. Los equipos participantes fueron Euforia, Ekucane, Okun y Lemus.<\/p>\n<p><a href=\"https:\/\/l21.mx\/wp-content\/uploads\/2023\/10\/polo-1.jpeg\" data-rel=\"penci-gallery-image-content\" ><img decoding=\"async\" class=\"alignnone size-medium wp-image-62619\" src=\"https:\/\/l21.mx\/wp-content\/uploads\/2023\/10\/polo-1-300x200.jpeg\" alt=\"\" width=\"300\" height=\"200\" srcset=\"https:\/\/l21.mx\/wp-content\/uploads\/2023\/10\/polo-1-300x200.jpeg 300w, https:\/\/l21.mx\/wp-content\/uploads\/2023\/10\/polo-1-1024x682.jpeg 1024w, https:\/\/l21.mx\/wp-content\/uploads\/2023\/10\/polo-1-768x512.jpeg 768w, https:\/\/l21.mx\/wp-content\/uploads\/2023\/10\/polo-1-1200x800.jpeg 1200w, https:\/\/l21.mx\/wp-content\/uploads\/2023\/10\/polo-1-1170x780.jpeg 1170w, https:\/\/l21.mx\/wp-content\/uploads\/2023\/10\/polo-1-585x390.jpeg 585w, https:\/\/l21.mx\/wp-content\/uploads\/2023\/10\/polo-1-263x175.jpeg 263w, https:\/\/l21.mx\/wp-content\/uploads\/2023\/10\/polo-1.jpeg 1280w\" sizes=\"(max-width: 300px) 100vw, 300px\" \/><\/a><br \/>\nPor su parte, Froyl\u00e1n Caballero, de la Federaci\u00f3n Mexicana de Polo y director de Polo Life, explic\u00f3 que lo equipos participantes contaron con un handicap de 6 a 8 goles, lo que muestra el alto nivel de competencia, algunos de ellos de Argentina, Guatemala, Ciudad de M\u00e9xico, Guadalajara y, por supuesto, el anfitri\u00f3n Puerto Morelos.<br \/>\nAsimismo, resalt\u00f3 que es un deporte en el que grandes y chicos pueden formar equipos, adem\u00e1s de ser un evento que re\u00fane a patrocinadores y marcas que apoyan el deporte y hacen que se generen empleos y dejar una gran derrama econ\u00f3mica en la localidad.<br \/>\nEn tanto, el secretario municipal de Turismo Sustentable, Miguel C\u00e1mara Ruiz, destac\u00f3 la apertura de espacios a las muestras de arte local como la pintura, los bordados y urdidos de hamacas de artesanos de Leona Vicario.<br \/>\n&#8212;&#8211;00000&#8212;-<\/p>\n","protected":false},"excerpt":{"rendered":"<p>*Recibe el Polo Country Club, en la Ruta de los Cenotes, a grandes competidores de esta&hellip;<\/p>\n","protected":false},"author":100,"featured_media":62618,"comment_status":"closed","ping_status":"closed","sticky":false,"template":"","format":"standard","meta":{"_acf_changed":false,"_lmt_disableupdate":"","_lmt_disable":"","_mbp_gutenberg_autopost":false,"footnotes":""},"categories":[23,1656],"tags":[],"class_list":["post-62616","post","type-post","status-publish","format-standard","has-post-thumbnail","hentry","category-noticias","category-quintana-roo"],"acf":[],"_links":{"self":[{"href":"https:\/\/l21.mx\/index.php?rest_route=\/wp\/v2\/posts\/62616","targetHints":{"allow":["GET"]}}],"collection":[{"href":"https:\/\/l21.mx\/index.php?rest_route=\/wp\/v2\/posts"}],"about":[{"href":"https:\/\/l21.mx\/index.php?rest_route=\/wp\/v2\/types\/post"}],"author":[{"embeddable":true,"href":"https:\/\/l21.mx\/index.php?rest_route=\/wp\/v2\/users\/100"}],"replies":[{"embeddable":true,"href":"https:\/\/l21.mx\/index.php?rest_route=%2Fwp%2Fv2%2Fcomments&post=62616"}],"version-history":[{"count":0,"href":"https:\/\/l21.mx\/index.php?rest_route=\/wp\/v2\/posts\/62616\/revisions"}],"wp:featuredmedia":[{"embeddable":true,"href":"https:\/\/l21.mx\/index.php?rest_route=\/wp\/v2\/media\/62618"}],"wp:attachment":[{"href":"https:\/\/l21.mx\/index.php?rest_route=%2Fwp%2Fv2%2Fmedia&parent=62616"}],"wp:term":[{"taxonomy":"category","embeddable":true,"href":"https:\/\/l21.mx\/index.php?rest_route=%2Fwp%2Fv2%2Fcategories&post=62616"},{"taxonomy":"post_tag","embeddable":true,"href":"https:\/\/l21.mx\/index.php?rest_route=%2Fwp%2Fv2%2Ftags&post=62616"}],"curies":[{"name":"wp","href":"https:\/\/api.w.org\/{rel}","templated":true}]}}