{"id":62686,"date":"2023-10-02T11:07:24","date_gmt":"2023-10-02T16:07:24","guid":{"rendered":"https:\/\/l21.mx\/?p=62686"},"modified":"2023-10-02T11:07:24","modified_gmt":"2023-10-02T16:07:24","slug":"isla-mujeres-celebra-8-anos-de-tener-el-nombramiento-de-pueblo-magico","status":"publish","type":"post","link":"https:\/\/l21.mx\/?p=62686","title":{"rendered":"Isla Mujeres celebra 8 a\u00f1os de tener el nombramiento de Pueblo M\u00e1gico"},"content":{"rendered":"<p>&nbsp;<\/p>\n<p>Isla Mujeres conmemora el octavo aniversario de su nombramiento como Pueblo M\u00e1gico, un t\u00edtulo que ha contribuido al fortalecimiento del turismo y a la preservaci\u00f3n de su rica herencia cultural y natural.<\/p>\n<p><a href=\"https:\/\/l21.mx\/wp-content\/uploads\/2023\/10\/isla-mujeres-4.jpeg\" data-rel=\"penci-gallery-image-content\" ><img fetchpriority=\"high\" decoding=\"async\" class=\"alignnone size-medium wp-image-62689\" src=\"https:\/\/l21.mx\/wp-content\/uploads\/2023\/10\/isla-mujeres-4-300x200.jpeg\" alt=\"\" width=\"300\" height=\"200\" srcset=\"https:\/\/l21.mx\/wp-content\/uploads\/2023\/10\/isla-mujeres-4-300x200.jpeg 300w, https:\/\/l21.mx\/wp-content\/uploads\/2023\/10\/isla-mujeres-4-1024x682.jpeg 1024w, https:\/\/l21.mx\/wp-content\/uploads\/2023\/10\/isla-mujeres-4-768x512.jpeg 768w, https:\/\/l21.mx\/wp-content\/uploads\/2023\/10\/isla-mujeres-4-1536x1023.jpeg 1536w, https:\/\/l21.mx\/wp-content\/uploads\/2023\/10\/isla-mujeres-4-1200x800.jpeg 1200w, https:\/\/l21.mx\/wp-content\/uploads\/2023\/10\/isla-mujeres-4-1170x780.jpeg 1170w, https:\/\/l21.mx\/wp-content\/uploads\/2023\/10\/isla-mujeres-4-585x390.jpeg 585w, https:\/\/l21.mx\/wp-content\/uploads\/2023\/10\/isla-mujeres-4-263x175.jpeg 263w, https:\/\/l21.mx\/wp-content\/uploads\/2023\/10\/isla-mujeres-4.jpeg 1600w\" sizes=\"(max-width: 300px) 100vw, 300px\" \/><\/a><\/p>\n<p>El nombramiento como Pueblo M\u00e1gico, otorgado por la Secretar\u00eda de Turismo de M\u00e9xico, no solo es un reconocimiento al encanto que define a Isla Mujeres, sino tambi\u00e9n un compromiso para preservar y promover sus valores culturales, hist\u00f3ricos y gastron\u00f3micos. Este t\u00edtulo conlleva la responsabilidad de fomentar un turismo sustentable y respetuoso del entorno.<\/p>\n<p>Isla Mujeres, con sus playas paradis\u00edacas, aguas cristalinas y una herencia cultural viva, ha sido un im\u00e1n para viajeros en busca de autenticidad y experiencias enriquecedoras. La isla ofrece no solo un escape natural, sino tambi\u00e9n una deliciosa muestra de la gastronom\u00eda local, rica en sabores y tradiciones.<\/p>\n<p><a href=\"https:\/\/l21.mx\/wp-content\/uploads\/2023\/10\/isla-mujeres-1.jpeg\" data-rel=\"penci-gallery-image-content\" ><img decoding=\"async\" class=\"alignnone size-medium wp-image-62691\" src=\"https:\/\/l21.mx\/wp-content\/uploads\/2023\/10\/isla-mujeres-1-300x200.jpeg\" alt=\"\" width=\"300\" height=\"200\" srcset=\"https:\/\/l21.mx\/wp-content\/uploads\/2023\/10\/isla-mujeres-1-300x200.jpeg 300w, https:\/\/l21.mx\/wp-content\/uploads\/2023\/10\/isla-mujeres-1-1024x682.jpeg 1024w, https:\/\/l21.mx\/wp-content\/uploads\/2023\/10\/isla-mujeres-1-768x512.jpeg 768w, https:\/\/l21.mx\/wp-content\/uploads\/2023\/10\/isla-mujeres-1-1536x1023.jpeg 1536w, https:\/\/l21.mx\/wp-content\/uploads\/2023\/10\/isla-mujeres-1-1200x800.jpeg 1200w, https:\/\/l21.mx\/wp-content\/uploads\/2023\/10\/isla-mujeres-1-1170x780.jpeg 1170w, https:\/\/l21.mx\/wp-content\/uploads\/2023\/10\/isla-mujeres-1-585x390.jpeg 585w, https:\/\/l21.mx\/wp-content\/uploads\/2023\/10\/isla-mujeres-1-263x175.jpeg 263w, https:\/\/l21.mx\/wp-content\/uploads\/2023\/10\/isla-mujeres-1.jpeg 1600w\" sizes=\"(max-width: 300px) 100vw, 300px\" \/><\/a><\/p>\n<p>En este contexto, la alcaldesa Atenea G\u00f3mez Ricalde ha desempe\u00f1ado un papel crucial para mantener este distintivo de Pueblo M\u00e1gico. A trav\u00e9s de la Direcci\u00f3n General de Desarrollo Econ\u00f3mico y Turismo, los esfuerzos se han centrado en fortalecer la industria tur\u00edstica, vital para la econom\u00eda de las familias isle\u00f1as. La promoci\u00f3n tur\u00edstica activa y estrat\u00e9gica ha posicionado a Isla Mujeres como un destino atractivo, captando la atenci\u00f3n de visitantes de todo el mundo.<\/p>\n<p>Adem\u00e1s, no podemos dejar de resaltar la presencia de paradores tur\u00edsticos emblem\u00e1ticos como el Malec\u00f3n Caribe y el Parque Escult\u00f3rico de Punta Sur. Estos sitios, integrados al corredor tur\u00edstico de la isla, ofrecen a los turistas una experiencia inolvidable al combinar la naturaleza con la expresi\u00f3n art\u00edstica y cultural.<\/p>\n<p><a href=\"https:\/\/l21.mx\/wp-content\/uploads\/2023\/10\/isla-mujeres-5.jpeg\" data-rel=\"penci-gallery-image-content\" ><img decoding=\"async\" class=\"alignnone size-medium wp-image-62690\" src=\"https:\/\/l21.mx\/wp-content\/uploads\/2023\/10\/isla-mujeres-5-300x200.jpeg\" alt=\"\" width=\"300\" height=\"200\" srcset=\"https:\/\/l21.mx\/wp-content\/uploads\/2023\/10\/isla-mujeres-5-300x200.jpeg 300w, https:\/\/l21.mx\/wp-content\/uploads\/2023\/10\/isla-mujeres-5-1024x682.jpeg 1024w, https:\/\/l21.mx\/wp-content\/uploads\/2023\/10\/isla-mujeres-5-768x512.jpeg 768w, https:\/\/l21.mx\/wp-content\/uploads\/2023\/10\/isla-mujeres-5-1536x1023.jpeg 1536w, https:\/\/l21.mx\/wp-content\/uploads\/2023\/10\/isla-mujeres-5-1200x800.jpeg 1200w, https:\/\/l21.mx\/wp-content\/uploads\/2023\/10\/isla-mujeres-5-1170x780.jpeg 1170w, https:\/\/l21.mx\/wp-content\/uploads\/2023\/10\/isla-mujeres-5-585x390.jpeg 585w, https:\/\/l21.mx\/wp-content\/uploads\/2023\/10\/isla-mujeres-5-263x175.jpeg 263w, https:\/\/l21.mx\/wp-content\/uploads\/2023\/10\/isla-mujeres-5.jpeg 1600w\" sizes=\"(max-width: 300px) 100vw, 300px\" \/><\/a><\/p>\n<p>En este 8vo. Aniversario de Isla Mujeres como Pueblo M\u00e1gico, se celebra la magia que emana de esta isla y se reafirma el compromiso de preservarla y promoverla como un destino aut\u00e9ntico y excepcional. Isla Mujeres sigue siendo un lugar donde la magia de la naturaleza y la cultura se encuentran para ofrecer a los visitantes una experiencia \u00fanica.<\/p>\n<p><a href=\"https:\/\/l21.mx\/wp-content\/uploads\/2023\/10\/isla-mujeres-2.jpeg\" data-rel=\"penci-gallery-image-content\" ><img loading=\"lazy\" decoding=\"async\" class=\"alignnone size-medium wp-image-62687\" src=\"https:\/\/l21.mx\/wp-content\/uploads\/2023\/10\/isla-mujeres-2-210x300.jpeg\" alt=\"\" width=\"210\" height=\"300\" srcset=\"https:\/\/l21.mx\/wp-content\/uploads\/2023\/10\/isla-mujeres-2-210x300.jpeg 210w, https:\/\/l21.mx\/wp-content\/uploads\/2023\/10\/isla-mujeres-2.jpeg 560w\" sizes=\"(max-width: 210px) 100vw, 210px\" \/><\/a><\/p>\n","protected":false},"excerpt":{"rendered":"<p>&nbsp; Isla Mujeres conmemora el octavo aniversario de su nombramiento como Pueblo M\u00e1gico, un t\u00edtulo que&hellip;<\/p>\n","protected":false},"author":100,"featured_media":62688,"comment_status":"closed","ping_status":"closed","sticky":false,"template":"","format":"standard","meta":{"_acf_changed":false,"_lmt_disableupdate":"","_lmt_disable":"","_mbp_gutenberg_autopost":false,"footnotes":""},"categories":[23,1656],"tags":[],"class_list":["post-62686","post","type-post","status-publish","format-standard","has-post-thumbnail","hentry","category-noticias","category-quintana-roo"],"acf":[],"yoast_head":"<!-- This site is optimized with the Yoast SEO plugin v27.3 - https:\/\/yoast.com\/product\/yoast-seo-wordpress\/ -->\n<title>Isla Mujeres celebra 8 a\u00f1os de tener el nombramiento de Pueblo M\u00e1gico | Revista Latitud 21<\/title>\n<meta name=\"description\" content=\"L21, Emprendedores y Negocios en el Caribe Mexicano, es la revista l\u00edder entre el Sector Empresarial y Tur\u00edstico del Caribe Mexicano.\" \/>\n<meta name=\"robots\" content=\"index, follow, max-snippet:-1, max-image-preview:large, max-video-preview:-1\" \/>\n<link rel=\"canonical\" href=\"https:\/\/l21.mx\/?p=62686\" \/>\n<meta name=\"twitter:card\" content=\"summary_large_image\" \/>\n<meta name=\"twitter:title\" content=\"Isla Mujeres celebra 8 a\u00f1os de tener el nombramiento de Pueblo M\u00e1gico | Revista Latitud 21\" \/>\n<meta name=\"twitter:description\" content=\"L21, Emprendedores y Negocios en el Caribe Mexicano, es la revista l\u00edder entre el Sector Empresarial y Tur\u00edstico del Caribe Mexicano.\" \/>\n<meta name=\"twitter:image\" content=\"https:\/\/l21.mx\/wp-content\/uploads\/2023\/10\/isla-mujeres-3.jpeg\" \/>\n<meta name=\"twitter:creator\" content=\"@Latitud21mx\" \/>\n<meta name=\"twitter:site\" content=\"@Latitud21mx\" \/>\n<meta name=\"twitter:label1\" content=\"Escrito por\" \/>\n\t<meta name=\"twitter:data1\" content=\"NellyG\" \/>\n\t<meta name=\"twitter:label2\" content=\"Tiempo de lectura\" \/>\n\t<meta name=\"twitter:data2\" content=\"3 minutos\" \/>\n<script type=\"application\/ld+json\" class=\"yoast-schema-graph\">{\"@context\":\"https:\\\/\\\/schema.org\",\"@graph\":[{\"@type\":\"Article\",\"@id\":\"https:\\\/\\\/l21.mx\\\/?p=62686#article\",\"isPartOf\":{\"@id\":\"https:\\\/\\\/l21.mx\\\/?p=62686\"},\"author\":{\"name\":\"NellyG\",\"@id\":\"https:\\\/\\\/l21.mx\\\/#\\\/schema\\\/person\\\/cca68595b80b2f6c4c55a8b254bfbb2a\"},\"headline\":\"Isla Mujeres celebra 8 a\u00f1os de tener el nombramiento de Pueblo M\u00e1gico\",\"datePublished\":\"2023-10-02T16:07:24+00:00\",\"mainEntityOfPage\":{\"@id\":\"https:\\\/\\\/l21.mx\\\/?p=62686\"},\"wordCount\":365,\"publisher\":{\"@id\":\"https:\\\/\\\/l21.mx\\\/#organization\"},\"image\":{\"@id\":\"https:\\\/\\\/l21.mx\\\/?p=62686#primaryimage\"},\"thumbnailUrl\":\"https:\\\/\\\/l21.mx\\\/wp-content\\\/uploads\\\/2023\\\/10\\\/isla-mujeres-3.jpeg\",\"articleSection\":[\"Noticias\",\"Quintana Roo\"],\"inLanguage\":\"es\"},{\"@type\":\"WebPage\",\"@id\":\"https:\\\/\\\/l21.mx\\\/?p=62686\",\"url\":\"https:\\\/\\\/l21.mx\\\/?p=62686\",\"name\":\"Isla Mujeres celebra 8 a\u00f1os de tener el nombramiento de Pueblo M\u00e1gico | Revista Latitud 21\",\"isPartOf\":{\"@id\":\"https:\\\/\\\/l21.mx\\\/#website\"},\"primaryImageOfPage\":{\"@id\":\"https:\\\/\\\/l21.mx\\\/?p=62686#primaryimage\"},\"image\":{\"@id\":\"https:\\\/\\\/l21.mx\\\/?p=62686#primaryimage\"},\"thumbnailUrl\":\"https:\\\/\\\/l21.mx\\\/wp-content\\\/uploads\\\/2023\\\/10\\\/isla-mujeres-3.jpeg\",\"datePublished\":\"2023-10-02T16:07:24+00:00\",\"description\":\"L21, Emprendedores y Negocios en el Caribe Mexicano, es la revista l\u00edder entre el Sector Empresarial y Tur\u00edstico del Caribe Mexicano.\",\"breadcrumb\":{\"@id\":\"https:\\\/\\\/l21.mx\\\/?p=62686#breadcrumb\"},\"inLanguage\":\"es\",\"potentialAction\":[{\"@type\":\"ReadAction\",\"target\":[\"https:\\\/\\\/l21.mx\\\/?p=62686\"]}]},{\"@type\":\"ImageObject\",\"inLanguage\":\"es\",\"@id\":\"https:\\\/\\\/l21.mx\\\/?p=62686#primaryimage\",\"url\":\"https:\\\/\\\/l21.mx\\\/wp-content\\\/uploads\\\/2023\\\/10\\\/isla-mujeres-3.jpeg\",\"contentUrl\":\"https:\\\/\\\/l21.mx\\\/wp-content\\\/uploads\\\/2023\\\/10\\\/isla-mujeres-3.jpeg\",\"width\":1280,\"height\":852},{\"@type\":\"BreadcrumbList\",\"@id\":\"https:\\\/\\\/l21.mx\\\/?p=62686#breadcrumb\",\"itemListElement\":[{\"@type\":\"ListItem\",\"position\":1,\"name\":\"Portada\",\"item\":\"https:\\\/\\\/l21.mx\\\/\"},{\"@type\":\"ListItem\",\"position\":2,\"name\":\"Isla Mujeres celebra 8 a\u00f1os de tener el nombramiento de Pueblo M\u00e1gico\"}]},{\"@type\":\"WebSite\",\"@id\":\"https:\\\/\\\/l21.mx\\\/#website\",\"url\":\"https:\\\/\\\/l21.mx\\\/\",\"name\":\"Revista Latitud 21\",\"description\":\"Emprendedores  y negocios en el Caribe Mexicano\",\"publisher\":{\"@id\":\"https:\\\/\\\/l21.mx\\\/#organization\"},\"potentialAction\":[{\"@type\":\"SearchAction\",\"target\":{\"@type\":\"EntryPoint\",\"urlTemplate\":\"https:\\\/\\\/l21.mx\\\/?s={search_term_string}\"},\"query-input\":{\"@type\":\"PropertyValueSpecification\",\"valueRequired\":true,\"valueName\":\"search_term_string\"}}],\"inLanguage\":\"es\"},{\"@type\":\"Organization\",\"@id\":\"https:\\\/\\\/l21.mx\\\/#organization\",\"name\":\"Grupo Editorial Latitud 21 SA de CV\",\"url\":\"https:\\\/\\\/l21.mx\\\/\",\"logo\":{\"@type\":\"ImageObject\",\"inLanguage\":\"es\",\"@id\":\"https:\\\/\\\/l21.mx\\\/#\\\/schema\\\/logo\\\/image\\\/\",\"url\":\"https:\\\/\\\/l21.mx\\\/wp-content\\\/uploads\\\/2020\\\/10\\\/logo-l21-baja.jpg\",\"contentUrl\":\"https:\\\/\\\/l21.mx\\\/wp-content\\\/uploads\\\/2020\\\/10\\\/logo-l21-baja.jpg\",\"width\":250,\"height\":250,\"caption\":\"Grupo Editorial Latitud 21 SA de CV\"},\"image\":{\"@id\":\"https:\\\/\\\/l21.mx\\\/#\\\/schema\\\/logo\\\/image\\\/\"},\"sameAs\":[\"https:\\\/\\\/www.facebook.com\\\/RevistaLatitud21\\\/\",\"https:\\\/\\\/x.com\\\/Latitud21mx\"]},{\"@type\":\"Person\",\"@id\":\"https:\\\/\\\/l21.mx\\\/#\\\/schema\\\/person\\\/cca68595b80b2f6c4c55a8b254bfbb2a\",\"name\":\"NellyG\",\"url\":\"https:\\\/\\\/l21.mx\\\/?author=100\"}]}<\/script>\n<!-- \/ Yoast SEO plugin. -->","yoast_head_json":{"title":"Isla Mujeres celebra 8 a\u00f1os de tener el nombramiento de Pueblo M\u00e1gico | Revista Latitud 21","description":"L21, Emprendedores y Negocios en el Caribe Mexicano, es la revista l\u00edder entre el Sector Empresarial y Tur\u00edstico del Caribe Mexicano.","robots":{"index":"index","follow":"follow","max-snippet":"max-snippet:-1","max-image-preview":"max-image-preview:large","max-video-preview":"max-video-preview:-1"},"canonical":"https:\/\/l21.mx\/?p=62686","twitter_card":"summary_large_image","twitter_title":"Isla Mujeres celebra 8 a\u00f1os de tener el nombramiento de Pueblo M\u00e1gico | Revista Latitud 21","twitter_description":"L21, Emprendedores y Negocios en el Caribe Mexicano, es la revista l\u00edder entre el Sector Empresarial y Tur\u00edstico del Caribe Mexicano.","twitter_image":"https:\/\/l21.mx\/wp-content\/uploads\/2023\/10\/isla-mujeres-3.jpeg","twitter_creator":"@Latitud21mx","twitter_site":"@Latitud21mx","twitter_misc":{"Escrito por":"NellyG","Tiempo de lectura":"3 minutos"},"schema":{"@context":"https:\/\/schema.org","@graph":[{"@type":"Article","@id":"https:\/\/l21.mx\/?p=62686#article","isPartOf":{"@id":"https:\/\/l21.mx\/?p=62686"},"author":{"name":"NellyG","@id":"https:\/\/l21.mx\/#\/schema\/person\/cca68595b80b2f6c4c55a8b254bfbb2a"},"headline":"Isla Mujeres celebra 8 a\u00f1os de tener el nombramiento de Pueblo M\u00e1gico","datePublished":"2023-10-02T16:07:24+00:00","mainEntityOfPage":{"@id":"https:\/\/l21.mx\/?p=62686"},"wordCount":365,"publisher":{"@id":"https:\/\/l21.mx\/#organization"},"image":{"@id":"https:\/\/l21.mx\/?p=62686#primaryimage"},"thumbnailUrl":"https:\/\/l21.mx\/wp-content\/uploads\/2023\/10\/isla-mujeres-3.jpeg","articleSection":["Noticias","Quintana Roo"],"inLanguage":"es"},{"@type":"WebPage","@id":"https:\/\/l21.mx\/?p=62686","url":"https:\/\/l21.mx\/?p=62686","name":"Isla Mujeres celebra 8 a\u00f1os de tener el nombramiento de Pueblo M\u00e1gico | Revista Latitud 21","isPartOf":{"@id":"https:\/\/l21.mx\/#website"},"primaryImageOfPage":{"@id":"https:\/\/l21.mx\/?p=62686#primaryimage"},"image":{"@id":"https:\/\/l21.mx\/?p=62686#primaryimage"},"thumbnailUrl":"https:\/\/l21.mx\/wp-content\/uploads\/2023\/10\/isla-mujeres-3.jpeg","datePublished":"2023-10-02T16:07:24+00:00","description":"L21, Emprendedores y Negocios en el Caribe Mexicano, es la revista l\u00edder entre el Sector Empresarial y Tur\u00edstico del Caribe Mexicano.","breadcrumb":{"@id":"https:\/\/l21.mx\/?p=62686#breadcrumb"},"inLanguage":"es","potentialAction":[{"@type":"ReadAction","target":["https:\/\/l21.mx\/?p=62686"]}]},{"@type":"ImageObject","inLanguage":"es","@id":"https:\/\/l21.mx\/?p=62686#primaryimage","url":"https:\/\/l21.mx\/wp-content\/uploads\/2023\/10\/isla-mujeres-3.jpeg","contentUrl":"https:\/\/l21.mx\/wp-content\/uploads\/2023\/10\/isla-mujeres-3.jpeg","width":1280,"height":852},{"@type":"BreadcrumbList","@id":"https:\/\/l21.mx\/?p=62686#breadcrumb","itemListElement":[{"@type":"ListItem","position":1,"name":"Portada","item":"https:\/\/l21.mx\/"},{"@type":"ListItem","position":2,"name":"Isla Mujeres celebra 8 a\u00f1os de tener el nombramiento de Pueblo M\u00e1gico"}]},{"@type":"WebSite","@id":"https:\/\/l21.mx\/#website","url":"https:\/\/l21.mx\/","name":"Revista Latitud 21","description":"Emprendedores  y negocios en el Caribe Mexicano","publisher":{"@id":"https:\/\/l21.mx\/#organization"},"potentialAction":[{"@type":"SearchAction","target":{"@type":"EntryPoint","urlTemplate":"https:\/\/l21.mx\/?s={search_term_string}"},"query-input":{"@type":"PropertyValueSpecification","valueRequired":true,"valueName":"search_term_string"}}],"inLanguage":"es"},{"@type":"Organization","@id":"https:\/\/l21.mx\/#organization","name":"Grupo Editorial Latitud 21 SA de CV","url":"https:\/\/l21.mx\/","logo":{"@type":"ImageObject","inLanguage":"es","@id":"https:\/\/l21.mx\/#\/schema\/logo\/image\/","url":"https:\/\/l21.mx\/wp-content\/uploads\/2020\/10\/logo-l21-baja.jpg","contentUrl":"https:\/\/l21.mx\/wp-content\/uploads\/2020\/10\/logo-l21-baja.jpg","width":250,"height":250,"caption":"Grupo Editorial Latitud 21 SA de CV"},"image":{"@id":"https:\/\/l21.mx\/#\/schema\/logo\/image\/"},"sameAs":["https:\/\/www.facebook.com\/RevistaLatitud21\/","https:\/\/x.com\/Latitud21mx"]},{"@type":"Person","@id":"https:\/\/l21.mx\/#\/schema\/person\/cca68595b80b2f6c4c55a8b254bfbb2a","name":"NellyG","url":"https:\/\/l21.mx\/?author=100"}]}},"amp_enabled":true,"_links":{"self":[{"href":"https:\/\/l21.mx\/index.php?rest_route=\/wp\/v2\/posts\/62686","targetHints":{"allow":["GET"]}}],"collection":[{"href":"https:\/\/l21.mx\/index.php?rest_route=\/wp\/v2\/posts"}],"about":[{"href":"https:\/\/l21.mx\/index.php?rest_route=\/wp\/v2\/types\/post"}],"author":[{"embeddable":true,"href":"https:\/\/l21.mx\/index.php?rest_route=\/wp\/v2\/users\/100"}],"replies":[{"embeddable":true,"href":"https:\/\/l21.mx\/index.php?rest_route=%2Fwp%2Fv2%2Fcomments&post=62686"}],"version-history":[{"count":1,"href":"https:\/\/l21.mx\/index.php?rest_route=\/wp\/v2\/posts\/62686\/revisions"}],"predecessor-version":[{"id":62692,"href":"https:\/\/l21.mx\/index.php?rest_route=\/wp\/v2\/posts\/62686\/revisions\/62692"}],"wp:featuredmedia":[{"embeddable":true,"href":"https:\/\/l21.mx\/index.php?rest_route=\/wp\/v2\/media\/62688"}],"wp:attachment":[{"href":"https:\/\/l21.mx\/index.php?rest_route=%2Fwp%2Fv2%2Fmedia&parent=62686"}],"wp:term":[{"taxonomy":"category","embeddable":true,"href":"https:\/\/l21.mx\/index.php?rest_route=%2Fwp%2Fv2%2Fcategories&post=62686"},{"taxonomy":"post_tag","embeddable":true,"href":"https:\/\/l21.mx\/index.php?rest_route=%2Fwp%2Fv2%2Ftags&post=62686"}],"curies":[{"name":"wp","href":"https:\/\/api.w.org\/{rel}","templated":true}]}}