{"id":62695,"date":"2023-10-02T11:22:34","date_gmt":"2023-10-02T16:22:34","guid":{"rendered":"https:\/\/l21.mx\/?p=62695"},"modified":"2023-10-02T11:22:34","modified_gmt":"2023-10-02T16:22:34","slug":"grupo-xcaret-recibio-reconocimiento-de-california-mexico-trade-office-como-referente-turistico-y-cultural","status":"publish","type":"post","link":"https:\/\/l21.mx\/?p=62695","title":{"rendered":"Grupo Xcaret recibi\u00f3 reconocimiento de California Mexico Trade Office como referente tur\u00edstico y cultural"},"content":{"rendered":"<p>&nbsp;<\/p>\n<p>&nbsp;<\/p>\n<p>Xcaret, Quintana Roo, 2 de octubre de 2023. Xcaret fue reconocido por su valor tur\u00edstico y cultural por California Mexico Trade Office, organizaci\u00f3n fundada con el objetivo de promover el comercio bidireccional y fortalecer la relaci\u00f3n econ\u00f3mica, pol\u00edtica y cultural del estado de California con M\u00e9xico.<\/p>\n<p>\u201cNos sentimos muy honrados de recibir este reconocimiento. California ha demostrado mucho amor por nuestras marcas, y con orgullo decimos que es el principal sitio de donde provienen nuestros visitantes a nivel mundial\u201d, se\u00f1al\u00f3 Yandra Orsini, Gerente Senior de Amplificaci\u00f3n de Marca de Xcaret.<\/p>\n<p><a href=\"https:\/\/l21.mx\/wp-content\/uploads\/2023\/10\/xcaret-2.jpeg\" data-rel=\"penci-gallery-image-content\" ><img fetchpriority=\"high\" decoding=\"async\" class=\"alignnone size-medium wp-image-62699\" src=\"https:\/\/l21.mx\/wp-content\/uploads\/2023\/10\/xcaret-2-300x169.jpeg\" alt=\"\" width=\"300\" height=\"169\" srcset=\"https:\/\/l21.mx\/wp-content\/uploads\/2023\/10\/xcaret-2-300x169.jpeg 300w, https:\/\/l21.mx\/wp-content\/uploads\/2023\/10\/xcaret-2-1024x575.jpeg 1024w, https:\/\/l21.mx\/wp-content\/uploads\/2023\/10\/xcaret-2-768x432.jpeg 768w, https:\/\/l21.mx\/wp-content\/uploads\/2023\/10\/xcaret-2-1536x863.jpeg 1536w, https:\/\/l21.mx\/wp-content\/uploads\/2023\/10\/xcaret-2-1200x674.jpeg 1200w, https:\/\/l21.mx\/wp-content\/uploads\/2023\/10\/xcaret-2-1170x663.jpeg 1170w, https:\/\/l21.mx\/wp-content\/uploads\/2023\/10\/xcaret-2-585x329.jpeg 585w, https:\/\/l21.mx\/wp-content\/uploads\/2023\/10\/xcaret-2.jpeg 1600w\" sizes=\"(max-width: 300px) 100vw, 300px\" \/><\/a><\/p>\n<p>Xcaret es un grupo empresarial mexicano l\u00edder en recreaci\u00f3n tur\u00edstica sostenible, socialmente responsable y con reconocimiento a nivel mundial. Suman m\u00e1s de 16,000 colaboradores que trabajan d\u00eda con d\u00eda para compartir el gran amor por M\u00e9xico que se vive en cada detalle de sus diferentes marcas.<\/p>\n<p>\u201cEste reconocimiento simboliza nuestro compromiso de visibilizar la cultura y la riqueza natural de nuestro pa\u00eds. Es lo que nos mueve a trabajar d\u00eda con d\u00eda, ya que estamos convencidos de que promoviendo el conocimiento y respeto por nuestras tradiciones y recursos naturales, a trav\u00e9s de nuestras experiencias, prevalecer\u00e1n en el tiempo\u201d, comparti\u00f3 Orsini.<\/p>\n<p>Actualmente, Xcaret cuenta con diez parques, tours y naviera convirti\u00e9ndose as\u00ed en el mayor proveedor de experiencias de la Riviera Maya. En la categor\u00eda de naturaleza se encuentran Xcaret y Xel-H\u00e1; aventura con Xplor, su variante nocturna Xplor Fuego y Xavage. Complementa con experiencias de entretenimiento con Xoximilco y Xenses, y brinda expediciones tur\u00edsticas a trav\u00e9s de los tours Xenotes, Chich\u00e9n Itz\u00e1, Cob\u00e1 y Tulum.<\/p>\n<p>En cuanto a sus hoteles, todo lo mejor de M\u00e9xico est\u00e1 incluido. Cada uno personifica un profundo respeto y admiraci\u00f3n por las tradiciones mexicanas desde su estilo y concepto diferenciador. Hotel Xcaret M\u00e9xico invita a las personas a compartir en familia y con amigos; Hotel Xcaret Arte te invita a sentir, a hacer una introspecci\u00f3n contigo mismo a trav\u00e9s del arte mexicano, y en La Casa de La Playa, a trascender, sentirte en casa.<\/p>\n<p>&nbsp;<\/p>\n<p>De esta manera, Xcaret se ha posicionado por m\u00e1s de tres d\u00e9cadas como referencia en el sector tur\u00edstico y cultural al ofrecer experiencias de lujo casual que se complementan de manera respetuosa y natural con las ra\u00edces prehisp\u00e1nicas y esp\u00edritu mexicano. Estos valores fluyen tambi\u00e9n por cada unidad de negocio y todo lo que crean para enriquecer la experiencia de sus visitantes.<\/p>\n","protected":false},"excerpt":{"rendered":"<p>&nbsp; &nbsp; Xcaret, Quintana Roo, 2 de octubre de 2023. Xcaret fue reconocido por su valor&hellip;<\/p>\n","protected":false},"author":100,"featured_media":62698,"comment_status":"closed","ping_status":"closed","sticky":false,"template":"","format":"standard","meta":{"_acf_changed":false,"_lmt_disableupdate":"","_lmt_disable":"","_mbp_gutenberg_autopost":false,"footnotes":""},"categories":[23,1656,8],"tags":[],"class_list":["post-62695","post","type-post","status-publish","format-standard","has-post-thumbnail","hentry","category-noticias","category-quintana-roo","category-turismo"],"acf":[],"yoast_head":"<!-- This site is optimized with the Yoast SEO plugin v27.3 - https:\/\/yoast.com\/product\/yoast-seo-wordpress\/ -->\n<title>Grupo Xcaret recibi\u00f3 reconocimiento de California Mexico Trade Office como referente tur\u00edstico y cultural | Revista Latitud 21<\/title>\n<meta name=\"description\" content=\"L21, Emprendedores y Negocios en el Caribe Mexicano, es la revista l\u00edder entre el Sector Empresarial y Tur\u00edstico del Caribe Mexicano.\" \/>\n<meta name=\"robots\" content=\"index, follow, max-snippet:-1, max-image-preview:large, max-video-preview:-1\" \/>\n<link rel=\"canonical\" href=\"https:\/\/l21.mx\/?p=62695\" \/>\n<meta name=\"twitter:card\" content=\"summary_large_image\" \/>\n<meta name=\"twitter:title\" content=\"Grupo Xcaret recibi\u00f3 reconocimiento de California Mexico Trade Office como referente tur\u00edstico y cultural | Revista Latitud 21\" \/>\n<meta name=\"twitter:description\" content=\"L21, Emprendedores y Negocios en el Caribe Mexicano, es la revista l\u00edder entre el Sector Empresarial y Tur\u00edstico del Caribe Mexicano.\" \/>\n<meta name=\"twitter:image\" content=\"https:\/\/l21.mx\/wp-content\/uploads\/2023\/10\/xcaret-1.jpeg\" \/>\n<meta name=\"twitter:creator\" content=\"@Latitud21mx\" \/>\n<meta name=\"twitter:site\" content=\"@Latitud21mx\" \/>\n<meta name=\"twitter:label1\" content=\"Escrito por\" \/>\n\t<meta name=\"twitter:data1\" content=\"NellyG\" \/>\n\t<meta name=\"twitter:label2\" content=\"Tiempo de lectura\" \/>\n\t<meta name=\"twitter:data2\" content=\"2 minutos\" \/>\n<script type=\"application\/ld+json\" class=\"yoast-schema-graph\">{\"@context\":\"https:\\\/\\\/schema.org\",\"@graph\":[{\"@type\":\"Article\",\"@id\":\"https:\\\/\\\/l21.mx\\\/?p=62695#article\",\"isPartOf\":{\"@id\":\"https:\\\/\\\/l21.mx\\\/?p=62695\"},\"author\":{\"name\":\"NellyG\",\"@id\":\"https:\\\/\\\/l21.mx\\\/#\\\/schema\\\/person\\\/cca68595b80b2f6c4c55a8b254bfbb2a\"},\"headline\":\"Grupo Xcaret recibi\u00f3 reconocimiento de California Mexico Trade Office como referente tur\u00edstico y cultural\",\"datePublished\":\"2023-10-02T16:22:34+00:00\",\"mainEntityOfPage\":{\"@id\":\"https:\\\/\\\/l21.mx\\\/?p=62695\"},\"wordCount\":443,\"publisher\":{\"@id\":\"https:\\\/\\\/l21.mx\\\/#organization\"},\"image\":{\"@id\":\"https:\\\/\\\/l21.mx\\\/?p=62695#primaryimage\"},\"thumbnailUrl\":\"https:\\\/\\\/l21.mx\\\/wp-content\\\/uploads\\\/2023\\\/10\\\/xcaret-1.jpeg\",\"articleSection\":[\"Noticias\",\"Quintana Roo\",\"Turismo\"],\"inLanguage\":\"es\"},{\"@type\":\"WebPage\",\"@id\":\"https:\\\/\\\/l21.mx\\\/?p=62695\",\"url\":\"https:\\\/\\\/l21.mx\\\/?p=62695\",\"name\":\"Grupo Xcaret recibi\u00f3 reconocimiento de California Mexico Trade Office como referente tur\u00edstico y cultural | Revista Latitud 21\",\"isPartOf\":{\"@id\":\"https:\\\/\\\/l21.mx\\\/#website\"},\"primaryImageOfPage\":{\"@id\":\"https:\\\/\\\/l21.mx\\\/?p=62695#primaryimage\"},\"image\":{\"@id\":\"https:\\\/\\\/l21.mx\\\/?p=62695#primaryimage\"},\"thumbnailUrl\":\"https:\\\/\\\/l21.mx\\\/wp-content\\\/uploads\\\/2023\\\/10\\\/xcaret-1.jpeg\",\"datePublished\":\"2023-10-02T16:22:34+00:00\",\"description\":\"L21, Emprendedores y Negocios en el Caribe Mexicano, es la revista l\u00edder entre el Sector Empresarial y Tur\u00edstico del Caribe Mexicano.\",\"breadcrumb\":{\"@id\":\"https:\\\/\\\/l21.mx\\\/?p=62695#breadcrumb\"},\"inLanguage\":\"es\",\"potentialAction\":[{\"@type\":\"ReadAction\",\"target\":[\"https:\\\/\\\/l21.mx\\\/?p=62695\"]}]},{\"@type\":\"ImageObject\",\"inLanguage\":\"es\",\"@id\":\"https:\\\/\\\/l21.mx\\\/?p=62695#primaryimage\",\"url\":\"https:\\\/\\\/l21.mx\\\/wp-content\\\/uploads\\\/2023\\\/10\\\/xcaret-1.jpeg\",\"contentUrl\":\"https:\\\/\\\/l21.mx\\\/wp-content\\\/uploads\\\/2023\\\/10\\\/xcaret-1.jpeg\",\"width\":1600,\"height\":1065},{\"@type\":\"BreadcrumbList\",\"@id\":\"https:\\\/\\\/l21.mx\\\/?p=62695#breadcrumb\",\"itemListElement\":[{\"@type\":\"ListItem\",\"position\":1,\"name\":\"Portada\",\"item\":\"https:\\\/\\\/l21.mx\\\/\"},{\"@type\":\"ListItem\",\"position\":2,\"name\":\"Grupo Xcaret recibi\u00f3 reconocimiento de California Mexico Trade Office como referente tur\u00edstico y cultural\"}]},{\"@type\":\"WebSite\",\"@id\":\"https:\\\/\\\/l21.mx\\\/#website\",\"url\":\"https:\\\/\\\/l21.mx\\\/\",\"name\":\"Revista Latitud 21\",\"description\":\"Emprendedores  y negocios en el Caribe Mexicano\",\"publisher\":{\"@id\":\"https:\\\/\\\/l21.mx\\\/#organization\"},\"potentialAction\":[{\"@type\":\"SearchAction\",\"target\":{\"@type\":\"EntryPoint\",\"urlTemplate\":\"https:\\\/\\\/l21.mx\\\/?s={search_term_string}\"},\"query-input\":{\"@type\":\"PropertyValueSpecification\",\"valueRequired\":true,\"valueName\":\"search_term_string\"}}],\"inLanguage\":\"es\"},{\"@type\":\"Organization\",\"@id\":\"https:\\\/\\\/l21.mx\\\/#organization\",\"name\":\"Grupo Editorial Latitud 21 SA de CV\",\"url\":\"https:\\\/\\\/l21.mx\\\/\",\"logo\":{\"@type\":\"ImageObject\",\"inLanguage\":\"es\",\"@id\":\"https:\\\/\\\/l21.mx\\\/#\\\/schema\\\/logo\\\/image\\\/\",\"url\":\"https:\\\/\\\/l21.mx\\\/wp-content\\\/uploads\\\/2020\\\/10\\\/logo-l21-baja.jpg\",\"contentUrl\":\"https:\\\/\\\/l21.mx\\\/wp-content\\\/uploads\\\/2020\\\/10\\\/logo-l21-baja.jpg\",\"width\":250,\"height\":250,\"caption\":\"Grupo Editorial Latitud 21 SA de CV\"},\"image\":{\"@id\":\"https:\\\/\\\/l21.mx\\\/#\\\/schema\\\/logo\\\/image\\\/\"},\"sameAs\":[\"https:\\\/\\\/www.facebook.com\\\/RevistaLatitud21\\\/\",\"https:\\\/\\\/x.com\\\/Latitud21mx\"]},{\"@type\":\"Person\",\"@id\":\"https:\\\/\\\/l21.mx\\\/#\\\/schema\\\/person\\\/cca68595b80b2f6c4c55a8b254bfbb2a\",\"name\":\"NellyG\",\"url\":\"https:\\\/\\\/l21.mx\\\/?author=100\"}]}<\/script>\n<!-- \/ Yoast SEO plugin. -->","yoast_head_json":{"title":"Grupo Xcaret recibi\u00f3 reconocimiento de California Mexico Trade Office como referente tur\u00edstico y cultural | Revista Latitud 21","description":"L21, Emprendedores y Negocios en el Caribe Mexicano, es la revista l\u00edder entre el Sector Empresarial y Tur\u00edstico del Caribe Mexicano.","robots":{"index":"index","follow":"follow","max-snippet":"max-snippet:-1","max-image-preview":"max-image-preview:large","max-video-preview":"max-video-preview:-1"},"canonical":"https:\/\/l21.mx\/?p=62695","twitter_card":"summary_large_image","twitter_title":"Grupo Xcaret recibi\u00f3 reconocimiento de California Mexico Trade Office como referente tur\u00edstico y cultural | Revista Latitud 21","twitter_description":"L21, Emprendedores y Negocios en el Caribe Mexicano, es la revista l\u00edder entre el Sector Empresarial y Tur\u00edstico del Caribe Mexicano.","twitter_image":"https:\/\/l21.mx\/wp-content\/uploads\/2023\/10\/xcaret-1.jpeg","twitter_creator":"@Latitud21mx","twitter_site":"@Latitud21mx","twitter_misc":{"Escrito por":"NellyG","Tiempo de lectura":"2 minutos"},"schema":{"@context":"https:\/\/schema.org","@graph":[{"@type":"Article","@id":"https:\/\/l21.mx\/?p=62695#article","isPartOf":{"@id":"https:\/\/l21.mx\/?p=62695"},"author":{"name":"NellyG","@id":"https:\/\/l21.mx\/#\/schema\/person\/cca68595b80b2f6c4c55a8b254bfbb2a"},"headline":"Grupo Xcaret recibi\u00f3 reconocimiento de California Mexico Trade Office como referente tur\u00edstico y cultural","datePublished":"2023-10-02T16:22:34+00:00","mainEntityOfPage":{"@id":"https:\/\/l21.mx\/?p=62695"},"wordCount":443,"publisher":{"@id":"https:\/\/l21.mx\/#organization"},"image":{"@id":"https:\/\/l21.mx\/?p=62695#primaryimage"},"thumbnailUrl":"https:\/\/l21.mx\/wp-content\/uploads\/2023\/10\/xcaret-1.jpeg","articleSection":["Noticias","Quintana Roo","Turismo"],"inLanguage":"es"},{"@type":"WebPage","@id":"https:\/\/l21.mx\/?p=62695","url":"https:\/\/l21.mx\/?p=62695","name":"Grupo Xcaret recibi\u00f3 reconocimiento de California Mexico Trade Office como referente tur\u00edstico y cultural | Revista Latitud 21","isPartOf":{"@id":"https:\/\/l21.mx\/#website"},"primaryImageOfPage":{"@id":"https:\/\/l21.mx\/?p=62695#primaryimage"},"image":{"@id":"https:\/\/l21.mx\/?p=62695#primaryimage"},"thumbnailUrl":"https:\/\/l21.mx\/wp-content\/uploads\/2023\/10\/xcaret-1.jpeg","datePublished":"2023-10-02T16:22:34+00:00","description":"L21, Emprendedores y Negocios en el Caribe Mexicano, es la revista l\u00edder entre el Sector Empresarial y Tur\u00edstico del Caribe Mexicano.","breadcrumb":{"@id":"https:\/\/l21.mx\/?p=62695#breadcrumb"},"inLanguage":"es","potentialAction":[{"@type":"ReadAction","target":["https:\/\/l21.mx\/?p=62695"]}]},{"@type":"ImageObject","inLanguage":"es","@id":"https:\/\/l21.mx\/?p=62695#primaryimage","url":"https:\/\/l21.mx\/wp-content\/uploads\/2023\/10\/xcaret-1.jpeg","contentUrl":"https:\/\/l21.mx\/wp-content\/uploads\/2023\/10\/xcaret-1.jpeg","width":1600,"height":1065},{"@type":"BreadcrumbList","@id":"https:\/\/l21.mx\/?p=62695#breadcrumb","itemListElement":[{"@type":"ListItem","position":1,"name":"Portada","item":"https:\/\/l21.mx\/"},{"@type":"ListItem","position":2,"name":"Grupo Xcaret recibi\u00f3 reconocimiento de California Mexico Trade Office como referente tur\u00edstico y cultural"}]},{"@type":"WebSite","@id":"https:\/\/l21.mx\/#website","url":"https:\/\/l21.mx\/","name":"Revista Latitud 21","description":"Emprendedores  y negocios en el Caribe Mexicano","publisher":{"@id":"https:\/\/l21.mx\/#organization"},"potentialAction":[{"@type":"SearchAction","target":{"@type":"EntryPoint","urlTemplate":"https:\/\/l21.mx\/?s={search_term_string}"},"query-input":{"@type":"PropertyValueSpecification","valueRequired":true,"valueName":"search_term_string"}}],"inLanguage":"es"},{"@type":"Organization","@id":"https:\/\/l21.mx\/#organization","name":"Grupo Editorial Latitud 21 SA de CV","url":"https:\/\/l21.mx\/","logo":{"@type":"ImageObject","inLanguage":"es","@id":"https:\/\/l21.mx\/#\/schema\/logo\/image\/","url":"https:\/\/l21.mx\/wp-content\/uploads\/2020\/10\/logo-l21-baja.jpg","contentUrl":"https:\/\/l21.mx\/wp-content\/uploads\/2020\/10\/logo-l21-baja.jpg","width":250,"height":250,"caption":"Grupo Editorial Latitud 21 SA de CV"},"image":{"@id":"https:\/\/l21.mx\/#\/schema\/logo\/image\/"},"sameAs":["https:\/\/www.facebook.com\/RevistaLatitud21\/","https:\/\/x.com\/Latitud21mx"]},{"@type":"Person","@id":"https:\/\/l21.mx\/#\/schema\/person\/cca68595b80b2f6c4c55a8b254bfbb2a","name":"NellyG","url":"https:\/\/l21.mx\/?author=100"}]}},"amp_enabled":true,"_links":{"self":[{"href":"https:\/\/l21.mx\/index.php?rest_route=\/wp\/v2\/posts\/62695","targetHints":{"allow":["GET"]}}],"collection":[{"href":"https:\/\/l21.mx\/index.php?rest_route=\/wp\/v2\/posts"}],"about":[{"href":"https:\/\/l21.mx\/index.php?rest_route=\/wp\/v2\/types\/post"}],"author":[{"embeddable":true,"href":"https:\/\/l21.mx\/index.php?rest_route=\/wp\/v2\/users\/100"}],"replies":[{"embeddable":true,"href":"https:\/\/l21.mx\/index.php?rest_route=%2Fwp%2Fv2%2Fcomments&post=62695"}],"version-history":[{"count":2,"href":"https:\/\/l21.mx\/index.php?rest_route=\/wp\/v2\/posts\/62695\/revisions"}],"predecessor-version":[{"id":62706,"href":"https:\/\/l21.mx\/index.php?rest_route=\/wp\/v2\/posts\/62695\/revisions\/62706"}],"wp:featuredmedia":[{"embeddable":true,"href":"https:\/\/l21.mx\/index.php?rest_route=\/wp\/v2\/media\/62698"}],"wp:attachment":[{"href":"https:\/\/l21.mx\/index.php?rest_route=%2Fwp%2Fv2%2Fmedia&parent=62695"}],"wp:term":[{"taxonomy":"category","embeddable":true,"href":"https:\/\/l21.mx\/index.php?rest_route=%2Fwp%2Fv2%2Fcategories&post=62695"},{"taxonomy":"post_tag","embeddable":true,"href":"https:\/\/l21.mx\/index.php?rest_route=%2Fwp%2Fv2%2Ftags&post=62695"}],"curies":[{"name":"wp","href":"https:\/\/api.w.org\/{rel}","templated":true}]}}