{"id":63148,"date":"2023-10-10T19:51:58","date_gmt":"2023-10-11T00:51:58","guid":{"rendered":"https:\/\/l21.mx\/?p=63148"},"modified":"2023-10-10T19:51:58","modified_gmt":"2023-10-11T00:51:58","slug":"quintana-roo-crece-en-desarrollo-deportivo-y-mejora-su-infraestructura","status":"publish","type":"post","link":"https:\/\/l21.mx\/?p=63148","title":{"rendered":"Quintana Roo crece en desarrollo deportivo y mejora su infraestructura"},"content":{"rendered":"<p>&nbsp;<\/p>\n<p>&#8211; En su comparecencia ante la Comisi\u00f3n de Deporte de la XVII Legislatura del Congreso del Estado, el presidente de la COJUDEQ present\u00f3 los logros reales en materia deportiva<\/p>\n<p><a href=\"https:\/\/l21.mx\/wp-content\/uploads\/2023\/10\/WhatsApp-Image-2023-10-10-at-18.16.52-scaled.jpeg\" data-rel=\"penci-gallery-image-content\" ><img fetchpriority=\"high\" decoding=\"async\" class=\"alignnone size-medium wp-image-63151\" src=\"https:\/\/l21.mx\/wp-content\/uploads\/2023\/10\/WhatsApp-Image-2023-10-10-at-18.16.52-300x200.jpeg\" alt=\"\" width=\"300\" height=\"200\" srcset=\"https:\/\/l21.mx\/wp-content\/uploads\/2023\/10\/WhatsApp-Image-2023-10-10-at-18.16.52-300x200.jpeg 300w, https:\/\/l21.mx\/wp-content\/uploads\/2023\/10\/WhatsApp-Image-2023-10-10-at-18.16.52-1024x683.jpeg 1024w, https:\/\/l21.mx\/wp-content\/uploads\/2023\/10\/WhatsApp-Image-2023-10-10-at-18.16.52-768x512.jpeg 768w, https:\/\/l21.mx\/wp-content\/uploads\/2023\/10\/WhatsApp-Image-2023-10-10-at-18.16.52-1536x1024.jpeg 1536w, https:\/\/l21.mx\/wp-content\/uploads\/2023\/10\/WhatsApp-Image-2023-10-10-at-18.16.52-2048x1366.jpeg 2048w, https:\/\/l21.mx\/wp-content\/uploads\/2023\/10\/WhatsApp-Image-2023-10-10-at-18.16.52-1200x800.jpeg 1200w, https:\/\/l21.mx\/wp-content\/uploads\/2023\/10\/WhatsApp-Image-2023-10-10-at-18.16.52-1920x1280.jpeg 1920w, https:\/\/l21.mx\/wp-content\/uploads\/2023\/10\/WhatsApp-Image-2023-10-10-at-18.16.52-1170x780.jpeg 1170w, https:\/\/l21.mx\/wp-content\/uploads\/2023\/10\/WhatsApp-Image-2023-10-10-at-18.16.52-585x390.jpeg 585w, https:\/\/l21.mx\/wp-content\/uploads\/2023\/10\/WhatsApp-Image-2023-10-10-at-18.16.52-263x175.jpeg 263w\" sizes=\"(max-width: 300px) 100vw, 300px\" \/><\/a><\/p>\n<p>El presidente de la Comisi\u00f3n para la Juventud y el Deporte de Quintana Roo (COJUDEQ), Eric Arcila Arjona, resalt\u00f3 que en el primer a\u00f1o de la gobernadora Mara Lezama Espinosa, el deporte quintanarroense hizo historia tanto en resultados de las y los atletas, como en inversi\u00f3n en infraestructura, esto durante su comparecencia ante la Comisi\u00f3n de Deporte XVII Legislatura del Congreso del Estado.<\/p>\n<p>Como parte de las comparecencias para ampliar la glosa del Primer Informe de Gobierno, el titular resalt\u00f3 la importancia de trabajar #ANivelDeCancha con las y los atletas de la entidad, para escucharlos y atenderlos, siendo tambi\u00e9n una de las acciones del Nuevo Acuerdo por el Bienestar y Desarrollo, que se ha impulsado en la presente administraci\u00f3n.<\/p>\n<p>\u201cTodos los programas desarrollados por la COJUDEQ se orientan a la promoci\u00f3n de la cultura f\u00edsica y el deporte con el objetivo de transformar el entorno comunitario de las y los quintanarroenses; las actividades, proyectos y acciones para el desarrollo del deporte se gu\u00edan por criterios inclusivos, recreativos y formativos\u201d, destac\u00f3 Eric Arcila.<\/p>\n<p>Quintana Roo, gracias a sus representantes, tuvo un aumento del 23.9% en la obtenci\u00f3n de medallas coloc\u00e1ndose como uno de los estados con mejor desarrollo, todo esto, luego de que la delegaci\u00f3n impuso un nuevo r\u00e9cord de preseas al sumar 254 preseas y siendo la mejor participaci\u00f3n de la entidad en su historia dentro de los Nacionales CONADE.<\/p>\n<p>Justo sobre este proceso, el equipo quintanarroense que compiti\u00f3 estuvo integrado por 594 atletas de m\u00e1s de 30 disciplinas, los cuales, con el apoyo y respaldo de la COJUDEQ, cumplieron con un proceso satisfactorio para llegar a esta justa, al realizar eliminatorias estatales, concentraciones y regionales.<\/p>\n<p><a href=\"https:\/\/l21.mx\/wp-content\/uploads\/2023\/10\/WhatsApp-Image-2023-10-10-at-18.16.53-1-scaled.jpeg\" data-rel=\"penci-gallery-image-content\" ><img decoding=\"async\" class=\"alignnone size-medium wp-image-63149\" src=\"https:\/\/l21.mx\/wp-content\/uploads\/2023\/10\/WhatsApp-Image-2023-10-10-at-18.16.53-1-300x200.jpeg\" alt=\"\" width=\"300\" height=\"200\" srcset=\"https:\/\/l21.mx\/wp-content\/uploads\/2023\/10\/WhatsApp-Image-2023-10-10-at-18.16.53-1-300x200.jpeg 300w, https:\/\/l21.mx\/wp-content\/uploads\/2023\/10\/WhatsApp-Image-2023-10-10-at-18.16.53-1-1024x683.jpeg 1024w, https:\/\/l21.mx\/wp-content\/uploads\/2023\/10\/WhatsApp-Image-2023-10-10-at-18.16.53-1-768x512.jpeg 768w, https:\/\/l21.mx\/wp-content\/uploads\/2023\/10\/WhatsApp-Image-2023-10-10-at-18.16.53-1-1536x1024.jpeg 1536w, https:\/\/l21.mx\/wp-content\/uploads\/2023\/10\/WhatsApp-Image-2023-10-10-at-18.16.53-1-2048x1366.jpeg 2048w, https:\/\/l21.mx\/wp-content\/uploads\/2023\/10\/WhatsApp-Image-2023-10-10-at-18.16.53-1-1200x800.jpeg 1200w, https:\/\/l21.mx\/wp-content\/uploads\/2023\/10\/WhatsApp-Image-2023-10-10-at-18.16.53-1-1920x1280.jpeg 1920w, https:\/\/l21.mx\/wp-content\/uploads\/2023\/10\/WhatsApp-Image-2023-10-10-at-18.16.53-1-1170x780.jpeg 1170w, https:\/\/l21.mx\/wp-content\/uploads\/2023\/10\/WhatsApp-Image-2023-10-10-at-18.16.53-1-585x390.jpeg 585w, https:\/\/l21.mx\/wp-content\/uploads\/2023\/10\/WhatsApp-Image-2023-10-10-at-18.16.53-1-263x175.jpeg 263w\" sizes=\"(max-width: 300px) 100vw, 300px\" \/><\/a><\/p>\n<p>Tambi\u00e9n resalt\u00f3 que este ha sido el a\u00f1o con m\u00e1s apoyo se ha destinado a las y los deportistas con 8 millones 600 mil pesos, ya que de manera historia por primera vez se emiti\u00f3 una convocatoria abierta para participar en el programa de becas deportivas, beneficiando a 160 atletas y entrenadores.<\/p>\n<p>En tema de infraestructura, se destin\u00f3 una inversi\u00f3n de 22 millones de pesos para la rehabilitaci\u00f3n de la Unidad Deportiva \u201cBicentenario\u201d y el Centro Estatal Deportivo de Alto Rendimiento (CEDAR) Chetumal, escenarios deportivos emblem\u00e1ticos del estado, que no hab\u00edan recibido mantenimiento desde su construcci\u00f3n en el 2010.<\/p>\n","protected":false},"excerpt":{"rendered":"<p>&nbsp; &#8211; En su comparecencia ante la Comisi\u00f3n de Deporte de la XVII Legislatura del Congreso&hellip;<\/p>\n","protected":false},"author":100,"featured_media":63150,"comment_status":"closed","ping_status":"closed","sticky":false,"template":"","format":"standard","meta":{"_acf_changed":false,"_lmt_disableupdate":"","_lmt_disable":"","_mbp_gutenberg_autopost":false,"footnotes":""},"categories":[1689],"tags":[],"class_list":["post-63148","post","type-post","status-publish","format-standard","has-post-thumbnail","hentry","category-deporte-y-salud"],"acf":[],"_links":{"self":[{"href":"https:\/\/l21.mx\/index.php?rest_route=\/wp\/v2\/posts\/63148","targetHints":{"allow":["GET"]}}],"collection":[{"href":"https:\/\/l21.mx\/index.php?rest_route=\/wp\/v2\/posts"}],"about":[{"href":"https:\/\/l21.mx\/index.php?rest_route=\/wp\/v2\/types\/post"}],"author":[{"embeddable":true,"href":"https:\/\/l21.mx\/index.php?rest_route=\/wp\/v2\/users\/100"}],"replies":[{"embeddable":true,"href":"https:\/\/l21.mx\/index.php?rest_route=%2Fwp%2Fv2%2Fcomments&post=63148"}],"version-history":[{"count":0,"href":"https:\/\/l21.mx\/index.php?rest_route=\/wp\/v2\/posts\/63148\/revisions"}],"wp:featuredmedia":[{"embeddable":true,"href":"https:\/\/l21.mx\/index.php?rest_route=\/wp\/v2\/media\/63150"}],"wp:attachment":[{"href":"https:\/\/l21.mx\/index.php?rest_route=%2Fwp%2Fv2%2Fmedia&parent=63148"}],"wp:term":[{"taxonomy":"category","embeddable":true,"href":"https:\/\/l21.mx\/index.php?rest_route=%2Fwp%2Fv2%2Fcategories&post=63148"},{"taxonomy":"post_tag","embeddable":true,"href":"https:\/\/l21.mx\/index.php?rest_route=%2Fwp%2Fv2%2Ftags&post=63148"}],"curies":[{"name":"wp","href":"https:\/\/api.w.org\/{rel}","templated":true}]}}