{"id":63186,"date":"2023-10-12T09:38:31","date_gmt":"2023-10-12T14:38:31","guid":{"rendered":"https:\/\/l21.mx\/?p=63186"},"modified":"2023-10-12T09:38:31","modified_gmt":"2023-10-12T14:38:31","slug":"cancun-sede-del-congreso-latinoamericano-cultivar-climas-de-salud-mental-deporte-y-prevencion-de-violencia","status":"publish","type":"post","link":"https:\/\/l21.mx\/?p=63186","title":{"rendered":"Canc\u00fan, sede del Congreso Latinoamericano \u201cCultivar Climas de Salud Mental, Deporte y Prevenci\u00f3n de Violencia\u201d"},"content":{"rendered":"<p>&nbsp;<\/p>\n<p>&#8211; Ser\u00e1n tres d\u00edas de mesas de trabajo, que pretende capacitar y actualizar a las y los quintanarroenses que se relacionan a alguna actividad deportiva<\/p>\n<p><a href=\"https:\/\/l21.mx\/wp-content\/uploads\/2023\/10\/WhatsApp-Image-2023-10-12-at-09.09.11.jpeg\" data-rel=\"penci-gallery-image-content\" ><img fetchpriority=\"high\" decoding=\"async\" class=\"alignnone size-medium wp-image-63188\" src=\"https:\/\/l21.mx\/wp-content\/uploads\/2023\/10\/WhatsApp-Image-2023-10-12-at-09.09.11-300x200.jpeg\" alt=\"\" width=\"300\" height=\"200\" srcset=\"https:\/\/l21.mx\/wp-content\/uploads\/2023\/10\/WhatsApp-Image-2023-10-12-at-09.09.11-300x200.jpeg 300w, https:\/\/l21.mx\/wp-content\/uploads\/2023\/10\/WhatsApp-Image-2023-10-12-at-09.09.11-1024x683.jpeg 1024w, https:\/\/l21.mx\/wp-content\/uploads\/2023\/10\/WhatsApp-Image-2023-10-12-at-09.09.11-768x512.jpeg 768w, https:\/\/l21.mx\/wp-content\/uploads\/2023\/10\/WhatsApp-Image-2023-10-12-at-09.09.11-1200x801.jpeg 1200w, https:\/\/l21.mx\/wp-content\/uploads\/2023\/10\/WhatsApp-Image-2023-10-12-at-09.09.11-1170x781.jpeg 1170w, https:\/\/l21.mx\/wp-content\/uploads\/2023\/10\/WhatsApp-Image-2023-10-12-at-09.09.11-585x390.jpeg 585w, https:\/\/l21.mx\/wp-content\/uploads\/2023\/10\/WhatsApp-Image-2023-10-12-at-09.09.11-263x175.jpeg 263w, https:\/\/l21.mx\/wp-content\/uploads\/2023\/10\/WhatsApp-Image-2023-10-12-at-09.09.11.jpeg 1280w\" sizes=\"(max-width: 300px) 100vw, 300px\" \/><\/a><\/p>\n<p>Impulsando el mensaje de que en el deporte no debe existir la violencia y la discriminaci\u00f3n, iniciaron las mesas de trabajo del primer Congreso Latinoamericano \u201cCultivar Climas de Salud Mental, Deporte y Prevenci\u00f3n de Violencia\u201d, el cual fue inaugurado por Eric Arcila Arjona, presidente de la Comisi\u00f3n para la Juventud y el Deporte de Quintana Roo (COJUDEQ), quien resalt\u00f3 la importancia tener este tipo de capacitaciones en la entidad.<\/p>\n<p>Como una de las acciones del Nuevo Acuerdo por el Bienestar y Desarrollo, que promueve la gobernadora Mara Lezama Espinosa, la COJUDEQ sigue creando alianzas importantes para la promoci\u00f3n del deporte, no solo en el tema competitivo, sino que tambi\u00e9n en el aprendizaje y capacitaci\u00f3n de sus involucrados.<\/p>\n<p>\u201cEs importante resaltar que, entre los principales objetivos de este congreso, el cual es \u00fanico en su ramo, se busca compartir conocimiento de las diferentes situaciones de violencia y salud mental que puedan existir y adem\u00e1s conocer como enfatizar los aspectos preventivos para un mejor desarrollo de la paz y el deporte\u201d, destac\u00f3 Eric Arcila.<\/p>\n<p><a href=\"https:\/\/l21.mx\/wp-content\/uploads\/2023\/10\/WhatsApp-Image-2023-10-12-at-09.09.11-1-scaled.jpeg\" data-rel=\"penci-gallery-image-content\" ><img decoding=\"async\" class=\"alignnone size-medium wp-image-63187\" src=\"https:\/\/l21.mx\/wp-content\/uploads\/2023\/10\/WhatsApp-Image-2023-10-12-at-09.09.11-1-300x200.jpeg\" alt=\"\" width=\"300\" height=\"200\" srcset=\"https:\/\/l21.mx\/wp-content\/uploads\/2023\/10\/WhatsApp-Image-2023-10-12-at-09.09.11-1-300x200.jpeg 300w, https:\/\/l21.mx\/wp-content\/uploads\/2023\/10\/WhatsApp-Image-2023-10-12-at-09.09.11-1-1024x682.jpeg 1024w, https:\/\/l21.mx\/wp-content\/uploads\/2023\/10\/WhatsApp-Image-2023-10-12-at-09.09.11-1-768x512.jpeg 768w, https:\/\/l21.mx\/wp-content\/uploads\/2023\/10\/WhatsApp-Image-2023-10-12-at-09.09.11-1-1536x1024.jpeg 1536w, https:\/\/l21.mx\/wp-content\/uploads\/2023\/10\/WhatsApp-Image-2023-10-12-at-09.09.11-1-2048x1365.jpeg 2048w, https:\/\/l21.mx\/wp-content\/uploads\/2023\/10\/WhatsApp-Image-2023-10-12-at-09.09.11-1-1200x800.jpeg 1200w, https:\/\/l21.mx\/wp-content\/uploads\/2023\/10\/WhatsApp-Image-2023-10-12-at-09.09.11-1-1920x1279.jpeg 1920w, https:\/\/l21.mx\/wp-content\/uploads\/2023\/10\/WhatsApp-Image-2023-10-12-at-09.09.11-1-1170x780.jpeg 1170w, https:\/\/l21.mx\/wp-content\/uploads\/2023\/10\/WhatsApp-Image-2023-10-12-at-09.09.11-1-585x390.jpeg 585w, https:\/\/l21.mx\/wp-content\/uploads\/2023\/10\/WhatsApp-Image-2023-10-12-at-09.09.11-1-263x175.jpeg 263w\" sizes=\"(max-width: 300px) 100vw, 300px\" \/><\/a><\/p>\n<p>Cabe resaltar que es la primera vez que se realiza este congreso en M\u00e9xico y cuenta con la participaci\u00f3n de 15 reconocidos ponentes, los cuales trabajar\u00e1n con entusiastas del deporte provenientes de cinco pa\u00edses como son Estados Unidos, Ecuador, Chile, Puerto Rico y el anfitri\u00f3n M\u00e9xico, tambi\u00e9n se tiene la presencia de personas de los estados de Colima, Guanajuato, Ciudad de M\u00e9xico, Yucat\u00e1n, Quer\u00e9taro, Coahuila, Estados de M\u00e9xico y Quintana Roo.<\/p>\n<p>Por su parte Rob Corso, fundador The Pyramid Model Consortium coment\u00f3: Me siento muy feliz de estar en M\u00e9xico, cumpliendo con este tipo de eventos, que sin duda dejan un conocimiento a los participantes; agradecemos a Quintana Roo por abrirnos las puertas y a sus autoridades por su gran apoyo, pero principalmente, por su inter\u00e9s de impulsar estas acciones.<\/p>\n<p><a href=\"https:\/\/l21.mx\/wp-content\/uploads\/2023\/10\/WhatsApp-Image-2023-10-12-at-09.09.11-2.jpeg\" data-rel=\"penci-gallery-image-content\" ><img decoding=\"async\" class=\"alignnone size-medium wp-image-63190\" src=\"https:\/\/l21.mx\/wp-content\/uploads\/2023\/10\/WhatsApp-Image-2023-10-12-at-09.09.11-2-300x200.jpeg\" alt=\"\" width=\"300\" height=\"200\" srcset=\"https:\/\/l21.mx\/wp-content\/uploads\/2023\/10\/WhatsApp-Image-2023-10-12-at-09.09.11-2-300x200.jpeg 300w, https:\/\/l21.mx\/wp-content\/uploads\/2023\/10\/WhatsApp-Image-2023-10-12-at-09.09.11-2-1024x683.jpeg 1024w, https:\/\/l21.mx\/wp-content\/uploads\/2023\/10\/WhatsApp-Image-2023-10-12-at-09.09.11-2-768x512.jpeg 768w, https:\/\/l21.mx\/wp-content\/uploads\/2023\/10\/WhatsApp-Image-2023-10-12-at-09.09.11-2-1200x801.jpeg 1200w, https:\/\/l21.mx\/wp-content\/uploads\/2023\/10\/WhatsApp-Image-2023-10-12-at-09.09.11-2-1170x781.jpeg 1170w, https:\/\/l21.mx\/wp-content\/uploads\/2023\/10\/WhatsApp-Image-2023-10-12-at-09.09.11-2-585x390.jpeg 585w, https:\/\/l21.mx\/wp-content\/uploads\/2023\/10\/WhatsApp-Image-2023-10-12-at-09.09.11-2-263x175.jpeg 263w, https:\/\/l21.mx\/wp-content\/uploads\/2023\/10\/WhatsApp-Image-2023-10-12-at-09.09.11-2.jpeg 1280w\" sizes=\"(max-width: 300px) 100vw, 300px\" \/><\/a><\/p>\n<p>\u201cHa sido un a\u00f1o intenso de mucho trabajo para realizar este evento, el deporte y la prevenci\u00f3n de la violencia son herramientas fundamentales para tener una mejor sociedad y esos temas son los que abordaremos en estas mesas de trabajo\u201d, resalt\u00f3 Yolanda Sosa, presidenta de la Fundaci\u00f3n Sin Fronteras Pro Mujeres y Deporte.<\/p>\n<p>Tambi\u00e9n es importante resaltar, que los primeros dos d\u00edas de mesas de trabajo de este congreso se realizan en las instalaciones de la Universidad An\u00e1huac Canc\u00fan y el cierre se impartir\u00e1 este viernes 13 de octubre teniendo como escenario el Hotel presidente Canc\u00fan, donde finalizar\u00e1n las actividades.<\/p>\n<p>Este Congreso lo organiza The Pryamid Model Consortium, en un trabajo en conjunto con la COJUDEQ, el Grupo Consultorio H. Solutions, la Escuela Internacional del Deporte de la Universidad An\u00e1huac Canc\u00fan y la Fundaci\u00f3n Pro Mujer y Deporte.<\/p>\n<p>La ceremonia inaugural se realiz\u00f3 en el Auditorio Rector\u00eda de la Universidad An\u00e1huac Canc\u00fan, donde tambi\u00e9n estuvieron presentes Tomasz Bogdanski, vicerrector acad\u00e9mico de la Universidad An\u00e1huac Canc\u00fan; Andrea Mill\u00e1n, coordinadora de la Escuela Internacional de Deporte de la An\u00e1huac; as\u00ed como Hiram Almeida, presidente del Grupo Consultivo H. Solutions; Liliana Su\u00e1rez Carre\u00f3n embajadora de este congreso; Hilda Becerra, directora de Formaci\u00f3n de CODE Guanajuato; y Mart\u00edn S\u00e1nchez Guat\u00ed, representante de la Federaci\u00f3n Mexicana de Deporte Escolar.<\/p>\n","protected":false},"excerpt":{"rendered":"<p>&nbsp; &#8211; Ser\u00e1n tres d\u00edas de mesas de trabajo, que pretende capacitar y actualizar a las&hellip;<\/p>\n","protected":false},"author":100,"featured_media":63189,"comment_status":"closed","ping_status":"closed","sticky":false,"template":"","format":"standard","meta":{"_acf_changed":false,"_lmt_disableupdate":"","_lmt_disable":"","_mbp_gutenberg_autopost":false,"footnotes":""},"categories":[1689,23],"tags":[],"class_list":["post-63186","post","type-post","status-publish","format-standard","has-post-thumbnail","hentry","category-deporte-y-salud","category-noticias"],"acf":[],"yoast_head":"<!-- This site is optimized with the Yoast SEO plugin v27.5 - https:\/\/yoast.com\/product\/yoast-seo-wordpress\/ -->\n<title>Canc\u00fan, sede del Congreso Latinoamericano \u201cCultivar Climas de Salud Mental, Deporte y Prevenci\u00f3n de Violencia\u201d | Revista Latitud 21<\/title>\n<meta name=\"description\" content=\"L21, Emprendedores y Negocios en el Caribe Mexicano, es la revista l\u00edder entre el Sector Empresarial y Tur\u00edstico del Caribe Mexicano.\" \/>\n<meta name=\"robots\" content=\"index, follow, max-snippet:-1, max-image-preview:large, max-video-preview:-1\" \/>\n<link rel=\"canonical\" href=\"https:\/\/l21.mx\/?p=63186\" \/>\n<meta name=\"twitter:card\" content=\"summary_large_image\" \/>\n<meta name=\"twitter:title\" content=\"Canc\u00fan, sede del Congreso Latinoamericano \u201cCultivar Climas de Salud Mental, Deporte y Prevenci\u00f3n de Violencia\u201d | Revista Latitud 21\" \/>\n<meta name=\"twitter:description\" content=\"L21, Emprendedores y Negocios en el Caribe Mexicano, es la revista l\u00edder entre el Sector Empresarial y Tur\u00edstico del Caribe Mexicano.\" \/>\n<meta name=\"twitter:image\" content=\"https:\/\/l21.mx\/wp-content\/uploads\/2023\/10\/WhatsApp-Image-2023-10-12-at-09.09.10-scaled.jpeg\" \/>\n<meta name=\"twitter:creator\" content=\"@Latitud21mx\" \/>\n<meta name=\"twitter:site\" content=\"@Latitud21mx\" \/>\n<meta name=\"twitter:label1\" content=\"Escrito por\" \/>\n\t<meta name=\"twitter:data1\" content=\"NellyG\" \/>\n\t<meta name=\"twitter:label2\" content=\"Tiempo de lectura\" \/>\n\t<meta name=\"twitter:data2\" content=\"4 minutos\" \/>\n<script type=\"application\/ld+json\" class=\"yoast-schema-graph\">{\"@context\":\"https:\\\/\\\/schema.org\",\"@graph\":[{\"@type\":\"Article\",\"@id\":\"https:\\\/\\\/l21.mx\\\/?p=63186#article\",\"isPartOf\":{\"@id\":\"https:\\\/\\\/l21.mx\\\/?p=63186\"},\"author\":{\"name\":\"NellyG\",\"@id\":\"https:\\\/\\\/l21.mx\\\/#\\\/schema\\\/person\\\/cca68595b80b2f6c4c55a8b254bfbb2a\"},\"headline\":\"Canc\u00fan, sede del Congreso Latinoamericano \u201cCultivar Climas de Salud Mental, Deporte y Prevenci\u00f3n de Violencia\u201d\",\"datePublished\":\"2023-10-12T14:38:31+00:00\",\"mainEntityOfPage\":{\"@id\":\"https:\\\/\\\/l21.mx\\\/?p=63186\"},\"wordCount\":606,\"publisher\":{\"@id\":\"https:\\\/\\\/l21.mx\\\/#organization\"},\"image\":{\"@id\":\"https:\\\/\\\/l21.mx\\\/?p=63186#primaryimage\"},\"thumbnailUrl\":\"https:\\\/\\\/l21.mx\\\/wp-content\\\/uploads\\\/2023\\\/10\\\/WhatsApp-Image-2023-10-12-at-09.09.10-scaled.jpeg\",\"articleSection\":[\"Deporte y Salud\",\"Noticias\"],\"inLanguage\":\"es\"},{\"@type\":\"WebPage\",\"@id\":\"https:\\\/\\\/l21.mx\\\/?p=63186\",\"url\":\"https:\\\/\\\/l21.mx\\\/?p=63186\",\"name\":\"Canc\u00fan, sede del Congreso Latinoamericano \u201cCultivar Climas de Salud Mental, Deporte y Prevenci\u00f3n de Violencia\u201d | Revista Latitud 21\",\"isPartOf\":{\"@id\":\"https:\\\/\\\/l21.mx\\\/#website\"},\"primaryImageOfPage\":{\"@id\":\"https:\\\/\\\/l21.mx\\\/?p=63186#primaryimage\"},\"image\":{\"@id\":\"https:\\\/\\\/l21.mx\\\/?p=63186#primaryimage\"},\"thumbnailUrl\":\"https:\\\/\\\/l21.mx\\\/wp-content\\\/uploads\\\/2023\\\/10\\\/WhatsApp-Image-2023-10-12-at-09.09.10-scaled.jpeg\",\"datePublished\":\"2023-10-12T14:38:31+00:00\",\"description\":\"L21, Emprendedores y Negocios en el Caribe Mexicano, es la revista l\u00edder entre el Sector Empresarial y Tur\u00edstico del Caribe Mexicano.\",\"breadcrumb\":{\"@id\":\"https:\\\/\\\/l21.mx\\\/?p=63186#breadcrumb\"},\"inLanguage\":\"es\",\"potentialAction\":[{\"@type\":\"ReadAction\",\"target\":[\"https:\\\/\\\/l21.mx\\\/?p=63186\"]}]},{\"@type\":\"ImageObject\",\"inLanguage\":\"es\",\"@id\":\"https:\\\/\\\/l21.mx\\\/?p=63186#primaryimage\",\"url\":\"https:\\\/\\\/l21.mx\\\/wp-content\\\/uploads\\\/2023\\\/10\\\/WhatsApp-Image-2023-10-12-at-09.09.10-scaled.jpeg\",\"contentUrl\":\"https:\\\/\\\/l21.mx\\\/wp-content\\\/uploads\\\/2023\\\/10\\\/WhatsApp-Image-2023-10-12-at-09.09.10-scaled.jpeg\",\"width\":2560,\"height\":1707},{\"@type\":\"BreadcrumbList\",\"@id\":\"https:\\\/\\\/l21.mx\\\/?p=63186#breadcrumb\",\"itemListElement\":[{\"@type\":\"ListItem\",\"position\":1,\"name\":\"Portada\",\"item\":\"https:\\\/\\\/l21.mx\\\/\"},{\"@type\":\"ListItem\",\"position\":2,\"name\":\"Canc\u00fan, sede del Congreso Latinoamericano \u201cCultivar Climas de Salud Mental, Deporte y Prevenci\u00f3n de Violencia\u201d\"}]},{\"@type\":\"WebSite\",\"@id\":\"https:\\\/\\\/l21.mx\\\/#website\",\"url\":\"https:\\\/\\\/l21.mx\\\/\",\"name\":\"Revista Latitud 21\",\"description\":\"Emprendedores  y negocios en el Caribe Mexicano\",\"publisher\":{\"@id\":\"https:\\\/\\\/l21.mx\\\/#organization\"},\"potentialAction\":[{\"@type\":\"SearchAction\",\"target\":{\"@type\":\"EntryPoint\",\"urlTemplate\":\"https:\\\/\\\/l21.mx\\\/?s={search_term_string}\"},\"query-input\":{\"@type\":\"PropertyValueSpecification\",\"valueRequired\":true,\"valueName\":\"search_term_string\"}}],\"inLanguage\":\"es\"},{\"@type\":\"Organization\",\"@id\":\"https:\\\/\\\/l21.mx\\\/#organization\",\"name\":\"Grupo Editorial Latitud 21 SA de CV\",\"url\":\"https:\\\/\\\/l21.mx\\\/\",\"logo\":{\"@type\":\"ImageObject\",\"inLanguage\":\"es\",\"@id\":\"https:\\\/\\\/l21.mx\\\/#\\\/schema\\\/logo\\\/image\\\/\",\"url\":\"https:\\\/\\\/l21.mx\\\/wp-content\\\/uploads\\\/2020\\\/10\\\/logo-l21-baja.jpg\",\"contentUrl\":\"https:\\\/\\\/l21.mx\\\/wp-content\\\/uploads\\\/2020\\\/10\\\/logo-l21-baja.jpg\",\"width\":250,\"height\":250,\"caption\":\"Grupo Editorial Latitud 21 SA de CV\"},\"image\":{\"@id\":\"https:\\\/\\\/l21.mx\\\/#\\\/schema\\\/logo\\\/image\\\/\"},\"sameAs\":[\"https:\\\/\\\/www.facebook.com\\\/RevistaLatitud21\\\/\",\"https:\\\/\\\/x.com\\\/Latitud21mx\"]},{\"@type\":\"Person\",\"@id\":\"https:\\\/\\\/l21.mx\\\/#\\\/schema\\\/person\\\/cca68595b80b2f6c4c55a8b254bfbb2a\",\"name\":\"NellyG\",\"url\":\"https:\\\/\\\/l21.mx\\\/?author=100\"}]}<\/script>\n<!-- \/ Yoast SEO plugin. -->","yoast_head_json":{"title":"Canc\u00fan, sede del Congreso Latinoamericano \u201cCultivar Climas de Salud Mental, Deporte y Prevenci\u00f3n de Violencia\u201d | Revista Latitud 21","description":"L21, Emprendedores y Negocios en el Caribe Mexicano, es la revista l\u00edder entre el Sector Empresarial y Tur\u00edstico del Caribe Mexicano.","robots":{"index":"index","follow":"follow","max-snippet":"max-snippet:-1","max-image-preview":"max-image-preview:large","max-video-preview":"max-video-preview:-1"},"canonical":"https:\/\/l21.mx\/?p=63186","twitter_card":"summary_large_image","twitter_title":"Canc\u00fan, sede del Congreso Latinoamericano \u201cCultivar Climas de Salud Mental, Deporte y Prevenci\u00f3n de Violencia\u201d | Revista Latitud 21","twitter_description":"L21, Emprendedores y Negocios en el Caribe Mexicano, es la revista l\u00edder entre el Sector Empresarial y Tur\u00edstico del Caribe Mexicano.","twitter_image":"https:\/\/l21.mx\/wp-content\/uploads\/2023\/10\/WhatsApp-Image-2023-10-12-at-09.09.10-scaled.jpeg","twitter_creator":"@Latitud21mx","twitter_site":"@Latitud21mx","twitter_misc":{"Escrito por":"NellyG","Tiempo de lectura":"4 minutos"},"schema":{"@context":"https:\/\/schema.org","@graph":[{"@type":"Article","@id":"https:\/\/l21.mx\/?p=63186#article","isPartOf":{"@id":"https:\/\/l21.mx\/?p=63186"},"author":{"name":"NellyG","@id":"https:\/\/l21.mx\/#\/schema\/person\/cca68595b80b2f6c4c55a8b254bfbb2a"},"headline":"Canc\u00fan, sede del Congreso Latinoamericano \u201cCultivar Climas de Salud Mental, Deporte y Prevenci\u00f3n de Violencia\u201d","datePublished":"2023-10-12T14:38:31+00:00","mainEntityOfPage":{"@id":"https:\/\/l21.mx\/?p=63186"},"wordCount":606,"publisher":{"@id":"https:\/\/l21.mx\/#organization"},"image":{"@id":"https:\/\/l21.mx\/?p=63186#primaryimage"},"thumbnailUrl":"https:\/\/l21.mx\/wp-content\/uploads\/2023\/10\/WhatsApp-Image-2023-10-12-at-09.09.10-scaled.jpeg","articleSection":["Deporte y Salud","Noticias"],"inLanguage":"es"},{"@type":"WebPage","@id":"https:\/\/l21.mx\/?p=63186","url":"https:\/\/l21.mx\/?p=63186","name":"Canc\u00fan, sede del Congreso Latinoamericano \u201cCultivar Climas de Salud Mental, Deporte y Prevenci\u00f3n de Violencia\u201d | Revista Latitud 21","isPartOf":{"@id":"https:\/\/l21.mx\/#website"},"primaryImageOfPage":{"@id":"https:\/\/l21.mx\/?p=63186#primaryimage"},"image":{"@id":"https:\/\/l21.mx\/?p=63186#primaryimage"},"thumbnailUrl":"https:\/\/l21.mx\/wp-content\/uploads\/2023\/10\/WhatsApp-Image-2023-10-12-at-09.09.10-scaled.jpeg","datePublished":"2023-10-12T14:38:31+00:00","description":"L21, Emprendedores y Negocios en el Caribe Mexicano, es la revista l\u00edder entre el Sector Empresarial y Tur\u00edstico del Caribe Mexicano.","breadcrumb":{"@id":"https:\/\/l21.mx\/?p=63186#breadcrumb"},"inLanguage":"es","potentialAction":[{"@type":"ReadAction","target":["https:\/\/l21.mx\/?p=63186"]}]},{"@type":"ImageObject","inLanguage":"es","@id":"https:\/\/l21.mx\/?p=63186#primaryimage","url":"https:\/\/l21.mx\/wp-content\/uploads\/2023\/10\/WhatsApp-Image-2023-10-12-at-09.09.10-scaled.jpeg","contentUrl":"https:\/\/l21.mx\/wp-content\/uploads\/2023\/10\/WhatsApp-Image-2023-10-12-at-09.09.10-scaled.jpeg","width":2560,"height":1707},{"@type":"BreadcrumbList","@id":"https:\/\/l21.mx\/?p=63186#breadcrumb","itemListElement":[{"@type":"ListItem","position":1,"name":"Portada","item":"https:\/\/l21.mx\/"},{"@type":"ListItem","position":2,"name":"Canc\u00fan, sede del Congreso Latinoamericano \u201cCultivar Climas de Salud Mental, Deporte y Prevenci\u00f3n de Violencia\u201d"}]},{"@type":"WebSite","@id":"https:\/\/l21.mx\/#website","url":"https:\/\/l21.mx\/","name":"Revista Latitud 21","description":"Emprendedores  y negocios en el Caribe Mexicano","publisher":{"@id":"https:\/\/l21.mx\/#organization"},"potentialAction":[{"@type":"SearchAction","target":{"@type":"EntryPoint","urlTemplate":"https:\/\/l21.mx\/?s={search_term_string}"},"query-input":{"@type":"PropertyValueSpecification","valueRequired":true,"valueName":"search_term_string"}}],"inLanguage":"es"},{"@type":"Organization","@id":"https:\/\/l21.mx\/#organization","name":"Grupo Editorial Latitud 21 SA de CV","url":"https:\/\/l21.mx\/","logo":{"@type":"ImageObject","inLanguage":"es","@id":"https:\/\/l21.mx\/#\/schema\/logo\/image\/","url":"https:\/\/l21.mx\/wp-content\/uploads\/2020\/10\/logo-l21-baja.jpg","contentUrl":"https:\/\/l21.mx\/wp-content\/uploads\/2020\/10\/logo-l21-baja.jpg","width":250,"height":250,"caption":"Grupo Editorial Latitud 21 SA de CV"},"image":{"@id":"https:\/\/l21.mx\/#\/schema\/logo\/image\/"},"sameAs":["https:\/\/www.facebook.com\/RevistaLatitud21\/","https:\/\/x.com\/Latitud21mx"]},{"@type":"Person","@id":"https:\/\/l21.mx\/#\/schema\/person\/cca68595b80b2f6c4c55a8b254bfbb2a","name":"NellyG","url":"https:\/\/l21.mx\/?author=100"}]}},"amp_enabled":true,"_links":{"self":[{"href":"https:\/\/l21.mx\/index.php?rest_route=\/wp\/v2\/posts\/63186","targetHints":{"allow":["GET"]}}],"collection":[{"href":"https:\/\/l21.mx\/index.php?rest_route=\/wp\/v2\/posts"}],"about":[{"href":"https:\/\/l21.mx\/index.php?rest_route=\/wp\/v2\/types\/post"}],"author":[{"embeddable":true,"href":"https:\/\/l21.mx\/index.php?rest_route=\/wp\/v2\/users\/100"}],"replies":[{"embeddable":true,"href":"https:\/\/l21.mx\/index.php?rest_route=%2Fwp%2Fv2%2Fcomments&post=63186"}],"version-history":[{"count":1,"href":"https:\/\/l21.mx\/index.php?rest_route=\/wp\/v2\/posts\/63186\/revisions"}],"predecessor-version":[{"id":63191,"href":"https:\/\/l21.mx\/index.php?rest_route=\/wp\/v2\/posts\/63186\/revisions\/63191"}],"wp:featuredmedia":[{"embeddable":true,"href":"https:\/\/l21.mx\/index.php?rest_route=\/wp\/v2\/media\/63189"}],"wp:attachment":[{"href":"https:\/\/l21.mx\/index.php?rest_route=%2Fwp%2Fv2%2Fmedia&parent=63186"}],"wp:term":[{"taxonomy":"category","embeddable":true,"href":"https:\/\/l21.mx\/index.php?rest_route=%2Fwp%2Fv2%2Fcategories&post=63186"},{"taxonomy":"post_tag","embeddable":true,"href":"https:\/\/l21.mx\/index.php?rest_route=%2Fwp%2Fv2%2Ftags&post=63186"}],"curies":[{"name":"wp","href":"https:\/\/api.w.org\/{rel}","templated":true}]}}