{"id":63426,"date":"2023-10-17T16:47:46","date_gmt":"2023-10-17T21:47:46","guid":{"rendered":"https:\/\/l21.mx\/?p=63426"},"modified":"2023-10-17T16:47:46","modified_gmt":"2023-10-17T21:47:46","slug":"aprueban-acuerdo-a-favor-de-los-trabajadores-sindicalizados","status":"publish","type":"post","link":"https:\/\/l21.mx\/?p=63426","title":{"rendered":"Aprueban acuerdo a favor de los trabajadores sindicalizados"},"content":{"rendered":"<p><a href=\"https:\/\/l21.mx\/wp-content\/uploads\/2023\/10\/WhatsApp-Image-2023-10-17-at-15.52.52.jpeg\" data-rel=\"penci-gallery-image-content\" ><img fetchpriority=\"high\" decoding=\"async\" class=\"alignnone size-medium wp-image-63429\" src=\"https:\/\/l21.mx\/wp-content\/uploads\/2023\/10\/WhatsApp-Image-2023-10-17-at-15.52.52-300x195.jpeg\" alt=\"\" width=\"300\" height=\"195\" srcset=\"https:\/\/l21.mx\/wp-content\/uploads\/2023\/10\/WhatsApp-Image-2023-10-17-at-15.52.52-300x195.jpeg 300w, https:\/\/l21.mx\/wp-content\/uploads\/2023\/10\/WhatsApp-Image-2023-10-17-at-15.52.52-1024x667.jpeg 1024w, https:\/\/l21.mx\/wp-content\/uploads\/2023\/10\/WhatsApp-Image-2023-10-17-at-15.52.52-768x500.jpeg 768w, https:\/\/l21.mx\/wp-content\/uploads\/2023\/10\/WhatsApp-Image-2023-10-17-at-15.52.52-1200x782.jpeg 1200w, https:\/\/l21.mx\/wp-content\/uploads\/2023\/10\/WhatsApp-Image-2023-10-17-at-15.52.52-1170x762.jpeg 1170w, https:\/\/l21.mx\/wp-content\/uploads\/2023\/10\/WhatsApp-Image-2023-10-17-at-15.52.52-585x381.jpeg 585w, https:\/\/l21.mx\/wp-content\/uploads\/2023\/10\/WhatsApp-Image-2023-10-17-at-15.52.52.jpeg 1280w\" sizes=\"(max-width: 300px) 100vw, 300px\" \/><\/a><\/p>\n<p>Playa del Carmen, Solidaridad, 17 de octubre del 2023.- Durante la vig\u00e9sima sexta sesi\u00f3n extraordinaria del Cabildo presidida por la edil Lili Campos, se aprob\u00f3 otorgar poder especial a favor de Javier Cal L\u00f3pez para representaci\u00f3n del Ayuntamiento en materia laboral y de amparo, para garantizar la defensa de los derechos e intereses de las y los trabajadores.<\/p>\n<p>En la sesi\u00f3n, se otorgaron poderes limitados a favor del Licenciado Javier Cal L\u00f3pez para atender asuntos de las y los trabajadores del sindicato con n\u00famero de registro 30, con el fin de respetar sus derechos. Dicho poder tendr\u00e1 como vigencia m\u00e1xima, hasta el d\u00eda veintinueve de septiembre del a\u00f1o dos mil veinticuatro.<\/p>\n<p>Es importante mencionar que el poder otorgado no limita, ni perjudica de forma alguna las facultades de representaci\u00f3n del S\u00edndico Municipal Adri\u00e1n P\u00e9rez Vera.<\/p>\n","protected":false},"excerpt":{"rendered":"<p>Playa del Carmen, Solidaridad, 17 de octubre del 2023.- Durante la vig\u00e9sima sexta sesi\u00f3n extraordinaria del&hellip;<\/p>\n","protected":false},"author":100,"featured_media":63428,"comment_status":"closed","ping_status":"closed","sticky":false,"template":"","format":"standard","meta":{"_acf_changed":false,"_lmt_disableupdate":"","_lmt_disable":"","_mbp_gutenberg_autopost":false,"footnotes":""},"categories":[1654],"tags":[],"class_list":["post-63426","post","type-post","status-publish","format-standard","has-post-thumbnail","hentry","category-solidaridad"],"acf":[],"_links":{"self":[{"href":"https:\/\/l21.mx\/index.php?rest_route=\/wp\/v2\/posts\/63426","targetHints":{"allow":["GET"]}}],"collection":[{"href":"https:\/\/l21.mx\/index.php?rest_route=\/wp\/v2\/posts"}],"about":[{"href":"https:\/\/l21.mx\/index.php?rest_route=\/wp\/v2\/types\/post"}],"author":[{"embeddable":true,"href":"https:\/\/l21.mx\/index.php?rest_route=\/wp\/v2\/users\/100"}],"replies":[{"embeddable":true,"href":"https:\/\/l21.mx\/index.php?rest_route=%2Fwp%2Fv2%2Fcomments&post=63426"}],"version-history":[{"count":0,"href":"https:\/\/l21.mx\/index.php?rest_route=\/wp\/v2\/posts\/63426\/revisions"}],"wp:featuredmedia":[{"embeddable":true,"href":"https:\/\/l21.mx\/index.php?rest_route=\/wp\/v2\/media\/63428"}],"wp:attachment":[{"href":"https:\/\/l21.mx\/index.php?rest_route=%2Fwp%2Fv2%2Fmedia&parent=63426"}],"wp:term":[{"taxonomy":"category","embeddable":true,"href":"https:\/\/l21.mx\/index.php?rest_route=%2Fwp%2Fv2%2Fcategories&post=63426"},{"taxonomy":"post_tag","embeddable":true,"href":"https:\/\/l21.mx\/index.php?rest_route=%2Fwp%2Fv2%2Ftags&post=63426"}],"curies":[{"name":"wp","href":"https:\/\/api.w.org\/{rel}","templated":true}]}}