{"id":63441,"date":"2023-10-17T17:00:36","date_gmt":"2023-10-17T22:00:36","guid":{"rendered":"https:\/\/l21.mx\/?p=63441"},"modified":"2023-10-17T17:00:36","modified_gmt":"2023-10-17T22:00:36","slug":"todo-listo-para-la-segunda-edicion-de-la-expo-ciudad-mayakoba","status":"publish","type":"post","link":"https:\/\/l21.mx\/?p=63441","title":{"rendered":"Todo listo para la segunda edici\u00f3n de la Expo Ciudad Mayakoba"},"content":{"rendered":"<div>Evento abierto a todo el p\u00fablico: s\u00e1bado 28 y domingo 29 de octubre; todo para construir y decorar el hogar en un solo lugar<\/div>\n<div><a href=\"https:\/\/l21.mx\/wp-content\/uploads\/2023\/10\/WhatsApp-Image-2023-10-17-at-12.32.33.jpeg\" data-rel=\"penci-gallery-image-content\" ><img fetchpriority=\"high\" decoding=\"async\" class=\"alignnone size-medium wp-image-63443\" src=\"https:\/\/l21.mx\/wp-content\/uploads\/2023\/10\/WhatsApp-Image-2023-10-17-at-12.32.33-225x300.jpeg\" alt=\"\" width=\"225\" height=\"300\" srcset=\"https:\/\/l21.mx\/wp-content\/uploads\/2023\/10\/WhatsApp-Image-2023-10-17-at-12.32.33-225x300.jpeg 225w, https:\/\/l21.mx\/wp-content\/uploads\/2023\/10\/WhatsApp-Image-2023-10-17-at-12.32.33-768x1024.jpeg 768w, https:\/\/l21.mx\/wp-content\/uploads\/2023\/10\/WhatsApp-Image-2023-10-17-at-12.32.33-675x900.jpeg 675w, https:\/\/l21.mx\/wp-content\/uploads\/2023\/10\/WhatsApp-Image-2023-10-17-at-12.32.33-585x780.jpeg 585w, https:\/\/l21.mx\/wp-content\/uploads\/2023\/10\/WhatsApp-Image-2023-10-17-at-12.32.33.jpeg 960w\" sizes=\"(max-width: 225px) 100vw, 225px\" \/><\/a><\/div>\n<div><\/div>\n<div>Playa del Carmen, Quintana Roo, a 17 de octubre de 2023. \u2013 Durante d\u00edas 28 al 29 de octubre se llevar\u00e1 a cabo la segunda edici\u00f3n de la Expo Ciudad Mayakoba, un evento enfocado a ofrecer diversas opciones de vivienda,\u00a0 construcci\u00f3n, decoraci\u00f3n y servicios inmobiliarios a todas la familias que busquen adquirir un nuevo hogar, o bien remodelar el suyo. Se esperan m\u00e1s de 3000 visitantes.<\/div>\n<div><\/div>\n<div>Expo Ciudad Mayakoba se llevar\u00e1 a cabo bajo el marco de celebraci\u00f3n de los primeros 10 a\u00f1os desde el inicio de la urbanizaci\u00f3n de Ciudad Mayakoba, desarrollo que a\u00fan crece y se consolida d\u00eda a d\u00eda como una comunidad planeada, segura y con todos los servicios requeridos por la vida moderna. A sus 10 a\u00f1os, Ciudad Mayakoba alberga a m\u00e1s de 2000 familias, ha entregado m\u00e1s de mil unidades residenciales y comerciales, y es considerado el mejor desarrollo residencial de la Riviera Maya.<\/div>\n<div><\/div>\n<div><a href=\"https:\/\/l21.mx\/wp-content\/uploads\/2023\/10\/WhatsApp-Image-2023-10-17-at-12.32.33-1.jpeg\" data-rel=\"penci-gallery-image-content\" ><img decoding=\"async\" class=\"alignnone size-medium wp-image-63442\" src=\"https:\/\/l21.mx\/wp-content\/uploads\/2023\/10\/WhatsApp-Image-2023-10-17-at-12.32.33-1-225x300.jpeg\" alt=\"\" width=\"225\" height=\"300\" srcset=\"https:\/\/l21.mx\/wp-content\/uploads\/2023\/10\/WhatsApp-Image-2023-10-17-at-12.32.33-1-225x300.jpeg 225w, https:\/\/l21.mx\/wp-content\/uploads\/2023\/10\/WhatsApp-Image-2023-10-17-at-12.32.33-1-768x1024.jpeg 768w, https:\/\/l21.mx\/wp-content\/uploads\/2023\/10\/WhatsApp-Image-2023-10-17-at-12.32.33-1-675x900.jpeg 675w, https:\/\/l21.mx\/wp-content\/uploads\/2023\/10\/WhatsApp-Image-2023-10-17-at-12.32.33-1-585x780.jpeg 585w, https:\/\/l21.mx\/wp-content\/uploads\/2023\/10\/WhatsApp-Image-2023-10-17-at-12.32.33-1.jpeg 960w\" sizes=\"(max-width: 225px) 100vw, 225px\" \/><\/a><\/div>\n<div>Este a\u00f1o la Expo es presentada por Banregio y contar\u00e1 con 18 expositores en las ramas de arquitectura, paisajismo, muebles, paneles solares, decoraci\u00f3n, seguros, persianas, carpinter\u00eda, pisos, m\u00e1rmol y granitos, cr\u00e9ditos hipotecarios, entre otros productos y servicios enfocados a convertir sue\u00f1os en realidad.<\/div>\n<div><\/div>\n<div>Adicionalmente, la Expo dedicar\u00e1 una zona exclusivamente a la gastronom\u00eda, mesas de actividades para ni\u00f1os y juegos infantiles. Enfocado en toda familia para pasar un buen rato mientras conocen las \u00faltimas ofertas para el hogar.<\/div>\n<div><\/div>\n<div>Por supuesto, tambi\u00e9n habr\u00e1 un espacio dedicado exclusivamente a los productos inmobiliarios que est\u00e1n disponibles en Ciudad Mayakoba; desde apartamentos terminados en Jardines y Bosques, as\u00ed como lotes residenciales en Senderos.<\/div>\n<div><\/div>\n<div>Expo Ciudad Mayakoba se llevar\u00e1 a cabo sobre Paseo de los Parques, frente al desarrollo condominal Bosques, los d\u00edas s\u00e1bado 28 y domingo 29 de octubre, en un horario de 12 a 9 pm. El acceso es gratuito y abierto a todo el p\u00fablico, tanto residentes como visitantes.<\/div>\n<div><\/div>\n<div>Ciudad Mayakoba impulsa el crecimiento econ\u00f3mico de Quintana Roo. Hasta el momento ha invertido m\u00e1s de 231 mil mdp en infraestructura de primera nivel y m\u00e1s de 785 mil mdp en construcci\u00f3n.<\/div>\n","protected":false},"excerpt":{"rendered":"<p>Evento abierto a todo el p\u00fablico: s\u00e1bado 28 y domingo 29 de octubre; todo para construir&hellip;<\/p>\n","protected":false},"author":100,"featured_media":63444,"comment_status":"closed","ping_status":"closed","sticky":false,"template":"","format":"standard","meta":{"_acf_changed":false,"_lmt_disableupdate":"","_lmt_disable":"","_mbp_gutenberg_autopost":false,"footnotes":""},"categories":[23,1656],"tags":[],"class_list":["post-63441","post","type-post","status-publish","format-standard","has-post-thumbnail","hentry","category-noticias","category-quintana-roo"],"acf":[],"_links":{"self":[{"href":"https:\/\/l21.mx\/index.php?rest_route=\/wp\/v2\/posts\/63441","targetHints":{"allow":["GET"]}}],"collection":[{"href":"https:\/\/l21.mx\/index.php?rest_route=\/wp\/v2\/posts"}],"about":[{"href":"https:\/\/l21.mx\/index.php?rest_route=\/wp\/v2\/types\/post"}],"author":[{"embeddable":true,"href":"https:\/\/l21.mx\/index.php?rest_route=\/wp\/v2\/users\/100"}],"replies":[{"embeddable":true,"href":"https:\/\/l21.mx\/index.php?rest_route=%2Fwp%2Fv2%2Fcomments&post=63441"}],"version-history":[{"count":0,"href":"https:\/\/l21.mx\/index.php?rest_route=\/wp\/v2\/posts\/63441\/revisions"}],"wp:featuredmedia":[{"embeddable":true,"href":"https:\/\/l21.mx\/index.php?rest_route=\/wp\/v2\/media\/63444"}],"wp:attachment":[{"href":"https:\/\/l21.mx\/index.php?rest_route=%2Fwp%2Fv2%2Fmedia&parent=63441"}],"wp:term":[{"taxonomy":"category","embeddable":true,"href":"https:\/\/l21.mx\/index.php?rest_route=%2Fwp%2Fv2%2Fcategories&post=63441"},{"taxonomy":"post_tag","embeddable":true,"href":"https:\/\/l21.mx\/index.php?rest_route=%2Fwp%2Fv2%2Ftags&post=63441"}],"curies":[{"name":"wp","href":"https:\/\/api.w.org\/{rel}","templated":true}]}}