{"id":63541,"date":"2023-10-19T19:22:42","date_gmt":"2023-10-20T00:22:42","guid":{"rendered":"https:\/\/l21.mx\/?p=63541"},"modified":"2023-10-19T19:22:42","modified_gmt":"2023-10-20T00:22:42","slug":"mujeres-empresarias-crean-amexme-capitulo-puerto-morelos","status":"publish","type":"post","link":"https:\/\/l21.mx\/?p=63541","title":{"rendered":"Mujeres empresarias crean Amexme Cap\u00edtulo Puerto Morelos"},"content":{"rendered":"<p>*La presidenta municipal se\u00f1ala que su administraci\u00f3n trabajar\u00e1 de la mano con este organismo empresarial, para ampliar las redes de negocios y fomentar la capacitaci\u00f3n de las mujeres empresarias<\/p>\n<p><a href=\"https:\/\/l21.mx\/wp-content\/uploads\/2023\/10\/WhatsApp-Image-2023-10-19-at-4.23.35-PM.jpeg\" data-rel=\"penci-gallery-image-content\" ><img fetchpriority=\"high\" decoding=\"async\" class=\"alignnone size-medium wp-image-63544\" src=\"https:\/\/l21.mx\/wp-content\/uploads\/2023\/10\/WhatsApp-Image-2023-10-19-at-4.23.35-PM-300x172.jpeg\" alt=\"\" width=\"300\" height=\"172\" srcset=\"https:\/\/l21.mx\/wp-content\/uploads\/2023\/10\/WhatsApp-Image-2023-10-19-at-4.23.35-PM-300x172.jpeg 300w, https:\/\/l21.mx\/wp-content\/uploads\/2023\/10\/WhatsApp-Image-2023-10-19-at-4.23.35-PM-1024x588.jpeg 1024w, https:\/\/l21.mx\/wp-content\/uploads\/2023\/10\/WhatsApp-Image-2023-10-19-at-4.23.35-PM-768x441.jpeg 768w, https:\/\/l21.mx\/wp-content\/uploads\/2023\/10\/WhatsApp-Image-2023-10-19-at-4.23.35-PM-1200x689.jpeg 1200w, https:\/\/l21.mx\/wp-content\/uploads\/2023\/10\/WhatsApp-Image-2023-10-19-at-4.23.35-PM-1170x672.jpeg 1170w, https:\/\/l21.mx\/wp-content\/uploads\/2023\/10\/WhatsApp-Image-2023-10-19-at-4.23.35-PM-585x336.jpeg 585w, https:\/\/l21.mx\/wp-content\/uploads\/2023\/10\/WhatsApp-Image-2023-10-19-at-4.23.35-PM.jpeg 1280w\" sizes=\"(max-width: 300px) 100vw, 300px\" \/><\/a><br \/>\nPuerto Morelos, Quintana Roo, 19 de octubre de 2023.- La creaci\u00f3n del Cap\u00edtulo Puerto Morelos de la Asociaci\u00f3n Mexicana de Mujeres Empresarias (Amexme), es muestra de que el municipio avanza con pasos firmes hacia su consolidaci\u00f3n como motor de desarrollo en el Caribe Mexicano, destac\u00f3 la alcaldesa Blanca Merari Tziu Mu\u00f1oz.<br \/>\n\u201cAmexme Cap\u00edtulo Puerto Morelos se suma a la intensa labor de sus agremiadas que ya trabajan incansablemente en otras latitudes como Riviera Maya, Cozumel, Tulum, Canc\u00fan y Chetumal\u201d, se\u00f1al\u00f3 durante el evento de toma de protesta de las integrantes de la mesa directiva de este organismo empresarial, encabezado por Jessica Valladares Ibarra.<br \/>\nAcompa\u00f1ada por Karla Mar\u00eda Almanza L\u00f3pez, secretaria de Desarrollo Econ\u00f3mico de Quintana Roo; la presidenta nacional de Amexme, Lucero Cabrales Garc\u00eda Conde, y la vicepresidenta de Amexme regi\u00f3n Quintana Roo, Adriana Bravo Mena, dijo que hoy est\u00e1n reunidas mujeres emprendedoras y empoderadas que, desde el n\u00facleo econ\u00f3mico fundamental de la actividad econ\u00f3mica de la comunidad, es decir, la empresa, contribuyen al desarrollo del Estado y el pa\u00eds en su conjunto.<\/p>\n<p><a href=\"https:\/\/l21.mx\/wp-content\/uploads\/2023\/10\/WhatsApp-Image-2023-10-19-at-4.23.34-PM.jpeg\" data-rel=\"penci-gallery-image-content\" ><img decoding=\"async\" class=\"alignnone size-medium wp-image-63542\" src=\"https:\/\/l21.mx\/wp-content\/uploads\/2023\/10\/WhatsApp-Image-2023-10-19-at-4.23.34-PM-300x240.jpeg\" alt=\"\" width=\"300\" height=\"240\" srcset=\"https:\/\/l21.mx\/wp-content\/uploads\/2023\/10\/WhatsApp-Image-2023-10-19-at-4.23.34-PM-300x240.jpeg 300w, https:\/\/l21.mx\/wp-content\/uploads\/2023\/10\/WhatsApp-Image-2023-10-19-at-4.23.34-PM-1024x819.jpeg 1024w, https:\/\/l21.mx\/wp-content\/uploads\/2023\/10\/WhatsApp-Image-2023-10-19-at-4.23.34-PM-768x614.jpeg 768w, https:\/\/l21.mx\/wp-content\/uploads\/2023\/10\/WhatsApp-Image-2023-10-19-at-4.23.34-PM-1125x900.jpeg 1125w, https:\/\/l21.mx\/wp-content\/uploads\/2023\/10\/WhatsApp-Image-2023-10-19-at-4.23.34-PM-1170x936.jpeg 1170w, https:\/\/l21.mx\/wp-content\/uploads\/2023\/10\/WhatsApp-Image-2023-10-19-at-4.23.34-PM-585x468.jpeg 585w, https:\/\/l21.mx\/wp-content\/uploads\/2023\/10\/WhatsApp-Image-2023-10-19-at-4.23.34-PM.jpeg 1280w\" sizes=\"(max-width: 300px) 100vw, 300px\" \/><\/a><br \/>\n\u201cEstoy segura que todas ustedes comenzaron esta tarea como un sue\u00f1o, un sue\u00f1o que despu\u00e9s se convirti\u00f3 en horas, d\u00edas, semanas y meses de trabajo, de metodolog\u00eda, organizaci\u00f3n, y, sobre todo, ganas de lograr el ansiado objetivo\u201d, coment\u00f3 en su discurso la Presidenta Municipal.<br \/>\nBlanca Merari, quien tom\u00f3 protesta a las integrantes de Amexme, reafirm\u00f3 que Puerto Morelos est\u00e1 en la ruta correcta, por lo que desde la administraci\u00f3n que encabeza trabajar\u00e1n de la mano con este organismo empresarial, para ampliar las redes de negocios en el municipio, fomentar la capacitaci\u00f3n de las mujeres empresarias y las que buscan poner un negocio o comercio y que, al final, que esta labor se traduzca en el fortalecimiento de la econom\u00eda formal y comunitaria.<br \/>\nCabe mencionar que la gobernadora Mara Lezama Espinosa envi\u00f3 un mensaje virtual a las asistentes, en el que augur\u00f3 que Jessica Valladares y toda la mesa directiva har\u00e1n un excelente papel al frente de esta Asociaci\u00f3n en los pr\u00f3ximos 3 a\u00f1os. \u201cCuenten conmigo al 100 por ciento para seguir construyendo mayores espacios para las mujeres en el \u00e1mbito empresarial. Mi reconocimiento a todas ustedes, a las mujeres empresarias con el nacimiento de esta importante asociaci\u00f3n Cap\u00edtulo Puerto Morelos\u201d, destac\u00f3.<\/p>\n<p><a href=\"https:\/\/l21.mx\/wp-content\/uploads\/2023\/10\/WhatsApp-Image-2023-10-19-at-4.23.34-PM-1.jpeg\" data-rel=\"penci-gallery-image-content\" ><img decoding=\"async\" class=\"alignnone size-medium wp-image-63543\" src=\"https:\/\/l21.mx\/wp-content\/uploads\/2023\/10\/WhatsApp-Image-2023-10-19-at-4.23.34-PM-1-300x183.jpeg\" alt=\"\" width=\"300\" height=\"183\" srcset=\"https:\/\/l21.mx\/wp-content\/uploads\/2023\/10\/WhatsApp-Image-2023-10-19-at-4.23.34-PM-1-300x183.jpeg 300w, https:\/\/l21.mx\/wp-content\/uploads\/2023\/10\/WhatsApp-Image-2023-10-19-at-4.23.34-PM-1-1024x626.jpeg 1024w, https:\/\/l21.mx\/wp-content\/uploads\/2023\/10\/WhatsApp-Image-2023-10-19-at-4.23.34-PM-1-768x469.jpeg 768w, https:\/\/l21.mx\/wp-content\/uploads\/2023\/10\/WhatsApp-Image-2023-10-19-at-4.23.34-PM-1-585x358.jpeg 585w, https:\/\/l21.mx\/wp-content\/uploads\/2023\/10\/WhatsApp-Image-2023-10-19-at-4.23.34-PM-1.jpeg 1155w\" sizes=\"(max-width: 300px) 100vw, 300px\" \/><\/a><br \/>\nEn su intervenci\u00f3n, la titular de la Secretar\u00eda de Desarrollo Econ\u00f3mico, Karla Mar\u00eda Almanza, encargada de tomar la protesta a Jessica Valladares, dijo que la instrucci\u00f3n de la Gobernadora es trabajar de la mano con las mujeres empresarias, para acortar brechas de desigualdad y abrirles m\u00e1s espacios en distintos \u00e1mbitos, as\u00ed como generar las condiciones desde el gobierno para hacerles todo m\u00e1s f\u00e1cil.<br \/>\n\u201cEl d\u00eda de hoy quedar\u00e1 grabado en la historia de Puerto Morelos, porque se consolida un proyecto de m\u00e1s de siete a\u00f1os de trabajo. Hoy volvemos realidad un viejo anhelo en el que oficialmente un grupo de empresarias y emprendedoras rindi\u00f3 protesta como el sexto cap\u00edtulo de la regi\u00f3n Quintana Roo de Amexme\u201d, coment\u00f3 por su parte, la presidenta entrante Jessica Valladares.<br \/>\nResalt\u00f3 que s\u00f3lo el primer a\u00f1o de Puerto Morelos como municipio, en m\u00e1s del 60 por ciento de las licencias de funcionamiento tramitadas para nuevos negocios, estaba al frente una mujer.<br \/>\n\u201cLas mujeres somos multifac\u00e9ticas, resilientes, solidarias, perseverantes y con una fortaleza inquebrantable con la que le hacemos frente a los retos que nos presentan. Hoy hemos llegado a niveles nunca antes vistos en Quintana Roo, prueba de ello es que tenemos a la primera mujer en dirigir al Estado, la gobernadora Mara Lezama, quien ha liderado a paso firme el crecimiento de la Entidad. Otro gran ejemplo es nuestra presidenta Blanca Merari, a quien agradecemos por el apoyo que siempre ha brindado a las y los empresarios de Puerto Morelos\u201d, expuso.<br \/>\nEn tanto, Adriana Nava G\u00f3mez, quien lider\u00f3 a las empresarias en los \u00faltimos a\u00f1os y fue una fuerte impulsora de la creaci\u00f3n del Cap\u00edtulo Puerto Morelos de Amexme, remarc\u00f3 que el camino de emprender y dirigir un negocio no es siempre sencillo, sin embargo, afirm\u00f3, esta Asociaci\u00f3n ayudar\u00e1 a encontrar un espacio de apoyo mutuo para compartir experiencias, conocimientos y recursos valiosos.<br \/>\nAsimismo, indic\u00f3 que el \u00f3ptimo trabajo entre iniciativa privada y gobierno da mejores resultados, que se ven reflejados en generaci\u00f3n de nuevos empleos y bienestar para todos los portomorelenses, lo anterior en referencia a la apertura que han encontrado en la administraci\u00f3n de Blanca Merari.<br \/>\nAl evento, en el que se rindieron honores a la bandera y se entonaron los himnos a Quintana Roo y Nacional Mexicano, tambi\u00e9n acudieron Eduardo Mart\u00ednez Gonz\u00e1lez, presidente del Consejo Coordinador Empresarial del Caribe; la diputada local Susana Hurtado Vallejo; presidentas e integrantes de todos los cap\u00edtulos de Amexme en Quintana Roo e invitados especiales.<\/p>\n","protected":false},"excerpt":{"rendered":"<p>*La presidenta municipal se\u00f1ala que su administraci\u00f3n trabajar\u00e1 de la mano con este organismo empresarial, para&hellip;<\/p>\n","protected":false},"author":100,"featured_media":63545,"comment_status":"closed","ping_status":"closed","sticky":false,"template":"","format":"standard","meta":{"_acf_changed":false,"_lmt_disableupdate":"","_lmt_disable":"","_mbp_gutenberg_autopost":false,"footnotes":""},"categories":[23,1656],"tags":[],"class_list":["post-63541","post","type-post","status-publish","format-standard","has-post-thumbnail","hentry","category-noticias","category-quintana-roo"],"acf":[],"yoast_head":"<!-- This site is optimized with the Yoast SEO plugin v27.3 - https:\/\/yoast.com\/product\/yoast-seo-wordpress\/ -->\n<title>Mujeres empresarias crean Amexme Cap\u00edtulo Puerto Morelos | Revista Latitud 21<\/title>\n<meta name=\"description\" content=\"L21, Emprendedores y Negocios en el Caribe Mexicano, es la revista l\u00edder entre el Sector Empresarial y Tur\u00edstico del Caribe Mexicano.\" \/>\n<meta name=\"robots\" content=\"index, follow, max-snippet:-1, max-image-preview:large, max-video-preview:-1\" \/>\n<link rel=\"canonical\" href=\"https:\/\/l21.mx\/?p=63541\" \/>\n<meta name=\"twitter:card\" content=\"summary_large_image\" \/>\n<meta name=\"twitter:title\" content=\"Mujeres empresarias crean Amexme Cap\u00edtulo Puerto Morelos | Revista Latitud 21\" \/>\n<meta name=\"twitter:description\" content=\"L21, Emprendedores y Negocios en el Caribe Mexicano, es la revista l\u00edder entre el Sector Empresarial y Tur\u00edstico del Caribe Mexicano.\" \/>\n<meta name=\"twitter:image\" content=\"https:\/\/l21.mx\/wp-content\/uploads\/2023\/10\/WhatsApp-Image-2023-10-19-at-4.23.35-PM-1.jpeg\" \/>\n<meta name=\"twitter:creator\" content=\"@Latitud21mx\" \/>\n<meta name=\"twitter:site\" content=\"@Latitud21mx\" \/>\n<meta name=\"twitter:label1\" content=\"Escrito por\" \/>\n\t<meta name=\"twitter:data1\" content=\"NellyG\" \/>\n\t<meta name=\"twitter:label2\" content=\"Tiempo de lectura\" \/>\n\t<meta name=\"twitter:data2\" content=\"5 minutos\" \/>\n<script type=\"application\/ld+json\" class=\"yoast-schema-graph\">{\"@context\":\"https:\\\/\\\/schema.org\",\"@graph\":[{\"@type\":\"Article\",\"@id\":\"https:\\\/\\\/l21.mx\\\/?p=63541#article\",\"isPartOf\":{\"@id\":\"https:\\\/\\\/l21.mx\\\/?p=63541\"},\"author\":{\"name\":\"NellyG\",\"@id\":\"https:\\\/\\\/l21.mx\\\/#\\\/schema\\\/person\\\/cca68595b80b2f6c4c55a8b254bfbb2a\"},\"headline\":\"Mujeres empresarias crean Amexme Cap\u00edtulo Puerto Morelos\",\"datePublished\":\"2023-10-20T00:22:42+00:00\",\"mainEntityOfPage\":{\"@id\":\"https:\\\/\\\/l21.mx\\\/?p=63541\"},\"wordCount\":882,\"publisher\":{\"@id\":\"https:\\\/\\\/l21.mx\\\/#organization\"},\"image\":{\"@id\":\"https:\\\/\\\/l21.mx\\\/?p=63541#primaryimage\"},\"thumbnailUrl\":\"https:\\\/\\\/l21.mx\\\/wp-content\\\/uploads\\\/2023\\\/10\\\/WhatsApp-Image-2023-10-19-at-4.23.35-PM-1.jpeg\",\"articleSection\":[\"Noticias\",\"Quintana Roo\"],\"inLanguage\":\"es\"},{\"@type\":\"WebPage\",\"@id\":\"https:\\\/\\\/l21.mx\\\/?p=63541\",\"url\":\"https:\\\/\\\/l21.mx\\\/?p=63541\",\"name\":\"Mujeres empresarias crean Amexme Cap\u00edtulo Puerto Morelos | Revista Latitud 21\",\"isPartOf\":{\"@id\":\"https:\\\/\\\/l21.mx\\\/#website\"},\"primaryImageOfPage\":{\"@id\":\"https:\\\/\\\/l21.mx\\\/?p=63541#primaryimage\"},\"image\":{\"@id\":\"https:\\\/\\\/l21.mx\\\/?p=63541#primaryimage\"},\"thumbnailUrl\":\"https:\\\/\\\/l21.mx\\\/wp-content\\\/uploads\\\/2023\\\/10\\\/WhatsApp-Image-2023-10-19-at-4.23.35-PM-1.jpeg\",\"datePublished\":\"2023-10-20T00:22:42+00:00\",\"description\":\"L21, Emprendedores y Negocios en el Caribe Mexicano, es la revista l\u00edder entre el Sector Empresarial y Tur\u00edstico del Caribe Mexicano.\",\"breadcrumb\":{\"@id\":\"https:\\\/\\\/l21.mx\\\/?p=63541#breadcrumb\"},\"inLanguage\":\"es\",\"potentialAction\":[{\"@type\":\"ReadAction\",\"target\":[\"https:\\\/\\\/l21.mx\\\/?p=63541\"]}]},{\"@type\":\"ImageObject\",\"inLanguage\":\"es\",\"@id\":\"https:\\\/\\\/l21.mx\\\/?p=63541#primaryimage\",\"url\":\"https:\\\/\\\/l21.mx\\\/wp-content\\\/uploads\\\/2023\\\/10\\\/WhatsApp-Image-2023-10-19-at-4.23.35-PM-1.jpeg\",\"contentUrl\":\"https:\\\/\\\/l21.mx\\\/wp-content\\\/uploads\\\/2023\\\/10\\\/WhatsApp-Image-2023-10-19-at-4.23.35-PM-1.jpeg\",\"width\":1280,\"height\":884},{\"@type\":\"BreadcrumbList\",\"@id\":\"https:\\\/\\\/l21.mx\\\/?p=63541#breadcrumb\",\"itemListElement\":[{\"@type\":\"ListItem\",\"position\":1,\"name\":\"Portada\",\"item\":\"https:\\\/\\\/l21.mx\\\/\"},{\"@type\":\"ListItem\",\"position\":2,\"name\":\"Mujeres empresarias crean Amexme Cap\u00edtulo Puerto Morelos\"}]},{\"@type\":\"WebSite\",\"@id\":\"https:\\\/\\\/l21.mx\\\/#website\",\"url\":\"https:\\\/\\\/l21.mx\\\/\",\"name\":\"Revista Latitud 21\",\"description\":\"Emprendedores  y negocios en el Caribe Mexicano\",\"publisher\":{\"@id\":\"https:\\\/\\\/l21.mx\\\/#organization\"},\"potentialAction\":[{\"@type\":\"SearchAction\",\"target\":{\"@type\":\"EntryPoint\",\"urlTemplate\":\"https:\\\/\\\/l21.mx\\\/?s={search_term_string}\"},\"query-input\":{\"@type\":\"PropertyValueSpecification\",\"valueRequired\":true,\"valueName\":\"search_term_string\"}}],\"inLanguage\":\"es\"},{\"@type\":\"Organization\",\"@id\":\"https:\\\/\\\/l21.mx\\\/#organization\",\"name\":\"Grupo Editorial Latitud 21 SA de CV\",\"url\":\"https:\\\/\\\/l21.mx\\\/\",\"logo\":{\"@type\":\"ImageObject\",\"inLanguage\":\"es\",\"@id\":\"https:\\\/\\\/l21.mx\\\/#\\\/schema\\\/logo\\\/image\\\/\",\"url\":\"https:\\\/\\\/l21.mx\\\/wp-content\\\/uploads\\\/2020\\\/10\\\/logo-l21-baja.jpg\",\"contentUrl\":\"https:\\\/\\\/l21.mx\\\/wp-content\\\/uploads\\\/2020\\\/10\\\/logo-l21-baja.jpg\",\"width\":250,\"height\":250,\"caption\":\"Grupo Editorial Latitud 21 SA de CV\"},\"image\":{\"@id\":\"https:\\\/\\\/l21.mx\\\/#\\\/schema\\\/logo\\\/image\\\/\"},\"sameAs\":[\"https:\\\/\\\/www.facebook.com\\\/RevistaLatitud21\\\/\",\"https:\\\/\\\/x.com\\\/Latitud21mx\"]},{\"@type\":\"Person\",\"@id\":\"https:\\\/\\\/l21.mx\\\/#\\\/schema\\\/person\\\/cca68595b80b2f6c4c55a8b254bfbb2a\",\"name\":\"NellyG\",\"url\":\"https:\\\/\\\/l21.mx\\\/?author=100\"}]}<\/script>\n<!-- \/ Yoast SEO plugin. -->","yoast_head_json":{"title":"Mujeres empresarias crean Amexme Cap\u00edtulo Puerto Morelos | Revista Latitud 21","description":"L21, Emprendedores y Negocios en el Caribe Mexicano, es la revista l\u00edder entre el Sector Empresarial y Tur\u00edstico del Caribe Mexicano.","robots":{"index":"index","follow":"follow","max-snippet":"max-snippet:-1","max-image-preview":"max-image-preview:large","max-video-preview":"max-video-preview:-1"},"canonical":"https:\/\/l21.mx\/?p=63541","twitter_card":"summary_large_image","twitter_title":"Mujeres empresarias crean Amexme Cap\u00edtulo Puerto Morelos | Revista Latitud 21","twitter_description":"L21, Emprendedores y Negocios en el Caribe Mexicano, es la revista l\u00edder entre el Sector Empresarial y Tur\u00edstico del Caribe Mexicano.","twitter_image":"https:\/\/l21.mx\/wp-content\/uploads\/2023\/10\/WhatsApp-Image-2023-10-19-at-4.23.35-PM-1.jpeg","twitter_creator":"@Latitud21mx","twitter_site":"@Latitud21mx","twitter_misc":{"Escrito por":"NellyG","Tiempo de lectura":"5 minutos"},"schema":{"@context":"https:\/\/schema.org","@graph":[{"@type":"Article","@id":"https:\/\/l21.mx\/?p=63541#article","isPartOf":{"@id":"https:\/\/l21.mx\/?p=63541"},"author":{"name":"NellyG","@id":"https:\/\/l21.mx\/#\/schema\/person\/cca68595b80b2f6c4c55a8b254bfbb2a"},"headline":"Mujeres empresarias crean Amexme Cap\u00edtulo Puerto Morelos","datePublished":"2023-10-20T00:22:42+00:00","mainEntityOfPage":{"@id":"https:\/\/l21.mx\/?p=63541"},"wordCount":882,"publisher":{"@id":"https:\/\/l21.mx\/#organization"},"image":{"@id":"https:\/\/l21.mx\/?p=63541#primaryimage"},"thumbnailUrl":"https:\/\/l21.mx\/wp-content\/uploads\/2023\/10\/WhatsApp-Image-2023-10-19-at-4.23.35-PM-1.jpeg","articleSection":["Noticias","Quintana Roo"],"inLanguage":"es"},{"@type":"WebPage","@id":"https:\/\/l21.mx\/?p=63541","url":"https:\/\/l21.mx\/?p=63541","name":"Mujeres empresarias crean Amexme Cap\u00edtulo Puerto Morelos | Revista Latitud 21","isPartOf":{"@id":"https:\/\/l21.mx\/#website"},"primaryImageOfPage":{"@id":"https:\/\/l21.mx\/?p=63541#primaryimage"},"image":{"@id":"https:\/\/l21.mx\/?p=63541#primaryimage"},"thumbnailUrl":"https:\/\/l21.mx\/wp-content\/uploads\/2023\/10\/WhatsApp-Image-2023-10-19-at-4.23.35-PM-1.jpeg","datePublished":"2023-10-20T00:22:42+00:00","description":"L21, Emprendedores y Negocios en el Caribe Mexicano, es la revista l\u00edder entre el Sector Empresarial y Tur\u00edstico del Caribe Mexicano.","breadcrumb":{"@id":"https:\/\/l21.mx\/?p=63541#breadcrumb"},"inLanguage":"es","potentialAction":[{"@type":"ReadAction","target":["https:\/\/l21.mx\/?p=63541"]}]},{"@type":"ImageObject","inLanguage":"es","@id":"https:\/\/l21.mx\/?p=63541#primaryimage","url":"https:\/\/l21.mx\/wp-content\/uploads\/2023\/10\/WhatsApp-Image-2023-10-19-at-4.23.35-PM-1.jpeg","contentUrl":"https:\/\/l21.mx\/wp-content\/uploads\/2023\/10\/WhatsApp-Image-2023-10-19-at-4.23.35-PM-1.jpeg","width":1280,"height":884},{"@type":"BreadcrumbList","@id":"https:\/\/l21.mx\/?p=63541#breadcrumb","itemListElement":[{"@type":"ListItem","position":1,"name":"Portada","item":"https:\/\/l21.mx\/"},{"@type":"ListItem","position":2,"name":"Mujeres empresarias crean Amexme Cap\u00edtulo Puerto Morelos"}]},{"@type":"WebSite","@id":"https:\/\/l21.mx\/#website","url":"https:\/\/l21.mx\/","name":"Revista Latitud 21","description":"Emprendedores  y negocios en el Caribe Mexicano","publisher":{"@id":"https:\/\/l21.mx\/#organization"},"potentialAction":[{"@type":"SearchAction","target":{"@type":"EntryPoint","urlTemplate":"https:\/\/l21.mx\/?s={search_term_string}"},"query-input":{"@type":"PropertyValueSpecification","valueRequired":true,"valueName":"search_term_string"}}],"inLanguage":"es"},{"@type":"Organization","@id":"https:\/\/l21.mx\/#organization","name":"Grupo Editorial Latitud 21 SA de CV","url":"https:\/\/l21.mx\/","logo":{"@type":"ImageObject","inLanguage":"es","@id":"https:\/\/l21.mx\/#\/schema\/logo\/image\/","url":"https:\/\/l21.mx\/wp-content\/uploads\/2020\/10\/logo-l21-baja.jpg","contentUrl":"https:\/\/l21.mx\/wp-content\/uploads\/2020\/10\/logo-l21-baja.jpg","width":250,"height":250,"caption":"Grupo Editorial Latitud 21 SA de CV"},"image":{"@id":"https:\/\/l21.mx\/#\/schema\/logo\/image\/"},"sameAs":["https:\/\/www.facebook.com\/RevistaLatitud21\/","https:\/\/x.com\/Latitud21mx"]},{"@type":"Person","@id":"https:\/\/l21.mx\/#\/schema\/person\/cca68595b80b2f6c4c55a8b254bfbb2a","name":"NellyG","url":"https:\/\/l21.mx\/?author=100"}]}},"amp_enabled":true,"_links":{"self":[{"href":"https:\/\/l21.mx\/index.php?rest_route=\/wp\/v2\/posts\/63541","targetHints":{"allow":["GET"]}}],"collection":[{"href":"https:\/\/l21.mx\/index.php?rest_route=\/wp\/v2\/posts"}],"about":[{"href":"https:\/\/l21.mx\/index.php?rest_route=\/wp\/v2\/types\/post"}],"author":[{"embeddable":true,"href":"https:\/\/l21.mx\/index.php?rest_route=\/wp\/v2\/users\/100"}],"replies":[{"embeddable":true,"href":"https:\/\/l21.mx\/index.php?rest_route=%2Fwp%2Fv2%2Fcomments&post=63541"}],"version-history":[{"count":1,"href":"https:\/\/l21.mx\/index.php?rest_route=\/wp\/v2\/posts\/63541\/revisions"}],"predecessor-version":[{"id":63546,"href":"https:\/\/l21.mx\/index.php?rest_route=\/wp\/v2\/posts\/63541\/revisions\/63546"}],"wp:featuredmedia":[{"embeddable":true,"href":"https:\/\/l21.mx\/index.php?rest_route=\/wp\/v2\/media\/63545"}],"wp:attachment":[{"href":"https:\/\/l21.mx\/index.php?rest_route=%2Fwp%2Fv2%2Fmedia&parent=63541"}],"wp:term":[{"taxonomy":"category","embeddable":true,"href":"https:\/\/l21.mx\/index.php?rest_route=%2Fwp%2Fv2%2Fcategories&post=63541"},{"taxonomy":"post_tag","embeddable":true,"href":"https:\/\/l21.mx\/index.php?rest_route=%2Fwp%2Fv2%2Ftags&post=63541"}],"curies":[{"name":"wp","href":"https:\/\/api.w.org\/{rel}","templated":true}]}}