{"id":63601,"date":"2023-10-20T18:04:30","date_gmt":"2023-10-20T23:04:30","guid":{"rendered":"https:\/\/l21.mx\/?p=63601"},"modified":"2023-10-20T18:04:30","modified_gmt":"2023-10-20T23:04:30","slug":"presenta-cojudeq-los-ganadores-del-premio-estatal-del-deporte-2023","status":"publish","type":"post","link":"https:\/\/l21.mx\/?p=63601","title":{"rendered":"Presenta COJUDEQ los ganadores del Premio Estatal del Deporte 2023"},"content":{"rendered":"<p>&nbsp;<\/p>\n<p>&#8211; Tras cumplir con un meticuloso an\u00e1lisis de m\u00e1s de dos horas se confirm\u00f3 que los galardonados son: V\u00edctor G\u00fcemez y Swami Mostalac como deportistas convencionales; Helena C\u00e1rdenas como atleta adaptado; adem\u00e1s de Joan Chuc y Eleuterio Chi, ambos como entrenadores en convencional y adaptado, respectivamente.<\/p>\n<p><a href=\"https:\/\/l21.mx\/wp-content\/uploads\/2023\/10\/WhatsApp-Image-2023-10-20-at-5.39.22-PM.jpeg\" data-rel=\"penci-gallery-image-content\" ><img fetchpriority=\"high\" decoding=\"async\" class=\"alignnone size-medium wp-image-63605\" src=\"https:\/\/l21.mx\/wp-content\/uploads\/2023\/10\/WhatsApp-Image-2023-10-20-at-5.39.22-PM-300x225.jpeg\" alt=\"\" width=\"300\" height=\"225\" srcset=\"https:\/\/l21.mx\/wp-content\/uploads\/2023\/10\/WhatsApp-Image-2023-10-20-at-5.39.22-PM-300x225.jpeg 300w, https:\/\/l21.mx\/wp-content\/uploads\/2023\/10\/WhatsApp-Image-2023-10-20-at-5.39.22-PM-1024x768.jpeg 1024w, https:\/\/l21.mx\/wp-content\/uploads\/2023\/10\/WhatsApp-Image-2023-10-20-at-5.39.22-PM-768x576.jpeg 768w, https:\/\/l21.mx\/wp-content\/uploads\/2023\/10\/WhatsApp-Image-2023-10-20-at-5.39.22-PM-1200x900.jpeg 1200w, https:\/\/l21.mx\/wp-content\/uploads\/2023\/10\/WhatsApp-Image-2023-10-20-at-5.39.22-PM-1170x878.jpeg 1170w, https:\/\/l21.mx\/wp-content\/uploads\/2023\/10\/WhatsApp-Image-2023-10-20-at-5.39.22-PM-585x439.jpeg 585w, https:\/\/l21.mx\/wp-content\/uploads\/2023\/10\/WhatsApp-Image-2023-10-20-at-5.39.22-PM.jpeg 1280w\" sizes=\"(max-width: 300px) 100vw, 300px\" \/><\/a><\/p>\n<p>Con el respaldo de la gobernadora Mara Lezama Espinosa, la Comisi\u00f3n para la Juventud y el Deporte de Quintana Roo (COJUDEQ), presidida por Eric Arcila Arjona, anunci\u00f3 a los ganadores del \u201cPremio Estatal del Deporte 2023\u201d, designando como galardonados a dos deportistas convencionales; una atleta en adaptado; y dos entrenadores; adem\u00e1s de cinco menciones honor\u00edficas.<\/p>\n<p>La reuni\u00f3n inici\u00f3 con la integraci\u00f3n del jurado calificador mediante un proceso de insaculaci\u00f3n, el cual fue avalado por el Notario P\u00fablico N\u00fam. 116, Lic. Rodrigo Emmanuel Guti\u00e9rrez Aranda y posteriormente, se realiz\u00f3 un meticuloso an\u00e1lisis que dur\u00f3 m\u00e1s de dos horas y que al final determin\u00f3 a lo mejor del deporte en este a\u00f1o.<\/p>\n<p>Los ganadores del m\u00e1ximo galard\u00f3n deportivo de la entidad son: V\u00edctor Badur G\u00fcemez Cel, de levantamiento de pesas como \u201cDeportista Convencional Varonil\u201d; mientras que la \u201cDeportista Convencional Femenil\u201d se lo adjudic\u00f3 Swami Oshmara Mostalac Rizzitiello de la disciplina de breaking; en tanto, la joven Helena Michelle C\u00e1rdenas Valencia, de la disciplina de gimnasia, fue nombrada \u201cDeportista Adaptado Femenil\u201d.<\/p>\n<div data-sliderid=\"89889\" id=\"penci-post-gallery__89889\" class=\"penci-post-gallery-container justified column-3\" data-height=\"150\" data-margin=\"3\"><a class=\"penci-gallery-ite item-gallery-justified\" href=\"https:\/\/l21.mx\/wp-content\/uploads\/2023\/10\/WhatsApp-Image-2023-10-20-at-5.41.39-PM.jpeg\" data-rel=\"penci-gallery-image-content\" ><img decoding=\"async\" src=\"https:\/\/l21.mx\/wp-content\/uploads\/2023\/10\/WhatsApp-Image-2023-10-20-at-5.41.39-PM-585x390.jpeg\" alt=\"\" title=\"WhatsApp Image 2023-10-20 at 5.41.39 PM\"><\/a><a class=\"penci-gallery-ite item-gallery-justified\" href=\"https:\/\/l21.mx\/wp-content\/uploads\/2023\/10\/WhatsApp-Image-2023-10-20-at-6.00.05-PM.jpeg\" data-rel=\"penci-gallery-image-content\" ><img decoding=\"async\" src=\"https:\/\/l21.mx\/wp-content\/uploads\/2023\/10\/WhatsApp-Image-2023-10-20-at-6.00.05-PM-585x780.jpeg\" alt=\"\" title=\"WhatsApp Image 2023-10-20 at 6.00.05 PM\"><\/a><a class=\"penci-gallery-ite item-gallery-justified\" href=\"https:\/\/l21.mx\/wp-content\/uploads\/2023\/10\/WhatsApp-Image-2023-10-20-at-5.41.38-PM.jpeg\" data-rel=\"penci-gallery-image-content\" ><img decoding=\"async\" src=\"https:\/\/l21.mx\/wp-content\/uploads\/2023\/10\/WhatsApp-Image-2023-10-20-at-5.41.38-PM-585x878.jpeg\" alt=\"\" title=\"WhatsApp Image 2023-10-20 at 5.41.38 PM\"><\/a><a class=\"penci-gallery-ite item-gallery-justified\" href=\"https:\/\/l21.mx\/wp-content\/uploads\/2023\/10\/WhatsApp-Image-2023-10-20-at-5.41.38-PM-1.jpeg\" data-rel=\"penci-gallery-image-content\" ><img decoding=\"async\" src=\"https:\/\/l21.mx\/wp-content\/uploads\/2023\/10\/WhatsApp-Image-2023-10-20-at-5.41.38-PM-1-585x887.jpeg\" alt=\"\" title=\"WhatsApp Image 2023-10-20 at 5.41.38 PM (1)\"><\/a><a class=\"penci-gallery-ite item-gallery-justified\" href=\"https:\/\/l21.mx\/wp-content\/uploads\/2023\/10\/WhatsApp-Image-2023-10-20-at-5.41.38-PM-2.jpeg\" data-rel=\"penci-gallery-image-content\" ><img decoding=\"async\" src=\"https:\/\/l21.mx\/wp-content\/uploads\/2023\/10\/WhatsApp-Image-2023-10-20-at-5.41.38-PM-2-585x390.jpeg\" alt=\"\" title=\"WhatsApp Image 2023-10-20 at 5.41.38 PM (2)\"><\/a><\/div>\n<p>Por otro lado, Joan Jes\u00fas Chuc Canch\u00e9, de tiro con arco, se llev\u00f3 la categor\u00eda \u201cEntrenador Deporte Convencional\u201d; y en el caso de \u201cEntrenador Deporte Adaptado\u201d se lo gan\u00f3 Eleuterio Israel Chi Campos, de la disciplina de paratletismo.<\/p>\n<p>Las menciones honor\u00edficas fueron: Carlos Adri\u00e1n Sansores Acevedo de taekwondo; Andrea Sak Nik-Te Uitzil Chuc de levantamiento de pesas; Monserrat Ocampo S\u00e1nchez de patinaje sobre ruedas; adem\u00e1s del profesor Antonio Andrade Arroyo en deporte adaptado; y Juan Pastor Le\u00f3n Hern\u00e1ndez, como entrenador en patines sobre ruedas.<\/p>\n<p>El titular de la COJUDEQ, Eric Arcila, agradeci\u00f3 a los participantes de formar parte de este importante proceso para el deporte estatal, pero principalmente resalt\u00f3 la transparencia y legalidad con la que se hizo y que prevaleci\u00f3 en la integraci\u00f3n del jurado calificador.<\/p>\n<p>El jurado estuvo integrado por V\u00edctor Hugo Garc\u00eda S\u00e1nchez y Ermilo Mijangos, por parte de las asociaciones deportivas; as\u00ed como Erick Paul Pech Iuit, Mois\u00e9s Soto Su\u00e1rez y Diego Jahir Aguilar Calzada en representaci\u00f3n de los medios de comunicaci\u00f3n; as\u00ed como Calorina Valencia Hern\u00e1ndez y Luis Prisciliano Memije Carrasco, deportista y entrenador ganadores de pasadas ediciones, respectivamente.<\/p>\n<p>Mientras que por COJUDEQ participaron Erik Alejandro Rojas Serrano, director de Promoci\u00f3n y Desarrollo del Deporte, as\u00ed como los profesores Joaqu\u00edn Jes\u00fas Torres Rodr\u00edguez y Juan Ferm\u00edn Carrasco Gonz\u00e1lez, analistas t\u00e9cnicos deportivos.<\/p>\n<p>Finalmente, se anunci\u00f3 que dispersar\u00e1 una bolsa econ\u00f3mica entre los cinco galardonados y adem\u00e1s, el pr\u00f3ximo 20 de noviembre durante una ceremonia recibir\u00e1n de manos de la gobernadora Mara Lezama una medalla y un reconocimiento.<\/p>\n","protected":false},"excerpt":{"rendered":"<p>&nbsp; &#8211; Tras cumplir con un meticuloso an\u00e1lisis de m\u00e1s de dos horas se confirm\u00f3 que&hellip;<\/p>\n","protected":false},"author":100,"featured_media":63606,"comment_status":"closed","ping_status":"closed","sticky":false,"template":"","format":"standard","meta":{"_acf_changed":false,"_lmt_disableupdate":"","_lmt_disable":"","_mbp_gutenberg_autopost":false,"footnotes":""},"categories":[1689],"tags":[],"class_list":["post-63601","post","type-post","status-publish","format-standard","has-post-thumbnail","hentry","category-deporte-y-salud"],"acf":[],"_links":{"self":[{"href":"https:\/\/l21.mx\/index.php?rest_route=\/wp\/v2\/posts\/63601","targetHints":{"allow":["GET"]}}],"collection":[{"href":"https:\/\/l21.mx\/index.php?rest_route=\/wp\/v2\/posts"}],"about":[{"href":"https:\/\/l21.mx\/index.php?rest_route=\/wp\/v2\/types\/post"}],"author":[{"embeddable":true,"href":"https:\/\/l21.mx\/index.php?rest_route=\/wp\/v2\/users\/100"}],"replies":[{"embeddable":true,"href":"https:\/\/l21.mx\/index.php?rest_route=%2Fwp%2Fv2%2Fcomments&post=63601"}],"version-history":[{"count":0,"href":"https:\/\/l21.mx\/index.php?rest_route=\/wp\/v2\/posts\/63601\/revisions"}],"wp:featuredmedia":[{"embeddable":true,"href":"https:\/\/l21.mx\/index.php?rest_route=\/wp\/v2\/media\/63606"}],"wp:attachment":[{"href":"https:\/\/l21.mx\/index.php?rest_route=%2Fwp%2Fv2%2Fmedia&parent=63601"}],"wp:term":[{"taxonomy":"category","embeddable":true,"href":"https:\/\/l21.mx\/index.php?rest_route=%2Fwp%2Fv2%2Fcategories&post=63601"},{"taxonomy":"post_tag","embeddable":true,"href":"https:\/\/l21.mx\/index.php?rest_route=%2Fwp%2Fv2%2Ftags&post=63601"}],"curies":[{"name":"wp","href":"https:\/\/api.w.org\/{rel}","templated":true}]}}