{"id":63738,"date":"2023-10-23T15:54:39","date_gmt":"2023-10-23T20:54:39","guid":{"rendered":"https:\/\/l21.mx\/?p=63738"},"modified":"2023-10-23T15:54:39","modified_gmt":"2023-10-23T20:54:39","slug":"inauguran-el-primer-corredor-artesanal-en-tulum","status":"publish","type":"post","link":"https:\/\/l21.mx\/?p=63738","title":{"rendered":"Inauguran el Primer Corredor Artesanal en Tulum"},"content":{"rendered":"<p>&nbsp;<\/p>\n<p>-Un espacio para la promoci\u00f3n, producci\u00f3n y venta de sus productos que permitir\u00e1 cerrar las brechas de desigualdad<\/p>\n<p><a href=\"https:\/\/l21.mx\/wp-content\/uploads\/2023\/10\/WhatsApp-Image-2023-10-23-at-2.26.44-PM.jpeg\" data-rel=\"penci-gallery-image-content\" ><img fetchpriority=\"high\" decoding=\"async\" class=\"alignnone size-medium wp-image-63739\" src=\"https:\/\/l21.mx\/wp-content\/uploads\/2023\/10\/WhatsApp-Image-2023-10-23-at-2.26.44-PM-300x200.jpeg\" alt=\"\" width=\"300\" height=\"200\" srcset=\"https:\/\/l21.mx\/wp-content\/uploads\/2023\/10\/WhatsApp-Image-2023-10-23-at-2.26.44-PM-300x200.jpeg 300w, https:\/\/l21.mx\/wp-content\/uploads\/2023\/10\/WhatsApp-Image-2023-10-23-at-2.26.44-PM-1024x682.jpeg 1024w, https:\/\/l21.mx\/wp-content\/uploads\/2023\/10\/WhatsApp-Image-2023-10-23-at-2.26.44-PM-768x512.jpeg 768w, https:\/\/l21.mx\/wp-content\/uploads\/2023\/10\/WhatsApp-Image-2023-10-23-at-2.26.44-PM-1536x1023.jpeg 1536w, https:\/\/l21.mx\/wp-content\/uploads\/2023\/10\/WhatsApp-Image-2023-10-23-at-2.26.44-PM-1200x800.jpeg 1200w, https:\/\/l21.mx\/wp-content\/uploads\/2023\/10\/WhatsApp-Image-2023-10-23-at-2.26.44-PM-1170x780.jpeg 1170w, https:\/\/l21.mx\/wp-content\/uploads\/2023\/10\/WhatsApp-Image-2023-10-23-at-2.26.44-PM-585x390.jpeg 585w, https:\/\/l21.mx\/wp-content\/uploads\/2023\/10\/WhatsApp-Image-2023-10-23-at-2.26.44-PM-263x175.jpeg 263w, https:\/\/l21.mx\/wp-content\/uploads\/2023\/10\/WhatsApp-Image-2023-10-23-at-2.26.44-PM.jpeg 1600w\" sizes=\"(max-width: 300px) 100vw, 300px\" \/><\/a><\/p>\n<p>Tulum.- Con la inauguraci\u00f3n del primer Corredor Artesanal en Tulum, las y los artesanos podr\u00e1n tener un espacio para la promoci\u00f3n, producci\u00f3n y venta de sus productos que permitir\u00e1 cerrar las brechas de desigualdad, prosperidad compartida y justicia social a los pueblos mayas, inform\u00f3 la titular de la Secretar\u00eda de Desarrollo Econ\u00f3mico (SEDE), Karla Almanza L\u00f3pez.<\/p>\n<p>En coordinaci\u00f3n con el Fondo Nacional para las Artesan\u00edas (FONART) y el Ayuntamiento de Tulum, se llev\u00f3 a cabo la inauguraci\u00f3n, enmarcado en el Nuevo Acuerdo por el Bienestar y Desarrollo de Quintana Roo, que impulsa la gobernadora Mara Lezama Espinosa, el cual permitir\u00e1 cambiar la vida de las y los quintanarroenses y poner adelante a quienes menos tienen.<\/p>\n<p>\u201cEste ejercicio colaborativo surge en el marco del Nuevo Acuerdo por el Bienestar y Desarrollo de Quintana Roo, impulsado por la gobernadora Mara Lezama, para construir un mejor porvenir, revertir la pobreza, en suma, superar el rezago que nos limita social y econ\u00f3micamente\u201d, dijo la titular de la SEDE.<\/p>\n<p><a href=\"https:\/\/l21.mx\/wp-content\/uploads\/2023\/10\/WhatsApp-Image-2023-10-23-at-2.26.42-PM.jpeg\" data-rel=\"penci-gallery-image-content\" ><img decoding=\"async\" class=\"alignnone size-medium wp-image-63741\" src=\"https:\/\/l21.mx\/wp-content\/uploads\/2023\/10\/WhatsApp-Image-2023-10-23-at-2.26.42-PM-300x200.jpeg\" alt=\"\" width=\"300\" height=\"200\" srcset=\"https:\/\/l21.mx\/wp-content\/uploads\/2023\/10\/WhatsApp-Image-2023-10-23-at-2.26.42-PM-300x200.jpeg 300w, https:\/\/l21.mx\/wp-content\/uploads\/2023\/10\/WhatsApp-Image-2023-10-23-at-2.26.42-PM-1024x682.jpeg 1024w, https:\/\/l21.mx\/wp-content\/uploads\/2023\/10\/WhatsApp-Image-2023-10-23-at-2.26.42-PM-768x512.jpeg 768w, https:\/\/l21.mx\/wp-content\/uploads\/2023\/10\/WhatsApp-Image-2023-10-23-at-2.26.42-PM-1536x1023.jpeg 1536w, https:\/\/l21.mx\/wp-content\/uploads\/2023\/10\/WhatsApp-Image-2023-10-23-at-2.26.42-PM-1200x800.jpeg 1200w, https:\/\/l21.mx\/wp-content\/uploads\/2023\/10\/WhatsApp-Image-2023-10-23-at-2.26.42-PM-1170x780.jpeg 1170w, https:\/\/l21.mx\/wp-content\/uploads\/2023\/10\/WhatsApp-Image-2023-10-23-at-2.26.42-PM-585x390.jpeg 585w, https:\/\/l21.mx\/wp-content\/uploads\/2023\/10\/WhatsApp-Image-2023-10-23-at-2.26.42-PM-263x175.jpeg 263w, https:\/\/l21.mx\/wp-content\/uploads\/2023\/10\/WhatsApp-Image-2023-10-23-at-2.26.42-PM.jpeg 1600w\" sizes=\"(max-width: 300px) 100vw, 300px\" \/><\/a><\/p>\n<p>Explic\u00f3 que el Corredor artesanal Tulum, nace de llevar justicia social a las comunidades mayas del estado, ya que el 88 por ciento del padr\u00f3n artesanal enfrenta diversos retos entre los que destacan la compra de insumos y la comercializaci\u00f3n.<\/p>\n<p>El Primer Corredor Artesanal Tulum, se concret\u00f3 con una inversi\u00f3n federal de 400 mil pesos para la mejora de cuatro talleres, se\u00f1alizaci\u00f3n adecuada en el mercado de la promoci\u00f3n tur\u00edstica y capacitaci\u00f3n, beneficiando directamente a 24 personas artesanas de las comunidades de Manuel Antonio Ay, Francisco Uh May y Macario G\u00f3mez, municipio de Tulum.<\/p>\n<p>El corte del list\u00f3n estuvo a cargo de la titular de la SEDE, Karla Almanza; de la directora general de FONART, Emma Yanes Rizo, del presidente municipal de Tulum, Diego Casta\u00f1\u00f3n Trejo y artesanas y artesanos de diversas comunidades.<\/p>\n<p><a href=\"https:\/\/l21.mx\/wp-content\/uploads\/2023\/10\/WhatsApp-Image-2023-10-23-at-2.26.43-PM.jpeg\" data-rel=\"penci-gallery-image-content\" ><img decoding=\"async\" class=\"alignnone size-medium wp-image-63742\" src=\"https:\/\/l21.mx\/wp-content\/uploads\/2023\/10\/WhatsApp-Image-2023-10-23-at-2.26.43-PM-300x200.jpeg\" alt=\"\" width=\"300\" height=\"200\" srcset=\"https:\/\/l21.mx\/wp-content\/uploads\/2023\/10\/WhatsApp-Image-2023-10-23-at-2.26.43-PM-300x200.jpeg 300w, https:\/\/l21.mx\/wp-content\/uploads\/2023\/10\/WhatsApp-Image-2023-10-23-at-2.26.43-PM-1024x682.jpeg 1024w, https:\/\/l21.mx\/wp-content\/uploads\/2023\/10\/WhatsApp-Image-2023-10-23-at-2.26.43-PM-768x512.jpeg 768w, https:\/\/l21.mx\/wp-content\/uploads\/2023\/10\/WhatsApp-Image-2023-10-23-at-2.26.43-PM-1536x1023.jpeg 1536w, https:\/\/l21.mx\/wp-content\/uploads\/2023\/10\/WhatsApp-Image-2023-10-23-at-2.26.43-PM-1200x800.jpeg 1200w, https:\/\/l21.mx\/wp-content\/uploads\/2023\/10\/WhatsApp-Image-2023-10-23-at-2.26.43-PM-1170x780.jpeg 1170w, https:\/\/l21.mx\/wp-content\/uploads\/2023\/10\/WhatsApp-Image-2023-10-23-at-2.26.43-PM-585x390.jpeg 585w, https:\/\/l21.mx\/wp-content\/uploads\/2023\/10\/WhatsApp-Image-2023-10-23-at-2.26.43-PM-263x175.jpeg 263w, https:\/\/l21.mx\/wp-content\/uploads\/2023\/10\/WhatsApp-Image-2023-10-23-at-2.26.43-PM.jpeg 1600w\" sizes=\"(max-width: 300px) 100vw, 300px\" \/><\/a><\/p>\n","protected":false},"excerpt":{"rendered":"<p>&nbsp; -Un espacio para la promoci\u00f3n, producci\u00f3n y venta de sus productos que permitir\u00e1 cerrar las&hellip;<\/p>\n","protected":false},"author":100,"featured_media":63740,"comment_status":"closed","ping_status":"closed","sticky":false,"template":"","format":"standard","meta":{"_acf_changed":false,"_lmt_disableupdate":"","_lmt_disable":"","_mbp_gutenberg_autopost":false,"footnotes":""},"categories":[23,1656],"tags":[],"class_list":["post-63738","post","type-post","status-publish","format-standard","has-post-thumbnail","hentry","category-noticias","category-quintana-roo"],"acf":[],"_links":{"self":[{"href":"https:\/\/l21.mx\/index.php?rest_route=\/wp\/v2\/posts\/63738","targetHints":{"allow":["GET"]}}],"collection":[{"href":"https:\/\/l21.mx\/index.php?rest_route=\/wp\/v2\/posts"}],"about":[{"href":"https:\/\/l21.mx\/index.php?rest_route=\/wp\/v2\/types\/post"}],"author":[{"embeddable":true,"href":"https:\/\/l21.mx\/index.php?rest_route=\/wp\/v2\/users\/100"}],"replies":[{"embeddable":true,"href":"https:\/\/l21.mx\/index.php?rest_route=%2Fwp%2Fv2%2Fcomments&post=63738"}],"version-history":[{"count":0,"href":"https:\/\/l21.mx\/index.php?rest_route=\/wp\/v2\/posts\/63738\/revisions"}],"wp:featuredmedia":[{"embeddable":true,"href":"https:\/\/l21.mx\/index.php?rest_route=\/wp\/v2\/media\/63740"}],"wp:attachment":[{"href":"https:\/\/l21.mx\/index.php?rest_route=%2Fwp%2Fv2%2Fmedia&parent=63738"}],"wp:term":[{"taxonomy":"category","embeddable":true,"href":"https:\/\/l21.mx\/index.php?rest_route=%2Fwp%2Fv2%2Fcategories&post=63738"},{"taxonomy":"post_tag","embeddable":true,"href":"https:\/\/l21.mx\/index.php?rest_route=%2Fwp%2Fv2%2Ftags&post=63738"}],"curies":[{"name":"wp","href":"https:\/\/api.w.org\/{rel}","templated":true}]}}