{"id":63942,"date":"2023-10-27T12:14:51","date_gmt":"2023-10-27T17:14:51","guid":{"rendered":"https:\/\/l21.mx\/?p=63942"},"modified":"2023-10-27T12:14:51","modified_gmt":"2023-10-27T17:14:51","slug":"instalan-en-quintana-roo-centros-de-acopio-para-damnificados-de-guerrero","status":"publish","type":"post","link":"https:\/\/l21.mx\/?p=63942","title":{"rendered":"Instalan en Quintana Roo centros de acopio para damnificados de Guerrero"},"content":{"rendered":"<p>&nbsp;<\/p>\n<p>-La gobernadora visit\u00f3 el centro instalado en Benito Ju\u00e1rez desde donde hizo un llamado a donar<\/p>\n<p><a href=\"https:\/\/l21.mx\/wp-content\/uploads\/2023\/10\/WhatsApp-Image-2023-10-26-at-5.24.50-PM.jpeg\" data-rel=\"penci-gallery-image-content\" ><img fetchpriority=\"high\" decoding=\"async\" class=\"alignnone size-medium wp-image-63944\" src=\"https:\/\/l21.mx\/wp-content\/uploads\/2023\/10\/WhatsApp-Image-2023-10-26-at-5.24.50-PM-300x200.jpeg\" alt=\"\" width=\"300\" height=\"200\" srcset=\"https:\/\/l21.mx\/wp-content\/uploads\/2023\/10\/WhatsApp-Image-2023-10-26-at-5.24.50-PM-300x200.jpeg 300w, https:\/\/l21.mx\/wp-content\/uploads\/2023\/10\/WhatsApp-Image-2023-10-26-at-5.24.50-PM-1024x682.jpeg 1024w, https:\/\/l21.mx\/wp-content\/uploads\/2023\/10\/WhatsApp-Image-2023-10-26-at-5.24.50-PM-768x512.jpeg 768w, https:\/\/l21.mx\/wp-content\/uploads\/2023\/10\/WhatsApp-Image-2023-10-26-at-5.24.50-PM-1536x1023.jpeg 1536w, https:\/\/l21.mx\/wp-content\/uploads\/2023\/10\/WhatsApp-Image-2023-10-26-at-5.24.50-PM-1200x800.jpeg 1200w, https:\/\/l21.mx\/wp-content\/uploads\/2023\/10\/WhatsApp-Image-2023-10-26-at-5.24.50-PM-1170x780.jpeg 1170w, https:\/\/l21.mx\/wp-content\/uploads\/2023\/10\/WhatsApp-Image-2023-10-26-at-5.24.50-PM-585x390.jpeg 585w, https:\/\/l21.mx\/wp-content\/uploads\/2023\/10\/WhatsApp-Image-2023-10-26-at-5.24.50-PM-263x175.jpeg 263w, https:\/\/l21.mx\/wp-content\/uploads\/2023\/10\/WhatsApp-Image-2023-10-26-at-5.24.50-PM.jpeg 1600w\" sizes=\"(max-width: 300px) 100vw, 300px\" \/><\/a><\/p>\n<p>Canc\u00fan.- Al visitar el centro de acopio de v\u00edveres, que se integrar\u00e1 a la ayuda humanitaria que Quintana Roo enviar\u00e1 a los damnificados por el hurac\u00e1n OTIS en Guerrero, la gobernadora Mara Lezama exhort\u00f3 a la poblaci\u00f3n a fortalecer nuestra empat\u00eda y compasi\u00f3n por esta gente que hoy lo necesita.<\/p>\n<p>Este centro de acopio se abri\u00f3 en la explanada del Palacio Municipal de Benito Ju\u00e1rez para recibir productos de limpieza personal y alimentos no perecederos para apoyar a la poblaci\u00f3n de Guerrero. Mara Lezama agradeci\u00f3 a colaboradores del Ayuntamiento por la iniciativa de esta recaudaci\u00f3n.<\/p>\n<p>Record\u00f3 que el Sistema DIF Quintana Roo, encabezado por la presidenta honoraria Ver\u00f3nica Lezama Espinosa, instal\u00f3 centros de acopio en todos los municipios de la entidad a donde la ciudadan\u00eda puede acudir a donar.<\/p>\n<p>Mara Lezama destac\u00f3 que el Nuevo Acuerdo por el Bienestar y Desarrollo de Quintana Roo nos muestra el camino en unidad, con la suma de esfuerzos, todos juntos, para poner a las personas en la prioridad de lo p\u00fablico.<\/p>\n<p>\u201cNos confirma que no estamos equivocados, que estamos en el camino correcto, que hacemos una nueva forma de gobernar, y que ayudar con amor que van a cambiar la vida a quienes hoy lo necesitan\u201d dijo.<\/p>\n","protected":false},"excerpt":{"rendered":"<p>&nbsp; -La gobernadora visit\u00f3 el centro instalado en Benito Ju\u00e1rez desde donde hizo un llamado a&hellip;<\/p>\n","protected":false},"author":100,"featured_media":63943,"comment_status":"closed","ping_status":"closed","sticky":false,"template":"","format":"standard","meta":{"_acf_changed":false,"_lmt_disableupdate":"","_lmt_disable":"","_mbp_gutenberg_autopost":false,"footnotes":""},"categories":[23,1656],"tags":[],"class_list":["post-63942","post","type-post","status-publish","format-standard","has-post-thumbnail","hentry","category-noticias","category-quintana-roo"],"acf":[],"_links":{"self":[{"href":"https:\/\/l21.mx\/index.php?rest_route=\/wp\/v2\/posts\/63942","targetHints":{"allow":["GET"]}}],"collection":[{"href":"https:\/\/l21.mx\/index.php?rest_route=\/wp\/v2\/posts"}],"about":[{"href":"https:\/\/l21.mx\/index.php?rest_route=\/wp\/v2\/types\/post"}],"author":[{"embeddable":true,"href":"https:\/\/l21.mx\/index.php?rest_route=\/wp\/v2\/users\/100"}],"replies":[{"embeddable":true,"href":"https:\/\/l21.mx\/index.php?rest_route=%2Fwp%2Fv2%2Fcomments&post=63942"}],"version-history":[{"count":0,"href":"https:\/\/l21.mx\/index.php?rest_route=\/wp\/v2\/posts\/63942\/revisions"}],"wp:featuredmedia":[{"embeddable":true,"href":"https:\/\/l21.mx\/index.php?rest_route=\/wp\/v2\/media\/63943"}],"wp:attachment":[{"href":"https:\/\/l21.mx\/index.php?rest_route=%2Fwp%2Fv2%2Fmedia&parent=63942"}],"wp:term":[{"taxonomy":"category","embeddable":true,"href":"https:\/\/l21.mx\/index.php?rest_route=%2Fwp%2Fv2%2Fcategories&post=63942"},{"taxonomy":"post_tag","embeddable":true,"href":"https:\/\/l21.mx\/index.php?rest_route=%2Fwp%2Fv2%2Ftags&post=63942"}],"curies":[{"name":"wp","href":"https:\/\/api.w.org\/{rel}","templated":true}]}}