{"id":63949,"date":"2023-10-27T13:27:00","date_gmt":"2023-10-27T18:27:00","guid":{"rendered":"https:\/\/l21.mx\/?p=63949"},"modified":"2023-10-27T13:27:00","modified_gmt":"2023-10-27T18:27:00","slug":"quintana-roo-es-sede-de-la-reunion-de-integracion-economica-de-centroamerica-con-la-shcp-y-el-bcie","status":"publish","type":"post","link":"https:\/\/l21.mx\/?p=63949","title":{"rendered":"Quintana Roo es sede de la Reuni\u00f3n de Integraci\u00f3n Econ\u00f3mica de Centroam\u00e9rica con la SHCP y el BCIE"},"content":{"rendered":"<p>&nbsp;<\/p>\n<p>-En la presencia del subsecretario de Hacienda y Cr\u00e9dito P\u00fablico, Gabriel Yorio, y ministros del Banco Centroamericano de Integraci\u00f3n Econ\u00f3mica, la gobernadora expuso las ventajas competitivas de Quintana Roo para la atracci\u00f3n de inversi\u00f3n<\/p>\n<p><a href=\"https:\/\/l21.mx\/wp-content\/uploads\/2023\/10\/WhatsApp-Image-2023-10-27-at-1.14.35-PM.jpeg\" data-rel=\"penci-gallery-image-content\" ><img decoding=\"async\" class=\"alignnone size-medium wp-image-63952\" src=\"https:\/\/l21.mx\/wp-content\/uploads\/2023\/10\/WhatsApp-Image-2023-10-27-at-1.14.35-PM-300x158.jpeg\" alt=\"\" width=\"300\" height=\"158\" srcset=\"https:\/\/l21.mx\/wp-content\/uploads\/2023\/10\/WhatsApp-Image-2023-10-27-at-1.14.35-PM-300x158.jpeg 300w, https:\/\/l21.mx\/wp-content\/uploads\/2023\/10\/WhatsApp-Image-2023-10-27-at-1.14.35-PM-1024x539.jpeg 1024w, https:\/\/l21.mx\/wp-content\/uploads\/2023\/10\/WhatsApp-Image-2023-10-27-at-1.14.35-PM-768x404.jpeg 768w, https:\/\/l21.mx\/wp-content\/uploads\/2023\/10\/WhatsApp-Image-2023-10-27-at-1.14.35-PM-1536x808.jpeg 1536w, https:\/\/l21.mx\/wp-content\/uploads\/2023\/10\/WhatsApp-Image-2023-10-27-at-1.14.35-PM-1200x632.jpeg 1200w, https:\/\/l21.mx\/wp-content\/uploads\/2023\/10\/WhatsApp-Image-2023-10-27-at-1.14.35-PM-1170x616.jpeg 1170w, https:\/\/l21.mx\/wp-content\/uploads\/2023\/10\/WhatsApp-Image-2023-10-27-at-1.14.35-PM-585x308.jpeg 585w, https:\/\/l21.mx\/wp-content\/uploads\/2023\/10\/WhatsApp-Image-2023-10-27-at-1.14.35-PM.jpeg 1600w\" sizes=\"(max-width: 300px) 100vw, 300px\" \/><\/a><\/p>\n<p>Canc\u00fan.- Al participar en la ceremonia inaugural de la Reuni\u00f3n T\u00e9cnica de Alto Nivel sobre Esquemas de Financiamiento Innovadores y Desarrollo Sostenible que se realiza en esta ciudad, la gobernadora Mara Lezama Espinosa asegur\u00f3 que Quintana Roo es un estado geoestrat\u00e9gico en el desarrollo de la regi\u00f3n centroamericana.<\/p>\n<p>Ante la presencia del subsecretario de Hacienda y Cr\u00e9dito P\u00fablico y Gobernador por M\u00e9xico ante el Banco Centroamericano de Integraci\u00f3n Econ\u00f3mica (BCIE), Gabriel Yorio, invit\u00f3 a los participantes a mirar a Quintana Roo y a que sumen las acciones y proyectos que el Banco Centroamericano y los organismos de cr\u00e9dito internacionales llevan a cabo en la regi\u00f3n.<\/p>\n<p>Dijo que es necesario entender que las pol\u00edticas deben favorecer a las personas m\u00e1s necesitadas, a las mujeres, a la juventud, pues de lo contrario no se realizar\u00e1n las transformaciones indispensables que hagan viable el desarrollo integral y enfrente todo tipo de discriminaci\u00f3n, marginaci\u00f3n y exclusi\u00f3n.<\/p>\n<p><a href=\"https:\/\/l21.mx\/wp-content\/uploads\/2023\/10\/WhatsApp-Image-2023-10-27-at-1.14.34-PM.jpeg\" data-rel=\"penci-gallery-image-content\" ><img decoding=\"async\" class=\"alignnone size-medium wp-image-63951\" src=\"https:\/\/l21.mx\/wp-content\/uploads\/2023\/10\/WhatsApp-Image-2023-10-27-at-1.14.34-PM-300x162.jpeg\" alt=\"\" width=\"300\" height=\"162\" srcset=\"https:\/\/l21.mx\/wp-content\/uploads\/2023\/10\/WhatsApp-Image-2023-10-27-at-1.14.34-PM-300x162.jpeg 300w, https:\/\/l21.mx\/wp-content\/uploads\/2023\/10\/WhatsApp-Image-2023-10-27-at-1.14.34-PM-1024x554.jpeg 1024w, https:\/\/l21.mx\/wp-content\/uploads\/2023\/10\/WhatsApp-Image-2023-10-27-at-1.14.34-PM-768x416.jpeg 768w, https:\/\/l21.mx\/wp-content\/uploads\/2023\/10\/WhatsApp-Image-2023-10-27-at-1.14.34-PM-1536x831.jpeg 1536w, https:\/\/l21.mx\/wp-content\/uploads\/2023\/10\/WhatsApp-Image-2023-10-27-at-1.14.34-PM-1200x650.jpeg 1200w, https:\/\/l21.mx\/wp-content\/uploads\/2023\/10\/WhatsApp-Image-2023-10-27-at-1.14.34-PM-1170x633.jpeg 1170w, https:\/\/l21.mx\/wp-content\/uploads\/2023\/10\/WhatsApp-Image-2023-10-27-at-1.14.34-PM-585x317.jpeg 585w, https:\/\/l21.mx\/wp-content\/uploads\/2023\/10\/WhatsApp-Image-2023-10-27-at-1.14.34-PM.jpeg 1600w\" sizes=\"(max-width: 300px) 100vw, 300px\" \/><\/a><\/p>\n<p>Al destacar que actualmente en Quintana Roo, gobernado por primera vez por una mujer, desde el primer d\u00eda se estableci\u00f3 un Nuevo Acuerdo por el Bienestar y Desarrollo con la participaci\u00f3n de todos los sectores de la sociedad para que el producto del crecimiento y el \u00e9xito tur\u00edstico se refleje en una prosperidad compartida, Mara Lezama puso de relieve el potencial de desarrollo de la entidad.<\/p>\n<p>Entre ellos, el funcionamiento del Tren Maya, que enriquecer\u00e1 el potencial tur\u00edstico del pa\u00eds y alimentar\u00e1 el flujo de comercio y conectividad en la regi\u00f3n, adem\u00e1s de que est\u00e1 en puerta la inauguraci\u00f3n del nuevo aeropuerto Internacional \u201cFelipe Carrillo Puerto\u201d, de Tulum y se tienen conversaciones para establecer un Acuerdo Mutuo de Entendimiento con Belice para potenciar el comercio y la competitividad en la franja fronteriza.<\/p>\n<p>Antes de inaugurar el evento, la titular del Ejecutivo reiter\u00f3 que el crecimiento econ\u00f3mico es fundamental para reducir la pobreza, y que la correcci\u00f3n ordenada de los desequilibrios producto de las desigualdades exige la cooperaci\u00f3n entre todas las \u00e1reas econ\u00f3micas m\u00e1s importantes, a partir de mayor apoyo financiero, optimizaci\u00f3n de recursos y la lucha permanente frente a la corrupci\u00f3n.<\/p>\n<p>Mara Lezama convoc\u00f3 a todas y todos a abordar soluciones para los pr\u00f3ximos 50 a\u00f1os, para encontrar soluciones desde la perspectiva integral y humanitaria, con especial atenci\u00f3n a los derechos humanos. \u201cConf\u00edo que este encuentro permita intercambiar experiencia que generen propuesta de acci\u00f3n para la instrumentaci\u00f3n de nuevos esquemas de financiamiento innovadores y desarrollo sostenible para Centroam\u00e9rica y Rep\u00fablica Dominicana, y que M\u00e9xico como socio extra regional puede optimizar\u201d, dijo la Gobernadora.<\/p>\n<p>El subsecretario Gabriel Yorio, por su parte, destac\u00f3 que en el sureste est\u00e1 la visi\u00f3n clara del Gobierno de M\u00e9xico para consolidar su crecimiento.<\/p>\n<p>Destac\u00f3 el financiamiento innovador para micro, peque\u00f1as y medias industrias. \u201cEn esta administraci\u00f3n hemos impulsado una innovaci\u00f3n y la inversi\u00f3n p\u00fablica en el sureste de M\u00e9xico, una regi\u00f3n hist\u00f3ricamente olvidada. Hoy tenemos resultados y solo para ponerlo en perspectiva, mientras el promedio nacional de crecimiento en M\u00e9xico se sit\u00faa por arriba del 3%, la regi\u00f3n sur sureste ha logrado un crecimiento del 6%, un logro sin precedentes\u201d, dijo el subsecretario.<\/p>\n","protected":false},"excerpt":{"rendered":"<p>&nbsp; -En la presencia del subsecretario de Hacienda y Cr\u00e9dito P\u00fablico, Gabriel Yorio, y ministros del&hellip;<\/p>\n","protected":false},"author":100,"featured_media":63950,"comment_status":"closed","ping_status":"closed","sticky":false,"template":"","format":"standard","meta":{"_acf_changed":false,"_lmt_disableupdate":"","_lmt_disable":"","_mbp_gutenberg_autopost":false,"footnotes":""},"categories":[23,1656],"tags":[],"class_list":["post-63949","post","type-post","status-publish","format-standard","has-post-thumbnail","hentry","category-noticias","category-quintana-roo"],"acf":[],"_links":{"self":[{"href":"https:\/\/l21.mx\/index.php?rest_route=\/wp\/v2\/posts\/63949","targetHints":{"allow":["GET"]}}],"collection":[{"href":"https:\/\/l21.mx\/index.php?rest_route=\/wp\/v2\/posts"}],"about":[{"href":"https:\/\/l21.mx\/index.php?rest_route=\/wp\/v2\/types\/post"}],"author":[{"embeddable":true,"href":"https:\/\/l21.mx\/index.php?rest_route=\/wp\/v2\/users\/100"}],"replies":[{"embeddable":true,"href":"https:\/\/l21.mx\/index.php?rest_route=%2Fwp%2Fv2%2Fcomments&post=63949"}],"version-history":[{"count":0,"href":"https:\/\/l21.mx\/index.php?rest_route=\/wp\/v2\/posts\/63949\/revisions"}],"wp:featuredmedia":[{"embeddable":true,"href":"https:\/\/l21.mx\/index.php?rest_route=\/wp\/v2\/media\/63950"}],"wp:attachment":[{"href":"https:\/\/l21.mx\/index.php?rest_route=%2Fwp%2Fv2%2Fmedia&parent=63949"}],"wp:term":[{"taxonomy":"category","embeddable":true,"href":"https:\/\/l21.mx\/index.php?rest_route=%2Fwp%2Fv2%2Fcategories&post=63949"},{"taxonomy":"post_tag","embeddable":true,"href":"https:\/\/l21.mx\/index.php?rest_route=%2Fwp%2Fv2%2Ftags&post=63949"}],"curies":[{"name":"wp","href":"https:\/\/api.w.org\/{rel}","templated":true}]}}