{"id":63998,"date":"2023-10-28T15:08:16","date_gmt":"2023-10-28T20:08:16","guid":{"rendered":"https:\/\/l21.mx\/?p=63998"},"modified":"2023-10-28T15:08:16","modified_gmt":"2023-10-28T20:08:16","slug":"inicia-obra-en-la-carretera-180-d-acceso-a-la-estacion-del-tren-maya-en-cancun","status":"publish","type":"post","link":"https:\/\/l21.mx\/?p=63998","title":{"rendered":"Inicia obra en la carretera 180 D, acceso a la estaci\u00f3n del Tren Maya en Canc\u00fan"},"content":{"rendered":"<p>Supervisa Mara Lezama inicio de obra en la 180 D, acceso a la estaci\u00f3n del Tren Maya en Canc\u00fan<\/p>\n<p><a href=\"https:\/\/l21.mx\/wp-content\/uploads\/2023\/10\/WhatsApp-Image-2023-10-28-at-10.53.00-AM.jpeg\" data-rel=\"penci-gallery-image-content\" ><img fetchpriority=\"high\" decoding=\"async\" class=\"alignnone size-medium wp-image-64001\" src=\"https:\/\/l21.mx\/wp-content\/uploads\/2023\/10\/WhatsApp-Image-2023-10-28-at-10.53.00-AM-300x187.jpeg\" alt=\"\" width=\"300\" height=\"187\" srcset=\"https:\/\/l21.mx\/wp-content\/uploads\/2023\/10\/WhatsApp-Image-2023-10-28-at-10.53.00-AM-300x187.jpeg 300w, https:\/\/l21.mx\/wp-content\/uploads\/2023\/10\/WhatsApp-Image-2023-10-28-at-10.53.00-AM-1024x639.jpeg 1024w, https:\/\/l21.mx\/wp-content\/uploads\/2023\/10\/WhatsApp-Image-2023-10-28-at-10.53.00-AM-768x479.jpeg 768w, https:\/\/l21.mx\/wp-content\/uploads\/2023\/10\/WhatsApp-Image-2023-10-28-at-10.53.00-AM-1536x958.jpeg 1536w, https:\/\/l21.mx\/wp-content\/uploads\/2023\/10\/WhatsApp-Image-2023-10-28-at-10.53.00-AM-1200x749.jpeg 1200w, https:\/\/l21.mx\/wp-content\/uploads\/2023\/10\/WhatsApp-Image-2023-10-28-at-10.53.00-AM-1170x730.jpeg 1170w, https:\/\/l21.mx\/wp-content\/uploads\/2023\/10\/WhatsApp-Image-2023-10-28-at-10.53.00-AM-585x365.jpeg 585w, https:\/\/l21.mx\/wp-content\/uploads\/2023\/10\/WhatsApp-Image-2023-10-28-at-10.53.00-AM.jpeg 1600w\" sizes=\"(max-width: 300px) 100vw, 300px\" \/><\/a><\/p>\n<p>-La gobernadora Mara Lezama Espinosa inform\u00f3 que atender\u00e1 la circulaci\u00f3n y conectividad entre las terminales del aeropuerto internacional y del Tren Maya, el tren de la justicia social<\/p>\n<p>Canc\u00fan.- Inici\u00f3 la construcci\u00f3n del entronque de acceso a la terminal Canc\u00fan del Tren Maya en el kil\u00f3metro 305 de la carretera 180-D, justo detr\u00e1s del aeropuerto internacional, inform\u00f3 la gobernadora Mara Lezama Espinosa.<\/p>\n<p>Al supervisar el lugar acompa\u00f1ada del secretario de SEDETUS Armando Lara De Nigris, de representantes de Fonatur y de ICA, explic\u00f3 que ante la cercan\u00eda de la inauguraci\u00f3n del Tren Maya, se construye este entronque para mejorar la vialidad y responder con obras al aumento de carga vehicular.<\/p>\n<p><a href=\"https:\/\/l21.mx\/wp-content\/uploads\/2023\/10\/WhatsApp-Image-2023-10-28-at-10.53.01-AM-1.jpeg\" data-rel=\"penci-gallery-image-content\" ><img decoding=\"async\" class=\"alignnone size-medium wp-image-64000\" src=\"https:\/\/l21.mx\/wp-content\/uploads\/2023\/10\/WhatsApp-Image-2023-10-28-at-10.53.01-AM-1-300x200.jpeg\" alt=\"\" width=\"300\" height=\"200\" srcset=\"https:\/\/l21.mx\/wp-content\/uploads\/2023\/10\/WhatsApp-Image-2023-10-28-at-10.53.01-AM-1-300x200.jpeg 300w, https:\/\/l21.mx\/wp-content\/uploads\/2023\/10\/WhatsApp-Image-2023-10-28-at-10.53.01-AM-1-1024x682.jpeg 1024w, https:\/\/l21.mx\/wp-content\/uploads\/2023\/10\/WhatsApp-Image-2023-10-28-at-10.53.01-AM-1-768x512.jpeg 768w, https:\/\/l21.mx\/wp-content\/uploads\/2023\/10\/WhatsApp-Image-2023-10-28-at-10.53.01-AM-1-1536x1023.jpeg 1536w, https:\/\/l21.mx\/wp-content\/uploads\/2023\/10\/WhatsApp-Image-2023-10-28-at-10.53.01-AM-1-1200x800.jpeg 1200w, https:\/\/l21.mx\/wp-content\/uploads\/2023\/10\/WhatsApp-Image-2023-10-28-at-10.53.01-AM-1-1170x780.jpeg 1170w, https:\/\/l21.mx\/wp-content\/uploads\/2023\/10\/WhatsApp-Image-2023-10-28-at-10.53.01-AM-1-585x390.jpeg 585w, https:\/\/l21.mx\/wp-content\/uploads\/2023\/10\/WhatsApp-Image-2023-10-28-at-10.53.01-AM-1-263x175.jpeg 263w, https:\/\/l21.mx\/wp-content\/uploads\/2023\/10\/WhatsApp-Image-2023-10-28-at-10.53.01-AM-1.jpeg 1600w\" sizes=\"(max-width: 300px) 100vw, 300px\" \/><\/a><\/p>\n<p>\u201cCon la llegada de m\u00e1s turistas a la estaci\u00f3n Canc\u00fan del tren maya, que muy pronto se inaugurar\u00e1, construimos esta vialidad para mejorar la circulaci\u00f3n y la conectividad entre las terminales del aeropuerto internacional con la estaci\u00f3n del Tren, el epicentro de la llegada de turismo a todo el sureste de M\u00e9xico\u201d, a\u00f1adi\u00f3 Mara Lezama.<\/p>\n<p>El proyecto que gestion\u00f3 la primera mujer gobernadora, que es financiado y ejecutado por Tren Maya y que cuenta con la participaci\u00f3n activa de la Secretar\u00eda de Infraestructura, Comunicaciones y Transporte (SICT), contempla intervenir un total de 1.6 kil\u00f3metros, e incluye la construcci\u00f3n de un puente que estar\u00e1 concluido en 6 meses a partir de hoy.<\/p>\n<p>\u201cEstas son m\u00e1s buenas noticias, nuevas obras que estamos realizando en torno al Tren Maya, el tren de la justicia social que traer\u00e1 prosperidad compartida y har\u00e1 que el \u00e9xito tur\u00edstico se traslade hasta las comunidades del sur, como se contempla en el Nuevo Acuerdo por el Bienestar y Desarrollo de Quintana Roo, para que nadie se quede fuera ni nadie se quede atr\u00e1s\u201d expres\u00f3 la gobernadora Mara Lezama.<\/p>\n<p>En raz\u00f3n de esta nueva obra, la titular del Ejecutivo invit\u00f3 a la ciudadan\u00eda a tomar precauciones, ya que estos trabajos de modernizaci\u00f3n de la ciudad pueden generar retrasos. Inform\u00f3 que a trav\u00e9s de las redes sociales y medios oficiales se dar\u00e1n a conocer las alternativas viales, a fin de agilizar la movilidad.<\/p>\n<p>Por lo pronto dio a conocer que no se cerrar\u00e1 la circulaci\u00f3n. Se mantendr\u00e1 continua y solamente se reducir\u00e1n los carriles, lo que ocasionar\u00e1 un flujo m\u00e1s lento para este tramo.<\/p>\n<p>Mara Lezama pidi\u00f3 comprensi\u00f3n a la poblaci\u00f3n ante estas obras de modernizaci\u00f3n que generar\u00e1 una mayor prosperidad compartida.<\/p>\n","protected":false},"excerpt":{"rendered":"<p>Supervisa Mara Lezama inicio de obra en la 180 D, acceso a la estaci\u00f3n del Tren&hellip;<\/p>\n","protected":false},"author":100,"featured_media":63999,"comment_status":"closed","ping_status":"closed","sticky":false,"template":"","format":"standard","meta":{"_acf_changed":false,"_lmt_disableupdate":"","_lmt_disable":"","_mbp_gutenberg_autopost":false,"footnotes":""},"categories":[23,1656],"tags":[],"class_list":["post-63998","post","type-post","status-publish","format-standard","has-post-thumbnail","hentry","category-noticias","category-quintana-roo"],"acf":[],"_links":{"self":[{"href":"https:\/\/l21.mx\/index.php?rest_route=\/wp\/v2\/posts\/63998","targetHints":{"allow":["GET"]}}],"collection":[{"href":"https:\/\/l21.mx\/index.php?rest_route=\/wp\/v2\/posts"}],"about":[{"href":"https:\/\/l21.mx\/index.php?rest_route=\/wp\/v2\/types\/post"}],"author":[{"embeddable":true,"href":"https:\/\/l21.mx\/index.php?rest_route=\/wp\/v2\/users\/100"}],"replies":[{"embeddable":true,"href":"https:\/\/l21.mx\/index.php?rest_route=%2Fwp%2Fv2%2Fcomments&post=63998"}],"version-history":[{"count":0,"href":"https:\/\/l21.mx\/index.php?rest_route=\/wp\/v2\/posts\/63998\/revisions"}],"wp:featuredmedia":[{"embeddable":true,"href":"https:\/\/l21.mx\/index.php?rest_route=\/wp\/v2\/media\/63999"}],"wp:attachment":[{"href":"https:\/\/l21.mx\/index.php?rest_route=%2Fwp%2Fv2%2Fmedia&parent=63998"}],"wp:term":[{"taxonomy":"category","embeddable":true,"href":"https:\/\/l21.mx\/index.php?rest_route=%2Fwp%2Fv2%2Fcategories&post=63998"},{"taxonomy":"post_tag","embeddable":true,"href":"https:\/\/l21.mx\/index.php?rest_route=%2Fwp%2Fv2%2Ftags&post=63998"}],"curies":[{"name":"wp","href":"https:\/\/api.w.org\/{rel}","templated":true}]}}