{"id":64030,"date":"2023-10-30T12:01:35","date_gmt":"2023-10-30T17:01:35","guid":{"rendered":"https:\/\/l21.mx\/?p=64030"},"modified":"2023-10-30T12:01:35","modified_gmt":"2023-10-30T17:01:35","slug":"alianzas-con-coparmex-para-vincular-productores-de-quintana-roo-con-grandes-empresas","status":"publish","type":"post","link":"https:\/\/l21.mx\/?p=64030","title":{"rendered":"Alianzas con Coparmex para vincular productores de Quintana Roo con grandes empresas"},"content":{"rendered":"<div><\/div>\n<div><\/div>\n<div>-Durante una reuni\u00f3n con el presidente nacional de Coparmex, Jos\u00e9 Medina Mora Icaza, propone traer mayor inversi\u00f3n al sur de Quintana Roo<\/div>\n<div><a href=\"https:\/\/l21.mx\/wp-content\/uploads\/2023\/10\/WhatsApp-Image-2023-10-30-at-11.57.26-AM-1.jpeg\" data-rel=\"penci-gallery-image-content\" ><img fetchpriority=\"high\" decoding=\"async\" class=\"alignnone size-medium wp-image-64033\" src=\"https:\/\/l21.mx\/wp-content\/uploads\/2023\/10\/WhatsApp-Image-2023-10-30-at-11.57.26-AM-1-300x200.jpeg\" alt=\"\" width=\"300\" height=\"200\" srcset=\"https:\/\/l21.mx\/wp-content\/uploads\/2023\/10\/WhatsApp-Image-2023-10-30-at-11.57.26-AM-1-300x200.jpeg 300w, https:\/\/l21.mx\/wp-content\/uploads\/2023\/10\/WhatsApp-Image-2023-10-30-at-11.57.26-AM-1-1024x682.jpeg 1024w, https:\/\/l21.mx\/wp-content\/uploads\/2023\/10\/WhatsApp-Image-2023-10-30-at-11.57.26-AM-1-768x512.jpeg 768w, https:\/\/l21.mx\/wp-content\/uploads\/2023\/10\/WhatsApp-Image-2023-10-30-at-11.57.26-AM-1-1536x1023.jpeg 1536w, https:\/\/l21.mx\/wp-content\/uploads\/2023\/10\/WhatsApp-Image-2023-10-30-at-11.57.26-AM-1-1200x800.jpeg 1200w, https:\/\/l21.mx\/wp-content\/uploads\/2023\/10\/WhatsApp-Image-2023-10-30-at-11.57.26-AM-1-1170x780.jpeg 1170w, https:\/\/l21.mx\/wp-content\/uploads\/2023\/10\/WhatsApp-Image-2023-10-30-at-11.57.26-AM-1-585x390.jpeg 585w, https:\/\/l21.mx\/wp-content\/uploads\/2023\/10\/WhatsApp-Image-2023-10-30-at-11.57.26-AM-1-263x175.jpeg 263w, https:\/\/l21.mx\/wp-content\/uploads\/2023\/10\/WhatsApp-Image-2023-10-30-at-11.57.26-AM-1.jpeg 1600w\" sizes=\"(max-width: 300px) 100vw, 300px\" \/><\/a><\/div>\n<div><\/div>\n<div>Canc\u00fan.- La gobernadora Mara Lezama Espinosa se reuni\u00f3 con el presidente nacional de la Coparmex, Jos\u00e9 Medina Mora Icaza, y miembros del Consejo Directivo de Quintana Roo, para fortalecer el impulso de vincular a los productores del sur del estado con las grandes empresas para la venta y distribuci\u00f3n de sus productos y avanzar en la prosperidad compartida.<\/div>\n<div><\/div>\n<div>Durante esta reuni\u00f3n de trabajo, en la que Coparmex present\u00f3 la Estrategia de Nearshoring para la regi\u00f3n sur-sureste, la gobernadora de Quintana Roo destac\u00f3 el trabajo que se realiza para traer m\u00e1s inversiones al sur de la entidad, que tiene especial potencial, adem\u00e1s de la nueva infraestructura y atractivos que le otorgan nuevas ventajas competitivas.<\/div>\n<div><\/div>\n<div>Asimismo, el gobierno de Quintana Roo dio a conocer su disposici\u00f3n por la promoci\u00f3n del Nearshoring intelectual para que se establezca en el estado. La gobernadora Mara Lezama dijo que a trav\u00e9s del Nuevo Acuerdo por el Bienestar y Desarrollo se suman esfuerzos y se trabaja en unidad para generar prosperidad compartida, pero tambi\u00e9n para impulsar el crecimiento econ\u00f3mico para todas y todos.<\/div>\n<div><a href=\"https:\/\/l21.mx\/wp-content\/uploads\/2023\/10\/WhatsApp-Image-2023-10-30-at-11.57.26-AM.jpeg\" data-rel=\"penci-gallery-image-content\" ><img decoding=\"async\" class=\"alignnone size-medium wp-image-64031\" src=\"https:\/\/l21.mx\/wp-content\/uploads\/2023\/10\/WhatsApp-Image-2023-10-30-at-11.57.26-AM-300x200.jpeg\" alt=\"\" width=\"300\" height=\"200\" srcset=\"https:\/\/l21.mx\/wp-content\/uploads\/2023\/10\/WhatsApp-Image-2023-10-30-at-11.57.26-AM-300x200.jpeg 300w, https:\/\/l21.mx\/wp-content\/uploads\/2023\/10\/WhatsApp-Image-2023-10-30-at-11.57.26-AM-1024x682.jpeg 1024w, https:\/\/l21.mx\/wp-content\/uploads\/2023\/10\/WhatsApp-Image-2023-10-30-at-11.57.26-AM-768x512.jpeg 768w, https:\/\/l21.mx\/wp-content\/uploads\/2023\/10\/WhatsApp-Image-2023-10-30-at-11.57.26-AM-1536x1023.jpeg 1536w, https:\/\/l21.mx\/wp-content\/uploads\/2023\/10\/WhatsApp-Image-2023-10-30-at-11.57.26-AM-1200x800.jpeg 1200w, https:\/\/l21.mx\/wp-content\/uploads\/2023\/10\/WhatsApp-Image-2023-10-30-at-11.57.26-AM-1170x780.jpeg 1170w, https:\/\/l21.mx\/wp-content\/uploads\/2023\/10\/WhatsApp-Image-2023-10-30-at-11.57.26-AM-585x390.jpeg 585w, https:\/\/l21.mx\/wp-content\/uploads\/2023\/10\/WhatsApp-Image-2023-10-30-at-11.57.26-AM-263x175.jpeg 263w, https:\/\/l21.mx\/wp-content\/uploads\/2023\/10\/WhatsApp-Image-2023-10-30-at-11.57.26-AM.jpeg 1600w\" sizes=\"(max-width: 300px) 100vw, 300px\" \/><\/a><\/div>\n<div><\/div>\n<div>El presidente de Coparmex, Mora Icaza, concluy\u00f3 que Quintana Roo tiene una gran atracci\u00f3n de inversi\u00f3n \u201cy vamos a apoyar para garantizar que llegue en nuevas \u00e1reas de negocios\u201d.<\/div>\n<div><\/div>\n<div>Por la Coparmex participaron en la reuni\u00f3n Ang\u00e9lica Fr\u00edas Gonz\u00e1lez, presidenta del Centro Empresarial Coparmex Quintana Roo; Hugo Mariano Valdiviezo P\u00e9rez, vicepresidente de Desarrollo Empresarial y Econ\u00f3mico, y Mar\u00eda Jovita Portillo Navarro, secretaria general de Coparmex Quintana Roo.<\/div>\n<div><\/div>\n<div>Por el Gobierno de Quintana Roo estuvieron el Jefe de la Oficina de la Gobernadora, Artemio Santos Santos; la secretaria de Desarrollo Econ\u00f3mico, Karla Almanza y el secretario particular, \u00c1ngel Rivero Palomo.<\/div>\n","protected":false},"excerpt":{"rendered":"<p>-Durante una reuni\u00f3n con el presidente nacional de Coparmex, Jos\u00e9 Medina Mora Icaza, propone traer mayor&hellip;<\/p>\n","protected":false},"author":100,"featured_media":64032,"comment_status":"closed","ping_status":"closed","sticky":false,"template":"","format":"standard","meta":{"_acf_changed":false,"_lmt_disableupdate":"","_lmt_disable":"","_mbp_gutenberg_autopost":false,"footnotes":""},"categories":[23,1656],"tags":[],"class_list":["post-64030","post","type-post","status-publish","format-standard","has-post-thumbnail","hentry","category-noticias","category-quintana-roo"],"acf":[],"_links":{"self":[{"href":"https:\/\/l21.mx\/index.php?rest_route=\/wp\/v2\/posts\/64030","targetHints":{"allow":["GET"]}}],"collection":[{"href":"https:\/\/l21.mx\/index.php?rest_route=\/wp\/v2\/posts"}],"about":[{"href":"https:\/\/l21.mx\/index.php?rest_route=\/wp\/v2\/types\/post"}],"author":[{"embeddable":true,"href":"https:\/\/l21.mx\/index.php?rest_route=\/wp\/v2\/users\/100"}],"replies":[{"embeddable":true,"href":"https:\/\/l21.mx\/index.php?rest_route=%2Fwp%2Fv2%2Fcomments&post=64030"}],"version-history":[{"count":0,"href":"https:\/\/l21.mx\/index.php?rest_route=\/wp\/v2\/posts\/64030\/revisions"}],"wp:featuredmedia":[{"embeddable":true,"href":"https:\/\/l21.mx\/index.php?rest_route=\/wp\/v2\/media\/64032"}],"wp:attachment":[{"href":"https:\/\/l21.mx\/index.php?rest_route=%2Fwp%2Fv2%2Fmedia&parent=64030"}],"wp:term":[{"taxonomy":"category","embeddable":true,"href":"https:\/\/l21.mx\/index.php?rest_route=%2Fwp%2Fv2%2Fcategories&post=64030"},{"taxonomy":"post_tag","embeddable":true,"href":"https:\/\/l21.mx\/index.php?rest_route=%2Fwp%2Fv2%2Ftags&post=64030"}],"curies":[{"name":"wp","href":"https:\/\/api.w.org\/{rel}","templated":true}]}}