{"id":64037,"date":"2023-10-30T12:23:18","date_gmt":"2023-10-30T17:23:18","guid":{"rendered":"https:\/\/l21.mx\/?p=64037"},"modified":"2023-10-30T12:23:18","modified_gmt":"2023-10-30T17:23:18","slug":"cancun-sera-sede-de-la-5a-edicion-de-la-expo-renta-vacacional","status":"publish","type":"post","link":"https:\/\/l21.mx\/?p=64037","title":{"rendered":"Canc\u00fan ser\u00e1 sede de la 5a. edici\u00f3n de la Expo Renta Vacacional"},"content":{"rendered":"<div><\/div>\n<div>\u00b7 Se llevar\u00e1 a cabo el 9 y 10 de noviembre en el Canc\u00fan Center<\/div>\n<div><\/div>\n<div><\/div>\n<div>Canc\u00fan, Quintana Roo, a 30 de octubre de 2023.- Canc\u00fan ser\u00e1 sede por 5ta ocasi\u00f3n del principal foro internacional de negocios de la industria de renta vacacional en M\u00e9xico y Am\u00e9rica Latina, la Expo Renta Vacacional 2023 el 9 y 10 de noviembre en el Canc\u00fan Center. Durante dos d\u00edas administradores de propiedades (property managers), anfitriones due\u00f1os de propiedades, inversionistas, agentes inmobiliarios y profesionales de la renta vacacional se dar\u00e1n cita para conocer y debatir la renta vacacional \/ renta de corto plazo en M\u00e9xico y LATAM.<\/div>\n<div><\/div>\n<div>Una vez al a\u00f1o, un selecto grupo de profesionales de la renta vacacional de todo M\u00e9xico y Am\u00e9rica Latina, se re\u00fanen para hablar, estudiar y conocer las \u00faltimas tendencias de la industria de la renta vacacional. Esta 5ta. edici\u00f3n de ExpoRV reunir\u00e1 a m\u00e1s de 55 expositores y 500 asistentes de m\u00e1s de 10 pa\u00edses representados. Se trata de un congreso, conferencia, convenci\u00f3n sin igual donde el conocimiento, informaci\u00f3n, experiencia se comparten y la amistad y profesionalismo se hacen presentes.<\/div>\n<div><\/div>\n<div>Durante el marco de la Expo Renta Vacacional, tambi\u00e9n se celebrar\u00e1 la junta de asamblea de la APAR, asociaci\u00f3n que agrupa a los profesionales de la renta vacacional y renta de corto plazo a nivel nacional y que busca la profesionalizaci\u00f3n de la industria y participa en temas regulatorios de la industria.<\/div>\n<div><\/div>\n<div>ExpoRV est\u00e1 dividida en un showroom donde proveedores de productos y servicios mostrar\u00e1n lo m\u00e1s novedoso en la industria y un programa de conferencias y talleres impartidos por expertos nacionales e internacionales que dar\u00e1n a conocer las tendencias de este mercado, para comprenderlo mejor, anticipar su futuro y profesionalizar el servicio de renta vacacional en M\u00e9xico. ExpoRV est\u00e1 comprometida a traer a los mejores conferencistas de la industria por lo que este a\u00f1o ofrece m\u00e1s de 40 conferencias y talleres.<\/div>\n<div><\/div>\n<div>En esta edici\u00f3n ExpoRV tiene el honor de contar con un destacado elenco de ponentes, tanto nacionales como internacionales, quienes compartir\u00e1n sus conocimientos, experiencia y perspectivas sobre la industria de la renta vacacional. Entre ellos, \u00c1ngel Terral, Country Manager para Airbnb M\u00e9xico, quien bajo su direcci\u00f3n ha hecho crecer a \u00e9sta importante OTA y Simon Lehmann Fundador de AJL Atelier con sede en Suiza, que quien con m\u00e1s de 20 a\u00f1os de experiencia en comercio electr\u00f3nico y viajes en l\u00ednea, es un l\u00edder apasionado y pionero en la industria del alquiler vacacional en el mundo.<\/div>\n<div><\/div>\n<div>Entre los participantes en el Expo Renta Vacacional se encuentran empresas reconocidas internacionalmente, como Airbnb, Booking, Expedia-Group, VRBO, Google Travel, Marriot Homes &amp; Villas, entre los m\u00e1s importantes.<\/div>\n<div><\/div>\n<div><\/div>\n<div><\/div>\n<div>Los asistentes a la ExpoRV tendr\u00e1n la oportunidad de:<\/div>\n<div><\/div>\n<div>\u00b7 Interactuar con representantes de las principales plataformas de reserva quienes hablar\u00e1n sobre temas de ventas, reserva, calidad, servicio, regulaciones, tecnolog\u00eda y reservas directas.<\/div>\n<div>\u00b7 Conocer las nuevas herramientas y plataformas tecnol\u00f3gicas que permiten administrar e incrementar reservas de propiedades.<\/div>\n<div>\u00b7 Conocer su industria a detalle, como nunca lo hab\u00edan imaginado.<\/div>\n<div>\u00b7 Profesionalizar sus servicios como property manager y anfitri\u00f3n.<\/div>\n<div>\u00b7 Conocer a property managers, due\u00f1os y anfitriones que buscan proveedores profesionales.<\/div>\n<div>\u00b7 Explorar nuevas oportunidades de inversi\u00f3n en la industria de la renta vacacional.<\/div>\n<div>\u00b7 Aumentar la seguridad y la satisfacci\u00f3n de sus hu\u00e9spedes.<\/div>\n<div>\u00b7 Aumentar la seguridad de sus propiedades.<\/div>\n","protected":false},"excerpt":{"rendered":"<p>\u00b7 Se llevar\u00e1 a cabo el 9 y 10 de noviembre en el Canc\u00fan Center Canc\u00fan,&hellip;<\/p>\n","protected":false},"author":100,"featured_media":64038,"comment_status":"closed","ping_status":"closed","sticky":false,"template":"","format":"standard","meta":{"_acf_changed":false,"_lmt_disableupdate":"","_lmt_disable":"","_mbp_gutenberg_autopost":false,"footnotes":""},"categories":[23,1656],"tags":[],"class_list":["post-64037","post","type-post","status-publish","format-standard","has-post-thumbnail","hentry","category-noticias","category-quintana-roo"],"acf":[],"_links":{"self":[{"href":"https:\/\/l21.mx\/index.php?rest_route=\/wp\/v2\/posts\/64037","targetHints":{"allow":["GET"]}}],"collection":[{"href":"https:\/\/l21.mx\/index.php?rest_route=\/wp\/v2\/posts"}],"about":[{"href":"https:\/\/l21.mx\/index.php?rest_route=\/wp\/v2\/types\/post"}],"author":[{"embeddable":true,"href":"https:\/\/l21.mx\/index.php?rest_route=\/wp\/v2\/users\/100"}],"replies":[{"embeddable":true,"href":"https:\/\/l21.mx\/index.php?rest_route=%2Fwp%2Fv2%2Fcomments&post=64037"}],"version-history":[{"count":0,"href":"https:\/\/l21.mx\/index.php?rest_route=\/wp\/v2\/posts\/64037\/revisions"}],"wp:featuredmedia":[{"embeddable":true,"href":"https:\/\/l21.mx\/index.php?rest_route=\/wp\/v2\/media\/64038"}],"wp:attachment":[{"href":"https:\/\/l21.mx\/index.php?rest_route=%2Fwp%2Fv2%2Fmedia&parent=64037"}],"wp:term":[{"taxonomy":"category","embeddable":true,"href":"https:\/\/l21.mx\/index.php?rest_route=%2Fwp%2Fv2%2Fcategories&post=64037"},{"taxonomy":"post_tag","embeddable":true,"href":"https:\/\/l21.mx\/index.php?rest_route=%2Fwp%2Fv2%2Ftags&post=64037"}],"curies":[{"name":"wp","href":"https:\/\/api.w.org\/{rel}","templated":true}]}}