{"id":64182,"date":"2023-11-01T13:12:39","date_gmt":"2023-11-01T18:12:39","guid":{"rendered":"https:\/\/l21.mx\/?p=64182"},"modified":"2023-11-01T13:12:39","modified_gmt":"2023-11-01T18:12:39","slug":"recuerdan-con-un-monumento-de-honor-a-personal-que-ha-fallecido-en-solidaridad","status":"publish","type":"post","link":"https:\/\/l21.mx\/?p=64182","title":{"rendered":"Recuerdan con un monumento de honor a personal que ha fallecido en Solidaridad"},"content":{"rendered":"<p>&nbsp;<\/p>\n<p>\u2022 En reconocimiento y para mantener vivo el recuerdo de las y los trabajadores de esta dependencia que han fallecido. Los colaboradores de Servicios P\u00fablicos son prioridad para Lili Campos<\/p>\n<p><a href=\"https:\/\/l21.mx\/wp-content\/uploads\/2023\/11\/WhatsApp-Image-2023-11-01-at-12.36.43-PM.jpeg\" data-rel=\"penci-gallery-image-content\" ><img fetchpriority=\"high\" decoding=\"async\" class=\"alignnone size-medium wp-image-64193\" src=\"https:\/\/l21.mx\/wp-content\/uploads\/2023\/11\/WhatsApp-Image-2023-11-01-at-12.36.43-PM-300x200.jpeg\" alt=\"\" width=\"300\" height=\"200\" srcset=\"https:\/\/l21.mx\/wp-content\/uploads\/2023\/11\/WhatsApp-Image-2023-11-01-at-12.36.43-PM-300x200.jpeg 300w, https:\/\/l21.mx\/wp-content\/uploads\/2023\/11\/WhatsApp-Image-2023-11-01-at-12.36.43-PM-1024x682.jpeg 1024w, https:\/\/l21.mx\/wp-content\/uploads\/2023\/11\/WhatsApp-Image-2023-11-01-at-12.36.43-PM-768x512.jpeg 768w, https:\/\/l21.mx\/wp-content\/uploads\/2023\/11\/WhatsApp-Image-2023-11-01-at-12.36.43-PM-1200x800.jpeg 1200w, https:\/\/l21.mx\/wp-content\/uploads\/2023\/11\/WhatsApp-Image-2023-11-01-at-12.36.43-PM-1170x780.jpeg 1170w, https:\/\/l21.mx\/wp-content\/uploads\/2023\/11\/WhatsApp-Image-2023-11-01-at-12.36.43-PM-585x390.jpeg 585w, https:\/\/l21.mx\/wp-content\/uploads\/2023\/11\/WhatsApp-Image-2023-11-01-at-12.36.43-PM-263x175.jpeg 263w, https:\/\/l21.mx\/wp-content\/uploads\/2023\/11\/WhatsApp-Image-2023-11-01-at-12.36.43-PM.jpeg 1280w\" sizes=\"(max-width: 300px) 100vw, 300px\" \/><\/a><\/p>\n<p>Playa del Carmen, Solidaridad, 1 de noviembre del 2023.- La presidenta municipal de Solidaridad Lili Campos, acompa\u00f1ada del secretario de Servicios P\u00fablicos Benny Mill\u00e1n, llev\u00f3 a cabo la ceremonia de develaci\u00f3n del \u201cMonumento de Honor\u201d para las y los servidores fallecidos de servicios p\u00fablicos.<\/p>\n<p>Este acto tuvo como prop\u00f3sito rendir homenaje a quienes lamentablemente han perdido la vida, record\u00e1ndolos con respeto en el marco de la tradici\u00f3n del D\u00eda de Muertos.<\/p>\n<p>Tras la develaci\u00f3n del monumento, Lili Campos pronunci\u00f3 un mensaje en el que destac\u00f3 la importancia de esta fecha. \u201cHoy es un d\u00eda especial porque, a quienes por salud o por otra circunstancia perdieron la vida, no ser\u00e1n olvidados; quiero que sepan que \u00e9l y la trabajadora de servicios p\u00fablicos son mi orgullo y merecen siempre honor y respeto. Servicios p\u00fablicos se reconoce hasta en el eterno descanso\u201d, dijo Lili Campos.<\/p>\n<p><a href=\"https:\/\/l21.mx\/wp-content\/uploads\/2023\/11\/WhatsApp-Image-2023-11-01-at-12.36.43-PM-1.jpeg\" data-rel=\"penci-gallery-image-content\" ><img decoding=\"async\" class=\"alignnone size-medium wp-image-64192\" src=\"https:\/\/l21.mx\/wp-content\/uploads\/2023\/11\/WhatsApp-Image-2023-11-01-at-12.36.43-PM-1-300x200.jpeg\" alt=\"\" width=\"300\" height=\"200\" srcset=\"https:\/\/l21.mx\/wp-content\/uploads\/2023\/11\/WhatsApp-Image-2023-11-01-at-12.36.43-PM-1-300x200.jpeg 300w, https:\/\/l21.mx\/wp-content\/uploads\/2023\/11\/WhatsApp-Image-2023-11-01-at-12.36.43-PM-1-1024x682.jpeg 1024w, https:\/\/l21.mx\/wp-content\/uploads\/2023\/11\/WhatsApp-Image-2023-11-01-at-12.36.43-PM-1-768x512.jpeg 768w, https:\/\/l21.mx\/wp-content\/uploads\/2023\/11\/WhatsApp-Image-2023-11-01-at-12.36.43-PM-1-1200x800.jpeg 1200w, https:\/\/l21.mx\/wp-content\/uploads\/2023\/11\/WhatsApp-Image-2023-11-01-at-12.36.43-PM-1-1170x780.jpeg 1170w, https:\/\/l21.mx\/wp-content\/uploads\/2023\/11\/WhatsApp-Image-2023-11-01-at-12.36.43-PM-1-585x390.jpeg 585w, https:\/\/l21.mx\/wp-content\/uploads\/2023\/11\/WhatsApp-Image-2023-11-01-at-12.36.43-PM-1-263x175.jpeg 263w, https:\/\/l21.mx\/wp-content\/uploads\/2023\/11\/WhatsApp-Image-2023-11-01-at-12.36.43-PM-1.jpeg 1280w\" sizes=\"(max-width: 300px) 100vw, 300px\" \/><\/a><\/p>\n<p>El secretario de Servicios P\u00fablicos Benny Mill\u00e1n enfatiz\u00f3 que despu\u00e9s de a\u00f1os de solicitar el monumento, por fin se hizo realidad gracias al apoyo de la presidenta municipal y destac\u00f3 que este perdurar\u00e1 para las generaciones futuras, esperando que la tradici\u00f3n de honrar a los servidores p\u00fablicos no se pierda, \u201cporque donde est\u00e9n nuestros compa\u00f1eros fallecidos siempre seguir\u00e1n siendo nuestros compa\u00f1eros\u201d.<\/p>\n<p>Adem\u00e1s, Benny Mill\u00e1n mencion\u00f3 el apoyo que el gobierno municipal brinda a los colaboradores, incluyendo facilidades como un comedor, cancha deportiva, uniformes de mejor calidad, equipo y herramientas nuevas, bonos, incremento salarial, caja de ahorro. Todo esto, en reconocimiento a su trabajo. Adem\u00e1s, el secretario anunci\u00f3 a todos los presentes que pr\u00f3ximamente se construir\u00e1 un Domo.<\/p>\n<p><a href=\"https:\/\/l21.mx\/wp-content\/uploads\/2023\/11\/WhatsApp-Image-2023-11-01-at-12.36.42-PM.jpeg\" data-rel=\"penci-gallery-image-content\" ><img decoding=\"async\" class=\"alignnone size-medium wp-image-64194\" src=\"https:\/\/l21.mx\/wp-content\/uploads\/2023\/11\/WhatsApp-Image-2023-11-01-at-12.36.42-PM-300x200.jpeg\" alt=\"\" width=\"300\" height=\"200\" srcset=\"https:\/\/l21.mx\/wp-content\/uploads\/2023\/11\/WhatsApp-Image-2023-11-01-at-12.36.42-PM-300x200.jpeg 300w, https:\/\/l21.mx\/wp-content\/uploads\/2023\/11\/WhatsApp-Image-2023-11-01-at-12.36.42-PM-1024x682.jpeg 1024w, https:\/\/l21.mx\/wp-content\/uploads\/2023\/11\/WhatsApp-Image-2023-11-01-at-12.36.42-PM-768x512.jpeg 768w, https:\/\/l21.mx\/wp-content\/uploads\/2023\/11\/WhatsApp-Image-2023-11-01-at-12.36.42-PM-1200x800.jpeg 1200w, https:\/\/l21.mx\/wp-content\/uploads\/2023\/11\/WhatsApp-Image-2023-11-01-at-12.36.42-PM-1170x780.jpeg 1170w, https:\/\/l21.mx\/wp-content\/uploads\/2023\/11\/WhatsApp-Image-2023-11-01-at-12.36.42-PM-585x390.jpeg 585w, https:\/\/l21.mx\/wp-content\/uploads\/2023\/11\/WhatsApp-Image-2023-11-01-at-12.36.42-PM-263x175.jpeg 263w, https:\/\/l21.mx\/wp-content\/uploads\/2023\/11\/WhatsApp-Image-2023-11-01-at-12.36.42-PM.jpeg 1280w\" sizes=\"(max-width: 300px) 100vw, 300px\" \/><\/a><\/p>\n<p>Al t\u00e9rmino de la develaci\u00f3n, se llev\u00f3 a cabo un minuto de silencio para honrar a las y los colaboradores de servicios p\u00fablicos fallecidos, as\u00ed como para los hermanos y hermanas de Acapulco que perdieron la vida a causa del hurac\u00e1n Otis.<\/p>\n","protected":false},"excerpt":{"rendered":"<p>&nbsp; \u2022 En reconocimiento y para mantener vivo el recuerdo de las y los trabajadores de&hellip;<\/p>\n","protected":false},"author":100,"featured_media":64191,"comment_status":"closed","ping_status":"closed","sticky":false,"template":"","format":"standard","meta":{"_acf_changed":false,"_lmt_disableupdate":"","_lmt_disable":"","_mbp_gutenberg_autopost":false,"footnotes":""},"categories":[1654],"tags":[],"class_list":["post-64182","post","type-post","status-publish","format-standard","has-post-thumbnail","hentry","category-solidaridad"],"acf":[],"_links":{"self":[{"href":"https:\/\/l21.mx\/index.php?rest_route=\/wp\/v2\/posts\/64182","targetHints":{"allow":["GET"]}}],"collection":[{"href":"https:\/\/l21.mx\/index.php?rest_route=\/wp\/v2\/posts"}],"about":[{"href":"https:\/\/l21.mx\/index.php?rest_route=\/wp\/v2\/types\/post"}],"author":[{"embeddable":true,"href":"https:\/\/l21.mx\/index.php?rest_route=\/wp\/v2\/users\/100"}],"replies":[{"embeddable":true,"href":"https:\/\/l21.mx\/index.php?rest_route=%2Fwp%2Fv2%2Fcomments&post=64182"}],"version-history":[{"count":0,"href":"https:\/\/l21.mx\/index.php?rest_route=\/wp\/v2\/posts\/64182\/revisions"}],"wp:featuredmedia":[{"embeddable":true,"href":"https:\/\/l21.mx\/index.php?rest_route=\/wp\/v2\/media\/64191"}],"wp:attachment":[{"href":"https:\/\/l21.mx\/index.php?rest_route=%2Fwp%2Fv2%2Fmedia&parent=64182"}],"wp:term":[{"taxonomy":"category","embeddable":true,"href":"https:\/\/l21.mx\/index.php?rest_route=%2Fwp%2Fv2%2Fcategories&post=64182"},{"taxonomy":"post_tag","embeddable":true,"href":"https:\/\/l21.mx\/index.php?rest_route=%2Fwp%2Fv2%2Ftags&post=64182"}],"curies":[{"name":"wp","href":"https:\/\/api.w.org\/{rel}","templated":true}]}}