{"id":64236,"date":"2023-11-01T15:19:58","date_gmt":"2023-11-01T20:19:58","guid":{"rendered":"https:\/\/l21.mx\/?p=64236"},"modified":"2023-11-01T15:19:58","modified_gmt":"2023-11-01T20:19:58","slug":"quintana-roo-se-suma-al-pacto-para-la-descarbonizacion-del-transporte","status":"publish","type":"post","link":"https:\/\/l21.mx\/?p=64236","title":{"rendered":"Quintana Roo se suma al Pacto para la Descarbonizaci\u00f3n del Transporte"},"content":{"rendered":"<p>&nbsp;<\/p>\n<p>&#8211; A trav\u00e9s de la SEMA firma con Yucat\u00e1n y Campeche, acuerdo para abordar los desaf\u00edos del cambio clim\u00e1tico<\/p>\n<p><a href=\"https:\/\/l21.mx\/wp-content\/uploads\/2023\/11\/WhatsApp-Image-2023-11-01-at-1.50.25-PM.jpeg\" data-rel=\"penci-gallery-image-content\" ><img fetchpriority=\"high\" decoding=\"async\" class=\"alignnone size-medium wp-image-64238\" src=\"https:\/\/l21.mx\/wp-content\/uploads\/2023\/11\/WhatsApp-Image-2023-11-01-at-1.50.25-PM-300x225.jpeg\" alt=\"\" width=\"300\" height=\"225\" srcset=\"https:\/\/l21.mx\/wp-content\/uploads\/2023\/11\/WhatsApp-Image-2023-11-01-at-1.50.25-PM-300x225.jpeg 300w, https:\/\/l21.mx\/wp-content\/uploads\/2023\/11\/WhatsApp-Image-2023-11-01-at-1.50.25-PM-1024x768.jpeg 1024w, https:\/\/l21.mx\/wp-content\/uploads\/2023\/11\/WhatsApp-Image-2023-11-01-at-1.50.25-PM-768x576.jpeg 768w, https:\/\/l21.mx\/wp-content\/uploads\/2023\/11\/WhatsApp-Image-2023-11-01-at-1.50.25-PM-1536x1152.jpeg 1536w, https:\/\/l21.mx\/wp-content\/uploads\/2023\/11\/WhatsApp-Image-2023-11-01-at-1.50.25-PM-1200x900.jpeg 1200w, https:\/\/l21.mx\/wp-content\/uploads\/2023\/11\/WhatsApp-Image-2023-11-01-at-1.50.25-PM-1170x878.jpeg 1170w, https:\/\/l21.mx\/wp-content\/uploads\/2023\/11\/WhatsApp-Image-2023-11-01-at-1.50.25-PM-585x439.jpeg 585w, https:\/\/l21.mx\/wp-content\/uploads\/2023\/11\/WhatsApp-Image-2023-11-01-at-1.50.25-PM.jpeg 1600w\" sizes=\"(max-width: 300px) 100vw, 300px\" \/><\/a><\/p>\n<p>M\u00e9rida, Yucat\u00e1n.\u2013 El Gobierno del Estado, a trav\u00e9s de la Secretar\u00eda de Ecolog\u00eda y Medio Ambiente (SEMA), firm\u00f3 con Yucat\u00e1n y Campeche, el Pacto para la Descarbonizaci\u00f3n del Transporte con el objetivo de desarrollar y avanzar en la ejecuci\u00f3n de una Estrategia de Largo Plazo Regional y lograr cero emisiones netas de carbono a mediados de este siglo.<\/p>\n<p>Como parte del Nuevo Acuerdo por el Bienestar y Desarrollo de Quintana Roo que promueve la gobernadora Mara Lezama Espinosa, representantes de distintos \u00f3rdenes de gobierno, empresas, organizaciones de la sociedad civil y universidades, trabajan con un prop\u00f3sito compartido: Fomentar estrategias, pol\u00edticas y proyectos orientados a neutralizar las emisiones derivadas del transporte en la Pen\u00ednsula de Yucat\u00e1n.<\/p>\n<p>La secretaria de Ecolog\u00eda y Medio Ambiente, Huguette Hern\u00e1ndez dijo que: \u201cEl mundo necesita reducir las emisiones de carbono a cero para 2050, para reducir los peores efectos de un clima cambiante; lograr este potencial requerir\u00e1 un cambio transformador, exigiendo acciones en todos los sectores, a trav\u00e9s de pol\u00edticas y legislaciones de amplio alcance con la participaci\u00f3n del sector p\u00fablico, privado y la sociedad civil\u201d.<\/p>\n<p>Recalc\u00f3 que se ha establecido un marco de colaboraci\u00f3n institucional, con la finalidad de llevar a cabo la implementaci\u00f3n de pol\u00edticas p\u00fablicas relacionadas con el cambio clim\u00e1tico.<\/p>\n<p>Este esfuerzo se ha realizado con la Comisi\u00f3n Regional de Cambio Clim\u00e1tico como ente rector y los avances brindan la oportunidad para el fortalecimiento de estrategias regionales enfocadas en la descarbonizaci\u00f3n del transporte y con la capacidad de ejercer un impacto significativo en la lucha contra el cambio clim\u00e1tico.<\/p>\n<p>Para la implementaci\u00f3n de las acciones que conduzcan al cumplimiento del objetivo del Pacto y sus compromisos, se contar\u00e1 con el acompa\u00f1amiento t\u00e9cnico del<br \/>\nLaboratorio Urbano de la Universidad Modelo, y del Instituto de Recursos Mundiales M\u00e9xico (WRI M\u00e9xico).<\/p>\n<p>La titular de la SEMA, dijo que a trav\u00e9s de este Pacto, se busca unir esfuerzos, compartir conocimientos y trabajar de manera coordinada para lograr una descarbonizaci\u00f3n efectiva del sector de transporte en la Pen\u00ednsula de Yucat\u00e1n; as\u00ed como contribuir a la mitigaci\u00f3n del cambio clim\u00e1tico, mejorar la calidad del aire que respiramos y promover una movilidad m\u00e1s justa y equitativa para todos los habitantes de nuestra regi\u00f3n.<\/p>\n","protected":false},"excerpt":{"rendered":"<p>&nbsp; &#8211; A trav\u00e9s de la SEMA firma con Yucat\u00e1n y Campeche, acuerdo para abordar los&hellip;<\/p>\n","protected":false},"author":100,"featured_media":64237,"comment_status":"closed","ping_status":"closed","sticky":false,"template":"","format":"standard","meta":{"_acf_changed":false,"_lmt_disableupdate":"","_lmt_disable":"","_mbp_gutenberg_autopost":false,"footnotes":""},"categories":[23,1656],"tags":[],"class_list":["post-64236","post","type-post","status-publish","format-standard","has-post-thumbnail","hentry","category-noticias","category-quintana-roo"],"acf":[],"_links":{"self":[{"href":"https:\/\/l21.mx\/index.php?rest_route=\/wp\/v2\/posts\/64236","targetHints":{"allow":["GET"]}}],"collection":[{"href":"https:\/\/l21.mx\/index.php?rest_route=\/wp\/v2\/posts"}],"about":[{"href":"https:\/\/l21.mx\/index.php?rest_route=\/wp\/v2\/types\/post"}],"author":[{"embeddable":true,"href":"https:\/\/l21.mx\/index.php?rest_route=\/wp\/v2\/users\/100"}],"replies":[{"embeddable":true,"href":"https:\/\/l21.mx\/index.php?rest_route=%2Fwp%2Fv2%2Fcomments&post=64236"}],"version-history":[{"count":0,"href":"https:\/\/l21.mx\/index.php?rest_route=\/wp\/v2\/posts\/64236\/revisions"}],"wp:featuredmedia":[{"embeddable":true,"href":"https:\/\/l21.mx\/index.php?rest_route=\/wp\/v2\/media\/64237"}],"wp:attachment":[{"href":"https:\/\/l21.mx\/index.php?rest_route=%2Fwp%2Fv2%2Fmedia&parent=64236"}],"wp:term":[{"taxonomy":"category","embeddable":true,"href":"https:\/\/l21.mx\/index.php?rest_route=%2Fwp%2Fv2%2Fcategories&post=64236"},{"taxonomy":"post_tag","embeddable":true,"href":"https:\/\/l21.mx\/index.php?rest_route=%2Fwp%2Fv2%2Ftags&post=64236"}],"curies":[{"name":"wp","href":"https:\/\/api.w.org\/{rel}","templated":true}]}}