{"id":64338,"date":"2023-11-01T16:22:41","date_gmt":"2023-11-01T21:22:41","guid":{"rendered":"https:\/\/l21.mx\/?p=64338"},"modified":"2023-11-01T16:22:41","modified_gmt":"2023-11-01T21:22:41","slug":"nos-esta-llevando-la-chingada","status":"publish","type":"post","link":"https:\/\/l21.mx\/?p=64338","title":{"rendered":"Nos est\u00e1 llevando\u00a0la chingada"},"content":{"rendered":"<ul>\n<li><b>En l\u00ednea directa<\/b><\/li>\n<li><b>Arturo Medina Galindo<\/b><\/li>\n<li>Periodista, Director NITU.mx \u2022 arturo@nitu.mx<\/li>\n<li>Twitter @Arturo_Medina_G<\/li>\n<\/ul>\n<p>&nbsp;<\/p>\n<p><b>A<\/b>unque parece una historia m\u00e1s de todo lo que hemos visto y le\u00eddo sobre la tragedia en Acapulco, en realidad voy a hablar de Quintana Roo; las expresiones de muchos de los habitantes del puerto guerrerense fueron de desesperaci\u00f3n, por hambre y sed, por tener un familiar enfermo sin acceso a medicinas y en todos los casos la peor parte de nosotros mismos nos dej\u00f3 en esa situaci\u00f3n, la rapi\u00f1a y el robo, en esas circunstancias, en la noche despu\u00e9s del golpe, \u00bfqui\u00e9n pod\u00eda ayudar en ese momento? El problema es que despu\u00e9s, incluso teniendo dinero no puedes comprar nada porque no hay en d\u00f3nde.<\/p>\n<p>Como dije, voy a hablar de Quintana Roo, y es que ver a este Acapulco destruido, pero principalmente desconcertado, como cuando te cae una piedra y no sabes qui\u00e9n la avent\u00f3 y volteas para todos lados, me hace reflexionar en c\u00f3mo se manejan las situaciones de emergencia en nuestro estado y c\u00f3mo se reacciona ante la presencia de meteoros.<\/p>\n<p>Aqu\u00ed hay alertas por colores, cada hotel tiene la obligaci\u00f3n de tener un refugio listo para sus turistas, hay programas de evacuaci\u00f3n de la zona tur\u00edstica, lugares donde se instalar\u00e1n los refugios, gobernantes que eso s\u00ed, debo reconocer, han estado al pie del ca\u00f1\u00f3n cuando se acercan los ciclones o nos amenazan, pero tambi\u00e9n una poblaci\u00f3n que est\u00e1 siempre pendiente y que quiz\u00e1 luego de Wilma sabemos qu\u00e9 hacer y qu\u00e9 precauciones tomar.<\/p>\n<p>Hoy debo reconocer que la sociedad cancunense lo \u00fanico que lament\u00f3 fue la rapi\u00f1a; al d\u00eda siguiente del paso del meteoro, hab\u00eda desfile de trabajadores buscando llegar a su hotel para empezar a trabajar y tratar de tener su centro de trabajo listo para reabrir lo m\u00e1s pronto posible; los que se quedaban en casa empezaron con la labor limpieza, en pocos d\u00edas hab\u00eda poco que recoger en las calles, ya sin basura hubo que empezar la reconstrucci\u00f3n. <span class=\"Apple-converted-space\">\u00a0 <\/span>Como reflexi\u00f3n, simplemente recordar que los ciclones no tienen palabra de honor, y que hay que prepararnos para lo peor, y esperar lo mejor.<span class=\"Apple-converted-space\">\u00a0<\/span><\/p>\n<p>\u00bfCu\u00e1l es su problema?<\/p>\n<p>Quintana Roo representa al menos la tercera parte de la generaci\u00f3n de turismo en nuestro pa\u00eds; tambi\u00e9n la tercera parte de la derrama econ\u00f3mica, si no es que m\u00e1s. Entonces uno se pregunta \u00bfpor qu\u00e9 el secretario de Turismo de M\u00e9xico, <b>Miguel Torruco<\/b> no tiene una atenci\u00f3n con este estado, con este gran destino tur\u00edstico que es el Caribe Mexicano?<\/p>\n<p>En la reflexi\u00f3n no s\u00e9 qu\u00e9 tan importante sea para el \u00e9xito o no del evento; de hecho, creo que es lo de menos que venga o no, pero en la cuesti\u00f3n pol\u00edtica es un mensaje sin duda, vino al primero que le toc\u00f3 siendo secretario, despu\u00e9s nada.<span class=\"Apple-converted-space\">\u00a0<\/span><\/p>\n<p>Uno podr\u00eda pensar que no tiene una buena relaci\u00f3n con los empresarios, pero me parece que su relaci\u00f3n es bastante buena, incluso le han acompa\u00f1ado a sus \u201ctoca puertas\u201d, estas giras que organiza en Estados Unidos con gente de turismo para promocionar M\u00e9xico. Hoy no analizo si es buena o mala la estrategia, porque adem\u00e1s no puede hacer mucho con el casi nulo presupuesto que le dejan operar, pero lo que s\u00ed s\u00e9, es que los empresarios de la Asociaci\u00f3n de Hoteles, anfitriones del Travel Mart siempre est\u00e1n ah\u00ed, antes Roberto Cintr\u00f3n, hoy Jes\u00fas Almaguer, le hacen los honores y corresponden su invitaci\u00f3n, entonces, \u00bfcu\u00e1l es su problema? \u00bfHay algo m\u00e1s de fondo, algo que no puede hacer a un lado, y que no sea su enojo con Quintana Roo sino con alguien en el estado? Quiz\u00e1 vaya por ah\u00ed, pero creo que al nivel de una secretar\u00eda las cuestiones personales no deber\u00edan dictar tu actuar, aunque me parece que en estos d\u00edas por all\u00e1 en la capital del pa\u00eds est\u00e1 de moda.<span class=\"Apple-converted-space\">\u00a0<\/span><\/p>\n","protected":false},"excerpt":{"rendered":"<p>En l\u00ednea directa Arturo Medina Galindo Periodista, Director NITU.mx \u2022 arturo@nitu.mx Twitter @Arturo_Medina_G &nbsp; Aunque parece&hellip;<\/p>\n","protected":false},"author":95,"featured_media":49547,"comment_status":"closed","ping_status":"closed","sticky":false,"template":"","format":"standard","meta":{"_acf_changed":false,"_lmt_disableupdate":"","_lmt_disable":"","_mbp_gutenberg_autopost":false,"footnotes":""},"categories":[28],"tags":[],"class_list":["post-64338","post","type-post","status-publish","format-standard","has-post-thumbnail","hentry","category-arturo-medina"],"acf":[],"yoast_head":"<!-- This site is optimized with the Yoast SEO plugin v27.3 - https:\/\/yoast.com\/product\/yoast-seo-wordpress\/ -->\n<title>Nos est\u00e1 llevando\u00a0la chingada | Revista Latitud 21<\/title>\n<meta name=\"description\" content=\"L21, Emprendedores y Negocios en el Caribe Mexicano, es la revista l\u00edder entre el Sector Empresarial y Tur\u00edstico del Caribe Mexicano.\" \/>\n<meta name=\"robots\" content=\"index, follow, max-snippet:-1, max-image-preview:large, max-video-preview:-1\" \/>\n<link rel=\"canonical\" href=\"https:\/\/l21.mx\/?p=64338\" \/>\n<meta name=\"twitter:card\" content=\"summary_large_image\" \/>\n<meta name=\"twitter:title\" content=\"Nos est\u00e1 llevando\u00a0la chingada | Revista Latitud 21\" \/>\n<meta name=\"twitter:description\" content=\"L21, Emprendedores y Negocios en el Caribe Mexicano, es la revista l\u00edder entre el Sector Empresarial y Tur\u00edstico del Caribe Mexicano.\" \/>\n<meta name=\"twitter:image\" content=\"https:\/\/l21.mx\/wp-content\/uploads\/2021\/04\/arturo-medina-en-linea-directa.jpg\" \/>\n<meta name=\"twitter:creator\" content=\"@Latitud21mx\" \/>\n<meta name=\"twitter:site\" content=\"@Latitud21mx\" \/>\n<meta name=\"twitter:label1\" content=\"Escrito por\" \/>\n\t<meta name=\"twitter:data1\" content=\"ahernandez@latitud21.com.mx\" \/>\n\t<meta name=\"twitter:label2\" content=\"Tiempo de lectura\" \/>\n\t<meta name=\"twitter:data2\" content=\"3 minutos\" \/>\n<script type=\"application\/ld+json\" class=\"yoast-schema-graph\">{\"@context\":\"https:\\\/\\\/schema.org\",\"@graph\":[{\"@type\":\"Article\",\"@id\":\"https:\\\/\\\/l21.mx\\\/?p=64338#article\",\"isPartOf\":{\"@id\":\"https:\\\/\\\/l21.mx\\\/?p=64338\"},\"author\":{\"name\":\"ahernandez@latitud21.com.mx\",\"@id\":\"https:\\\/\\\/l21.mx\\\/#\\\/schema\\\/person\\\/b3cb342bb947a88e1fc27e05770479da\"},\"headline\":\"Nos est\u00e1 llevando\u00a0la chingada\",\"datePublished\":\"2023-11-01T21:22:41+00:00\",\"mainEntityOfPage\":{\"@id\":\"https:\\\/\\\/l21.mx\\\/?p=64338\"},\"wordCount\":706,\"publisher\":{\"@id\":\"https:\\\/\\\/l21.mx\\\/#organization\"},\"image\":{\"@id\":\"https:\\\/\\\/l21.mx\\\/?p=64338#primaryimage\"},\"thumbnailUrl\":\"https:\\\/\\\/l21.mx\\\/wp-content\\\/uploads\\\/2021\\\/04\\\/arturo-medina-en-linea-directa.jpg\",\"articleSection\":[\"Arturo Medina\"],\"inLanguage\":\"es\"},{\"@type\":\"WebPage\",\"@id\":\"https:\\\/\\\/l21.mx\\\/?p=64338\",\"url\":\"https:\\\/\\\/l21.mx\\\/?p=64338\",\"name\":\"Nos est\u00e1 llevando\u00a0la chingada | Revista Latitud 21\",\"isPartOf\":{\"@id\":\"https:\\\/\\\/l21.mx\\\/#website\"},\"primaryImageOfPage\":{\"@id\":\"https:\\\/\\\/l21.mx\\\/?p=64338#primaryimage\"},\"image\":{\"@id\":\"https:\\\/\\\/l21.mx\\\/?p=64338#primaryimage\"},\"thumbnailUrl\":\"https:\\\/\\\/l21.mx\\\/wp-content\\\/uploads\\\/2021\\\/04\\\/arturo-medina-en-linea-directa.jpg\",\"datePublished\":\"2023-11-01T21:22:41+00:00\",\"description\":\"L21, Emprendedores y Negocios en el Caribe Mexicano, es la revista l\u00edder entre el Sector Empresarial y Tur\u00edstico del Caribe Mexicano.\",\"breadcrumb\":{\"@id\":\"https:\\\/\\\/l21.mx\\\/?p=64338#breadcrumb\"},\"inLanguage\":\"es\",\"potentialAction\":[{\"@type\":\"ReadAction\",\"target\":[\"https:\\\/\\\/l21.mx\\\/?p=64338\"]}]},{\"@type\":\"ImageObject\",\"inLanguage\":\"es\",\"@id\":\"https:\\\/\\\/l21.mx\\\/?p=64338#primaryimage\",\"url\":\"https:\\\/\\\/l21.mx\\\/wp-content\\\/uploads\\\/2021\\\/04\\\/arturo-medina-en-linea-directa.jpg\",\"contentUrl\":\"https:\\\/\\\/l21.mx\\\/wp-content\\\/uploads\\\/2021\\\/04\\\/arturo-medina-en-linea-directa.jpg\",\"width\":\"900\",\"height\":\"599\"},{\"@type\":\"BreadcrumbList\",\"@id\":\"https:\\\/\\\/l21.mx\\\/?p=64338#breadcrumb\",\"itemListElement\":[{\"@type\":\"ListItem\",\"position\":1,\"name\":\"Portada\",\"item\":\"https:\\\/\\\/l21.mx\\\/\"},{\"@type\":\"ListItem\",\"position\":2,\"name\":\"Nos est\u00e1 llevando\u00a0la chingada\"}]},{\"@type\":\"WebSite\",\"@id\":\"https:\\\/\\\/l21.mx\\\/#website\",\"url\":\"https:\\\/\\\/l21.mx\\\/\",\"name\":\"Revista Latitud 21\",\"description\":\"Emprendedores  y negocios en el Caribe Mexicano\",\"publisher\":{\"@id\":\"https:\\\/\\\/l21.mx\\\/#organization\"},\"potentialAction\":[{\"@type\":\"SearchAction\",\"target\":{\"@type\":\"EntryPoint\",\"urlTemplate\":\"https:\\\/\\\/l21.mx\\\/?s={search_term_string}\"},\"query-input\":{\"@type\":\"PropertyValueSpecification\",\"valueRequired\":true,\"valueName\":\"search_term_string\"}}],\"inLanguage\":\"es\"},{\"@type\":\"Organization\",\"@id\":\"https:\\\/\\\/l21.mx\\\/#organization\",\"name\":\"Grupo Editorial Latitud 21 SA de CV\",\"url\":\"https:\\\/\\\/l21.mx\\\/\",\"logo\":{\"@type\":\"ImageObject\",\"inLanguage\":\"es\",\"@id\":\"https:\\\/\\\/l21.mx\\\/#\\\/schema\\\/logo\\\/image\\\/\",\"url\":\"https:\\\/\\\/l21.mx\\\/wp-content\\\/uploads\\\/2020\\\/10\\\/logo-l21-baja.jpg\",\"contentUrl\":\"https:\\\/\\\/l21.mx\\\/wp-content\\\/uploads\\\/2020\\\/10\\\/logo-l21-baja.jpg\",\"width\":250,\"height\":250,\"caption\":\"Grupo Editorial Latitud 21 SA de CV\"},\"image\":{\"@id\":\"https:\\\/\\\/l21.mx\\\/#\\\/schema\\\/logo\\\/image\\\/\"},\"sameAs\":[\"https:\\\/\\\/www.facebook.com\\\/RevistaLatitud21\\\/\",\"https:\\\/\\\/x.com\\\/Latitud21mx\"]},{\"@type\":\"Person\",\"@id\":\"https:\\\/\\\/l21.mx\\\/#\\\/schema\\\/person\\\/b3cb342bb947a88e1fc27e05770479da\",\"name\":\"ahernandez@latitud21.com.mx\",\"url\":\"https:\\\/\\\/l21.mx\\\/?author=95\"}]}<\/script>\n<!-- \/ Yoast SEO plugin. -->","yoast_head_json":{"title":"Nos est\u00e1 llevando\u00a0la chingada | Revista Latitud 21","description":"L21, Emprendedores y Negocios en el Caribe Mexicano, es la revista l\u00edder entre el Sector Empresarial y Tur\u00edstico del Caribe Mexicano.","robots":{"index":"index","follow":"follow","max-snippet":"max-snippet:-1","max-image-preview":"max-image-preview:large","max-video-preview":"max-video-preview:-1"},"canonical":"https:\/\/l21.mx\/?p=64338","twitter_card":"summary_large_image","twitter_title":"Nos est\u00e1 llevando\u00a0la chingada | Revista Latitud 21","twitter_description":"L21, Emprendedores y Negocios en el Caribe Mexicano, es la revista l\u00edder entre el Sector Empresarial y Tur\u00edstico del Caribe Mexicano.","twitter_image":"https:\/\/l21.mx\/wp-content\/uploads\/2021\/04\/arturo-medina-en-linea-directa.jpg","twitter_creator":"@Latitud21mx","twitter_site":"@Latitud21mx","twitter_misc":{"Escrito por":"ahernandez@latitud21.com.mx","Tiempo de lectura":"3 minutos"},"schema":{"@context":"https:\/\/schema.org","@graph":[{"@type":"Article","@id":"https:\/\/l21.mx\/?p=64338#article","isPartOf":{"@id":"https:\/\/l21.mx\/?p=64338"},"author":{"name":"ahernandez@latitud21.com.mx","@id":"https:\/\/l21.mx\/#\/schema\/person\/b3cb342bb947a88e1fc27e05770479da"},"headline":"Nos est\u00e1 llevando\u00a0la chingada","datePublished":"2023-11-01T21:22:41+00:00","mainEntityOfPage":{"@id":"https:\/\/l21.mx\/?p=64338"},"wordCount":706,"publisher":{"@id":"https:\/\/l21.mx\/#organization"},"image":{"@id":"https:\/\/l21.mx\/?p=64338#primaryimage"},"thumbnailUrl":"https:\/\/l21.mx\/wp-content\/uploads\/2021\/04\/arturo-medina-en-linea-directa.jpg","articleSection":["Arturo Medina"],"inLanguage":"es"},{"@type":"WebPage","@id":"https:\/\/l21.mx\/?p=64338","url":"https:\/\/l21.mx\/?p=64338","name":"Nos est\u00e1 llevando\u00a0la chingada | Revista Latitud 21","isPartOf":{"@id":"https:\/\/l21.mx\/#website"},"primaryImageOfPage":{"@id":"https:\/\/l21.mx\/?p=64338#primaryimage"},"image":{"@id":"https:\/\/l21.mx\/?p=64338#primaryimage"},"thumbnailUrl":"https:\/\/l21.mx\/wp-content\/uploads\/2021\/04\/arturo-medina-en-linea-directa.jpg","datePublished":"2023-11-01T21:22:41+00:00","description":"L21, Emprendedores y Negocios en el Caribe Mexicano, es la revista l\u00edder entre el Sector Empresarial y Tur\u00edstico del Caribe Mexicano.","breadcrumb":{"@id":"https:\/\/l21.mx\/?p=64338#breadcrumb"},"inLanguage":"es","potentialAction":[{"@type":"ReadAction","target":["https:\/\/l21.mx\/?p=64338"]}]},{"@type":"ImageObject","inLanguage":"es","@id":"https:\/\/l21.mx\/?p=64338#primaryimage","url":"https:\/\/l21.mx\/wp-content\/uploads\/2021\/04\/arturo-medina-en-linea-directa.jpg","contentUrl":"https:\/\/l21.mx\/wp-content\/uploads\/2021\/04\/arturo-medina-en-linea-directa.jpg","width":"900","height":"599"},{"@type":"BreadcrumbList","@id":"https:\/\/l21.mx\/?p=64338#breadcrumb","itemListElement":[{"@type":"ListItem","position":1,"name":"Portada","item":"https:\/\/l21.mx\/"},{"@type":"ListItem","position":2,"name":"Nos est\u00e1 llevando\u00a0la chingada"}]},{"@type":"WebSite","@id":"https:\/\/l21.mx\/#website","url":"https:\/\/l21.mx\/","name":"Revista Latitud 21","description":"Emprendedores  y negocios en el Caribe Mexicano","publisher":{"@id":"https:\/\/l21.mx\/#organization"},"potentialAction":[{"@type":"SearchAction","target":{"@type":"EntryPoint","urlTemplate":"https:\/\/l21.mx\/?s={search_term_string}"},"query-input":{"@type":"PropertyValueSpecification","valueRequired":true,"valueName":"search_term_string"}}],"inLanguage":"es"},{"@type":"Organization","@id":"https:\/\/l21.mx\/#organization","name":"Grupo Editorial Latitud 21 SA de CV","url":"https:\/\/l21.mx\/","logo":{"@type":"ImageObject","inLanguage":"es","@id":"https:\/\/l21.mx\/#\/schema\/logo\/image\/","url":"https:\/\/l21.mx\/wp-content\/uploads\/2020\/10\/logo-l21-baja.jpg","contentUrl":"https:\/\/l21.mx\/wp-content\/uploads\/2020\/10\/logo-l21-baja.jpg","width":250,"height":250,"caption":"Grupo Editorial Latitud 21 SA de CV"},"image":{"@id":"https:\/\/l21.mx\/#\/schema\/logo\/image\/"},"sameAs":["https:\/\/www.facebook.com\/RevistaLatitud21\/","https:\/\/x.com\/Latitud21mx"]},{"@type":"Person","@id":"https:\/\/l21.mx\/#\/schema\/person\/b3cb342bb947a88e1fc27e05770479da","name":"ahernandez@latitud21.com.mx","url":"https:\/\/l21.mx\/?author=95"}]}},"amp_enabled":true,"_links":{"self":[{"href":"https:\/\/l21.mx\/index.php?rest_route=\/wp\/v2\/posts\/64338","targetHints":{"allow":["GET"]}}],"collection":[{"href":"https:\/\/l21.mx\/index.php?rest_route=\/wp\/v2\/posts"}],"about":[{"href":"https:\/\/l21.mx\/index.php?rest_route=\/wp\/v2\/types\/post"}],"author":[{"embeddable":true,"href":"https:\/\/l21.mx\/index.php?rest_route=\/wp\/v2\/users\/95"}],"replies":[{"embeddable":true,"href":"https:\/\/l21.mx\/index.php?rest_route=%2Fwp%2Fv2%2Fcomments&post=64338"}],"version-history":[{"count":1,"href":"https:\/\/l21.mx\/index.php?rest_route=\/wp\/v2\/posts\/64338\/revisions"}],"predecessor-version":[{"id":64339,"href":"https:\/\/l21.mx\/index.php?rest_route=\/wp\/v2\/posts\/64338\/revisions\/64339"}],"wp:featuredmedia":[{"embeddable":true,"href":"https:\/\/l21.mx\/index.php?rest_route=\/wp\/v2\/media\/49547"}],"wp:attachment":[{"href":"https:\/\/l21.mx\/index.php?rest_route=%2Fwp%2Fv2%2Fmedia&parent=64338"}],"wp:term":[{"taxonomy":"category","embeddable":true,"href":"https:\/\/l21.mx\/index.php?rest_route=%2Fwp%2Fv2%2Fcategories&post=64338"},{"taxonomy":"post_tag","embeddable":true,"href":"https:\/\/l21.mx\/index.php?rest_route=%2Fwp%2Fv2%2Ftags&post=64338"}],"curies":[{"name":"wp","href":"https:\/\/api.w.org\/{rel}","templated":true}]}}