{"id":64350,"date":"2023-11-01T16:29:11","date_gmt":"2023-11-01T21:29:11","guid":{"rendered":"https:\/\/l21.mx\/?p=64350"},"modified":"2023-11-01T16:29:11","modified_gmt":"2023-11-01T21:29:11","slug":"noviembre-22-al-24-cumpre-empresarial","status":"publish","type":"post","link":"https:\/\/l21.mx\/?p=64350","title":{"rendered":"Noviembre 22 al 24 \u2022 Cumpre\u00a0empresarial\u00a0"},"content":{"rendered":"<p>&nbsp;<\/p>\n<p><b>M\u00e9rida ser\u00e1 la sede de la primera Cumbre Empresarial del Comercio y los Servicios Tur\u00edsticos, evento organizado por Concanaco, a la que se espera asistan l\u00edderes del sector terciario del pa\u00eds y donde se incluir\u00e1 un foro al que invitaron a X\u00f3chitl G\u00e1lvez y Claudia Sheinbaum. Este evento se realizar\u00e1 en el Centro Internacional de Congresos, con la asistencia de 250 dirigentes de c\u00e1maras. El tema central, adem\u00e1s de la pasarela pol\u00edtica, ser\u00e1 el comercio digital, por lo que se espera la presencia de ejecutivos de marcas y empresas del sector de las comunicaciones para hablar del desarrollo, crecimiento e impulso que ha tomado el comercio electr\u00f3nico.<\/b><\/p>\n","protected":false},"excerpt":{"rendered":"<p>&nbsp; M\u00e9rida ser\u00e1 la sede de la primera Cumbre Empresarial del Comercio y los Servicios Tur\u00edsticos,&hellip;<\/p>\n","protected":false},"author":95,"featured_media":64357,"comment_status":"closed","ping_status":"closed","sticky":false,"template":"","format":"standard","meta":{"_acf_changed":false,"_lmt_disableupdate":"","_lmt_disable":"","_mbp_gutenberg_autopost":false,"footnotes":""},"categories":[476],"tags":[],"class_list":["post-64350","post","type-post","status-publish","format-standard","has-post-thumbnail","hentry","category-agenda"],"acf":[],"_links":{"self":[{"href":"https:\/\/l21.mx\/index.php?rest_route=\/wp\/v2\/posts\/64350","targetHints":{"allow":["GET"]}}],"collection":[{"href":"https:\/\/l21.mx\/index.php?rest_route=\/wp\/v2\/posts"}],"about":[{"href":"https:\/\/l21.mx\/index.php?rest_route=\/wp\/v2\/types\/post"}],"author":[{"embeddable":true,"href":"https:\/\/l21.mx\/index.php?rest_route=\/wp\/v2\/users\/95"}],"replies":[{"embeddable":true,"href":"https:\/\/l21.mx\/index.php?rest_route=%2Fwp%2Fv2%2Fcomments&post=64350"}],"version-history":[{"count":0,"href":"https:\/\/l21.mx\/index.php?rest_route=\/wp\/v2\/posts\/64350\/revisions"}],"wp:featuredmedia":[{"embeddable":true,"href":"https:\/\/l21.mx\/index.php?rest_route=\/wp\/v2\/media\/64357"}],"wp:attachment":[{"href":"https:\/\/l21.mx\/index.php?rest_route=%2Fwp%2Fv2%2Fmedia&parent=64350"}],"wp:term":[{"taxonomy":"category","embeddable":true,"href":"https:\/\/l21.mx\/index.php?rest_route=%2Fwp%2Fv2%2Fcategories&post=64350"},{"taxonomy":"post_tag","embeddable":true,"href":"https:\/\/l21.mx\/index.php?rest_route=%2Fwp%2Fv2%2Ftags&post=64350"}],"curies":[{"name":"wp","href":"https:\/\/api.w.org\/{rel}","templated":true}]}}