{"id":64373,"date":"2023-11-01T16:31:00","date_gmt":"2023-11-01T21:31:00","guid":{"rendered":"https:\/\/l21.mx\/?p=64373"},"modified":"2023-11-01T16:31:00","modified_gmt":"2023-11-01T21:31:00","slug":"noviembre-16-al-20-festival-sabores-de-yucatan","status":"publish","type":"post","link":"https:\/\/l21.mx\/?p=64373","title":{"rendered":"Noviembre 16 al 20 \u2022 Festival Sabores\u00a0de Yucat\u00e1n"},"content":{"rendered":"<p>&nbsp;<\/p>\n<p><b>Luego de que la primera edici\u00f3n fuera todo un \u00e9xito, regresa este festival para una segunda edici\u00f3n llena de sorpresas para todo tipo de paladares, donde el gran anfitri\u00f3n ser\u00e1 la gastronom\u00eda yucateca, as\u00ed como nuevos eventos que se presentan por primera vez en el estado e incluso en el pa\u00eds. Una de las grandes sorpresas es que dar\u00e1 cobijo a la s\u00e9ptima edici\u00f3n del M\u00e9xico Selection by Concours Mondial de Bruxelles, que por primera vez se llevar\u00e1 a cabo en una entidad que no es productora de vino, pero s\u00ed un gran consumidor.<\/b><\/p>\n<p><b>En esta ocasi\u00f3n contar\u00e1n con un panel de 32 expertos de todo el mundo quienes catar\u00e1n los vinos participantes del 15 al 18 de noviembre, culminando con la premiaci\u00f3n del mejor.<\/b><\/p>\n","protected":false},"excerpt":{"rendered":"<p>&nbsp; Luego de que la primera edici\u00f3n fuera todo un \u00e9xito, regresa este festival para una&hellip;<\/p>\n","protected":false},"author":95,"featured_media":64358,"comment_status":"closed","ping_status":"closed","sticky":false,"template":"","format":"standard","meta":{"_acf_changed":false,"_lmt_disableupdate":"","_lmt_disable":"","_mbp_gutenberg_autopost":false,"footnotes":""},"categories":[476],"tags":[],"class_list":["post-64373","post","type-post","status-publish","format-standard","has-post-thumbnail","hentry","category-agenda"],"acf":[],"_links":{"self":[{"href":"https:\/\/l21.mx\/index.php?rest_route=\/wp\/v2\/posts\/64373","targetHints":{"allow":["GET"]}}],"collection":[{"href":"https:\/\/l21.mx\/index.php?rest_route=\/wp\/v2\/posts"}],"about":[{"href":"https:\/\/l21.mx\/index.php?rest_route=\/wp\/v2\/types\/post"}],"author":[{"embeddable":true,"href":"https:\/\/l21.mx\/index.php?rest_route=\/wp\/v2\/users\/95"}],"replies":[{"embeddable":true,"href":"https:\/\/l21.mx\/index.php?rest_route=%2Fwp%2Fv2%2Fcomments&post=64373"}],"version-history":[{"count":0,"href":"https:\/\/l21.mx\/index.php?rest_route=\/wp\/v2\/posts\/64373\/revisions"}],"wp:featuredmedia":[{"embeddable":true,"href":"https:\/\/l21.mx\/index.php?rest_route=\/wp\/v2\/media\/64358"}],"wp:attachment":[{"href":"https:\/\/l21.mx\/index.php?rest_route=%2Fwp%2Fv2%2Fmedia&parent=64373"}],"wp:term":[{"taxonomy":"category","embeddable":true,"href":"https:\/\/l21.mx\/index.php?rest_route=%2Fwp%2Fv2%2Fcategories&post=64373"},{"taxonomy":"post_tag","embeddable":true,"href":"https:\/\/l21.mx\/index.php?rest_route=%2Fwp%2Fv2%2Ftags&post=64373"}],"curies":[{"name":"wp","href":"https:\/\/api.w.org\/{rel}","templated":true}]}}