{"id":6453,"date":"2014-03-12T13:17:56","date_gmt":"2014-03-12T19:17:56","guid":{"rendered":"http:\/\/innovatori.space\/lat21\/?p=6453"},"modified":"2014-03-12T13:17:56","modified_gmt":"2014-03-12T19:17:56","slug":"tianguis-turistico-2014-potencia-promocion-turistica-del-caribe-mexicano","status":"publish","type":"post","link":"https:\/\/l21.mx\/?p=6453","title":{"rendered":"Tianguis Tur\u00edstico 2014 potencia promoci\u00f3n tur\u00edstica del Caribe Mexicano"},"content":{"rendered":"<p align=\"center\">\u00b7\u00a0\u00a0\u00a0\u00a0\u00a0\u00a0\u00a0\u00a0\u00a0<strong>Laura Fern\u00e1ndez Pi\u00f1a, inform\u00f3 que todos los sectores tur\u00edsticos alistan su mejor cara y servicio para atender a los m\u00e1s de 7500 asistentes al evento\u00a0del 6 al 9 de mayo pr\u00f3ximos<\/strong><\/p>\n<p>\u00b7\u00a0\u00a0\u00a0\u00a0\u00a0\u00a0\u00a0\u00a0\u00a0<strong>La funcionaria confirm\u00f3 que el evento tur\u00edstico m\u00e1s importante de M\u00e9xico ha sido presentado en ferias internacionales, lo que impacta directamente en la promoci\u00f3n de los destinos de Quintana Roo<\/strong><\/p>\n<p><a href=\"http:\/\/l21.mx\/wp-content\/uploads\/2014\/03\/LAURA-FERNANDEZ-3.jpg\" data-rel=\"penci-gallery-image-content\" ><img fetchpriority=\"high\" decoding=\"async\" class=\"alignleft size-medium wp-image-6454\" title=\"LAURA FERNANDEZ (3)\" src=\"http:\/\/l21.mx\/wp-content\/uploads\/2014\/03\/LAURA-FERNANDEZ-3-300x201.jpg\" alt=\"\" width=\"300\" height=\"201\" srcset=\"https:\/\/l21.mx\/wp-content\/uploads\/2014\/03\/LAURA-FERNANDEZ-3-300x201.jpg 300w, https:\/\/l21.mx\/wp-content\/uploads\/2014\/03\/LAURA-FERNANDEZ-3-263x175.jpg 263w, https:\/\/l21.mx\/wp-content\/uploads\/2014\/03\/LAURA-FERNANDEZ-3.jpg 564w\" sizes=\"(max-width: 300px) 100vw, 300px\" \/><\/a>Laura Fern\u00e1ndez Pi\u00f1a, secretar\u00eda estatal de Turismo, inform\u00f3 que de acuerdo a los registros de compradores, vendedores y expositores que participar\u00e1n en la 39 edici\u00f3n del Tianguis Tur\u00edstico de M\u00e9xico 2014, Quintana Roo\u00a0del 6 al 9 de mayo\u00a0pr\u00f3ximos, se estima que el evento tenga una participaci\u00f3n de m\u00e1s de 7,500 asistentes de M\u00e9xico y 50 pa\u00edses.<\/p>\n<p>La funcionaria estatal, inform\u00f3 que esto tendr\u00e1 un impacto directo en la promoci\u00f3n de los destinos del Caribe Mexicano, puesto que un mayor n\u00famero de\u00a0agentes de viajes, transportistas, l\u00edneas a\u00e9reas, prestadores de servicios tur\u00edsticos y operadores de tour, conocer\u00e1n todo lo que Quintana Roo ofrece al turista.<\/p>\n<p>Sin duda, es la oportunidad ideal para poder compartir con el mundo que es Quintana Roo; que adem\u00e1s de nuestros hermosos destinos como lo son Canc\u00fan y la Riviera Maya; contamos con ofertas como Cozumel, Bacalar, Chetumal, Mahahual, Holbox; esos peque\u00f1os destinos que ofrecen productos tur\u00edsticos especializados como el turismo cultural, arqueol\u00f3gico, de aventura o deportivo- enfatiz\u00f3 Fern\u00e1ndez Pi\u00f1a.<\/p>\n<p>La Secretaria de Turismo en el estado, se\u00f1al\u00f3 que para el estado ser\u00e1 la gran oportunidad para contribuir a la consolidaci\u00f3n de la entidad en general en materia tur\u00edstica, lo que generar\u00e1 beneficios para todos los quintanarroenses, al dar cumplimiento al eje Quintana Roo competitivo.<\/p>\n","protected":false},"excerpt":{"rendered":"<p>\u00b7\u00a0\u00a0\u00a0\u00a0\u00a0\u00a0\u00a0\u00a0\u00a0Laura Fern\u00e1ndez Pi\u00f1a, inform\u00f3 que todos los sectores tur\u00edsticos alistan su mejor cara y servicio para&hellip;<\/p>\n","protected":false},"author":2,"featured_media":6457,"comment_status":"open","ping_status":"open","sticky":false,"template":"","format":"standard","meta":{"_acf_changed":false,"_lmt_disableupdate":"","_lmt_disable":"","_mbp_gutenberg_autopost":false,"footnotes":""},"categories":[23,8],"tags":[],"class_list":["post-6453","post","type-post","status-publish","format-standard","has-post-thumbnail","hentry","category-noticias","category-turismo"],"acf":[],"_links":{"self":[{"href":"https:\/\/l21.mx\/index.php?rest_route=\/wp\/v2\/posts\/6453","targetHints":{"allow":["GET"]}}],"collection":[{"href":"https:\/\/l21.mx\/index.php?rest_route=\/wp\/v2\/posts"}],"about":[{"href":"https:\/\/l21.mx\/index.php?rest_route=\/wp\/v2\/types\/post"}],"author":[{"embeddable":true,"href":"https:\/\/l21.mx\/index.php?rest_route=\/wp\/v2\/users\/2"}],"replies":[{"embeddable":true,"href":"https:\/\/l21.mx\/index.php?rest_route=%2Fwp%2Fv2%2Fcomments&post=6453"}],"version-history":[{"count":0,"href":"https:\/\/l21.mx\/index.php?rest_route=\/wp\/v2\/posts\/6453\/revisions"}],"wp:featuredmedia":[{"embeddable":true,"href":"https:\/\/l21.mx\/index.php?rest_route=\/wp\/v2\/media\/6457"}],"wp:attachment":[{"href":"https:\/\/l21.mx\/index.php?rest_route=%2Fwp%2Fv2%2Fmedia&parent=6453"}],"wp:term":[{"taxonomy":"category","embeddable":true,"href":"https:\/\/l21.mx\/index.php?rest_route=%2Fwp%2Fv2%2Fcategories&post=6453"},{"taxonomy":"post_tag","embeddable":true,"href":"https:\/\/l21.mx\/index.php?rest_route=%2Fwp%2Fv2%2Ftags&post=6453"}],"curies":[{"name":"wp","href":"https:\/\/api.w.org\/{rel}","templated":true}]}}