{"id":64629,"date":"2023-11-07T12:54:45","date_gmt":"2023-11-07T17:54:45","guid":{"rendered":"https:\/\/l21.mx\/?p=64629"},"modified":"2023-11-07T12:54:45","modified_gmt":"2023-11-07T17:54:45","slug":"amplia-y-entrega-mara-lezama-aulas-en-cecyte-tulum-para-un-mejor-futuro-a-la-juventud","status":"publish","type":"post","link":"https:\/\/l21.mx\/?p=64629","title":{"rendered":"Ampl\u00eda y entrega Mara Lezama aulas en CECYTE Tulum para un mejor futuro a la juventud"},"content":{"rendered":"<p>&nbsp;<\/p>\n<p>-Con una inversi\u00f3n de m\u00e1s de 5 mdp, entreg\u00f3 aulas did\u00e1cticas en beneficio de futuros profesionistas del estado de Quintana Roo<\/p>\n<p><a href=\"https:\/\/l21.mx\/wp-content\/uploads\/2023\/11\/WhatsApp-Image-2023-11-07-at-8.07.50-AM.jpeg\" data-rel=\"penci-gallery-image-content\" ><img fetchpriority=\"high\" decoding=\"async\" class=\"alignnone size-medium wp-image-64632\" src=\"https:\/\/l21.mx\/wp-content\/uploads\/2023\/11\/WhatsApp-Image-2023-11-07-at-8.07.50-AM-300x200.jpeg\" alt=\"\" width=\"300\" height=\"200\" srcset=\"https:\/\/l21.mx\/wp-content\/uploads\/2023\/11\/WhatsApp-Image-2023-11-07-at-8.07.50-AM-300x200.jpeg 300w, https:\/\/l21.mx\/wp-content\/uploads\/2023\/11\/WhatsApp-Image-2023-11-07-at-8.07.50-AM-1024x682.jpeg 1024w, https:\/\/l21.mx\/wp-content\/uploads\/2023\/11\/WhatsApp-Image-2023-11-07-at-8.07.50-AM-768x512.jpeg 768w, https:\/\/l21.mx\/wp-content\/uploads\/2023\/11\/WhatsApp-Image-2023-11-07-at-8.07.50-AM-1536x1023.jpeg 1536w, https:\/\/l21.mx\/wp-content\/uploads\/2023\/11\/WhatsApp-Image-2023-11-07-at-8.07.50-AM-1200x800.jpeg 1200w, https:\/\/l21.mx\/wp-content\/uploads\/2023\/11\/WhatsApp-Image-2023-11-07-at-8.07.50-AM-1170x780.jpeg 1170w, https:\/\/l21.mx\/wp-content\/uploads\/2023\/11\/WhatsApp-Image-2023-11-07-at-8.07.50-AM-585x390.jpeg 585w, https:\/\/l21.mx\/wp-content\/uploads\/2023\/11\/WhatsApp-Image-2023-11-07-at-8.07.50-AM-263x175.jpeg 263w, https:\/\/l21.mx\/wp-content\/uploads\/2023\/11\/WhatsApp-Image-2023-11-07-at-8.07.50-AM.jpeg 1600w\" sizes=\"(max-width: 300px) 100vw, 300px\" \/><\/a><\/p>\n<p>Tulum.- Con inversi\u00f3n de m\u00e1s de 5 millones 200 mil pesos, la gobernadora Mara Lezama Espinosa inaugur\u00f3 obras de ampliaci\u00f3n en la infraestructura educativa del Colegio de Estudios Cient\u00edficos y Tecnol\u00f3gicos del Estado de Quintana Roo (CECYTE), plantel Tulum, en beneficio de futuros profesionistas y tomadores de decisiones para la transformaci\u00f3n de Quintana Roo.<\/p>\n<p>La Gobernadora de Quintana Roo destac\u00f3 que para este gobierno humanista y progresista, de la transformaci\u00f3n profunda, las aulas no solo son muros y pupitres, sino un espacio en donde la juventud abraza su futuro. \u201cYo veo a hombres y mujeres futuros profesionales en arquitectura, ingenier\u00eda, veterinaria, medicina, presidentas y presidentes municipales, gobernadoras y gobernadores; yo veo talento en esas aulas, y por eso nosotros no \u201cgastamos\u201d, sino invertimos en educaci\u00f3n\u201d explic\u00f3.<\/p>\n<p><a href=\"https:\/\/l21.mx\/wp-content\/uploads\/2023\/11\/WhatsApp-Image-2023-11-07-at-8.07.53-AM.jpeg\" data-rel=\"penci-gallery-image-content\" ><img decoding=\"async\" class=\"alignnone size-medium wp-image-64631\" src=\"https:\/\/l21.mx\/wp-content\/uploads\/2023\/11\/WhatsApp-Image-2023-11-07-at-8.07.53-AM-300x200.jpeg\" alt=\"\" width=\"300\" height=\"200\" srcset=\"https:\/\/l21.mx\/wp-content\/uploads\/2023\/11\/WhatsApp-Image-2023-11-07-at-8.07.53-AM-300x200.jpeg 300w, https:\/\/l21.mx\/wp-content\/uploads\/2023\/11\/WhatsApp-Image-2023-11-07-at-8.07.53-AM-1024x682.jpeg 1024w, https:\/\/l21.mx\/wp-content\/uploads\/2023\/11\/WhatsApp-Image-2023-11-07-at-8.07.53-AM-768x512.jpeg 768w, https:\/\/l21.mx\/wp-content\/uploads\/2023\/11\/WhatsApp-Image-2023-11-07-at-8.07.53-AM-1536x1023.jpeg 1536w, https:\/\/l21.mx\/wp-content\/uploads\/2023\/11\/WhatsApp-Image-2023-11-07-at-8.07.53-AM-1200x800.jpeg 1200w, https:\/\/l21.mx\/wp-content\/uploads\/2023\/11\/WhatsApp-Image-2023-11-07-at-8.07.53-AM-1170x780.jpeg 1170w, https:\/\/l21.mx\/wp-content\/uploads\/2023\/11\/WhatsApp-Image-2023-11-07-at-8.07.53-AM-585x390.jpeg 585w, https:\/\/l21.mx\/wp-content\/uploads\/2023\/11\/WhatsApp-Image-2023-11-07-at-8.07.53-AM-263x175.jpeg 263w, https:\/\/l21.mx\/wp-content\/uploads\/2023\/11\/WhatsApp-Image-2023-11-07-at-8.07.53-AM.jpeg 1600w\" sizes=\"(max-width: 300px) 100vw, 300px\" \/><\/a><\/p>\n<p>Asimismo, destac\u00f3 que en este gobierno se han hecho m\u00e1s obras que en ning\u00fan otro gobierno porque aqu\u00ed se combate la corrupci\u00f3n, y cuando se cierran las grietas por donde se fugaba el dinero del pueblo, se logra hacer m\u00e1s y donde se debe hacer. \u201cEste es el sentido, el esp\u00edritu, el objetivo claro del Nuevo Acuerdo por el Bienestar y Desarrollo de Quintana Roo, de trabajar todos juntos, en unidad, para que nadie se quede fuera ni nadie se quede atr\u00e1s de los beneficios de la prosperidad compartida\u201d a\u00f1adi\u00f3.<\/p>\n<p>Acompa\u00f1ada de la alumna Damaris Estefan\u00eda Olan Garc\u00eda, del presidente del comit\u00e9 de padres de familia Antonio Guichard Hern\u00e1ndez, de la directora del plantel Silvia Isabel Mendoza Garc\u00eda, la gobernadora Mara Lezama recorri\u00f3 las instalaciones con las explicaciones del director del IFEQROO Jos\u00e9 Rafael Lara D\u00edaz. Hubo una demostraci\u00f3n por parte de alumnos de la carrera de alimentos.<\/p>\n<p>Se entregaron tres aulas did\u00e1cticas, escalera de cubo, instalaciones el\u00e9ctricas, sillas y mesas, sillas de paleta, cestos, etc., con la asistencia del secretario de Educaci\u00f3n Carlos Gorocica Moreno y del presidente municipal de Tulum, Diego Casta\u00f1\u00f3n Trejo.<\/p>\n<p>Damaris Estefan\u00eda agradeci\u00f3 la ampliaci\u00f3n y destac\u00f3 que los espacios educativos se convierten en un segundo hogar en tanto que la infraestructura escolar influye en la motivaci\u00f3n. \u201cUn espacio digno incrementa los niveles de seguridad, ayuda a fomentar una comunidad unida. En nombre de esta instituci\u00f3n agradecemos las mejoras, muchas gracias gobernadora Mara Lezama por creer en nosotros, por impulsar nuestro desarrollo profesional. Invertir en la educaci\u00f3n nos traer\u00e1 grandes resultados\u201d cit\u00f3.<\/p>\n<p>La directora Silvia Mendoza Garc\u00eda tambi\u00e9n agradeci\u00f3 el respaldo a la educaci\u00f3n en el CECYTE, pues las aulas representan esencia de transformaci\u00f3n, como el que impulsa este nuevo gobierno humanista y progresista. \u201cEl Nuevo Acuerdo por el Bienestar y Desarrollo de Quintana Roo si funciona y funciona de maravilla\u201d afirm\u00f3.<\/p>\n<p>En este evento, se firmaron los acuerdos solidarios para mejorar la infraestructura educativa y el compromiso ciudadano de mantener en \u00f3ptimas condiciones los espacios, equipamiento y entorno en beneficio de la comunidad estudiantil del CECYTE.<\/p>\n<p>En su contacto directo con las y los j\u00f3venes, la gobernadora Mara Lezama insisti\u00f3, como lo ha hecho con otros alumnos en todo el estado, en que hay que acabar con la violencia de g\u00e9nero, en que a las mujeres se les deje de cosificar o sojuzgar, y hoy tienen la oportunidad de un futuro mejor. Por eso, asegur\u00f3 que su gobierno seguir\u00e1 trabajando 24\/7 para darles m\u00e1s oportunidades, como las becas, para que no abandonen sus estudios.<\/p>\n<p>Adem\u00e1s, pidi\u00f3 alejarse de las actitudes autodestructivas que causan profundo dolor. Los exhort\u00f3 a cuidarse, quererse, amarse, porque solo de esa manera se tendr\u00e1 una mejor sociedad para todas y todos.<\/p>\n","protected":false},"excerpt":{"rendered":"<p>&nbsp; -Con una inversi\u00f3n de m\u00e1s de 5 mdp, entreg\u00f3 aulas did\u00e1cticas en beneficio de futuros&hellip;<\/p>\n","protected":false},"author":100,"featured_media":64630,"comment_status":"closed","ping_status":"closed","sticky":false,"template":"","format":"standard","meta":{"_acf_changed":false,"_lmt_disableupdate":"","_lmt_disable":"","_mbp_gutenberg_autopost":false,"footnotes":""},"categories":[23,1656],"tags":[],"class_list":["post-64629","post","type-post","status-publish","format-standard","has-post-thumbnail","hentry","category-noticias","category-quintana-roo"],"acf":[],"yoast_head":"<!-- This site is optimized with the Yoast SEO plugin v27.3 - https:\/\/yoast.com\/product\/yoast-seo-wordpress\/ -->\n<title>Ampl\u00eda y entrega Mara Lezama aulas en CECYTE Tulum para un mejor futuro a la juventud | Revista Latitud 21<\/title>\n<meta name=\"description\" content=\"L21, Emprendedores y Negocios en el Caribe Mexicano, es la revista l\u00edder entre el Sector Empresarial y Tur\u00edstico del Caribe Mexicano.\" \/>\n<meta name=\"robots\" content=\"index, follow, max-snippet:-1, max-image-preview:large, max-video-preview:-1\" \/>\n<link rel=\"canonical\" href=\"https:\/\/l21.mx\/?p=64629\" \/>\n<meta name=\"twitter:card\" content=\"summary_large_image\" \/>\n<meta name=\"twitter:title\" content=\"Ampl\u00eda y entrega Mara Lezama aulas en CECYTE Tulum para un mejor futuro a la juventud | Revista Latitud 21\" \/>\n<meta name=\"twitter:description\" content=\"L21, Emprendedores y Negocios en el Caribe Mexicano, es la revista l\u00edder entre el Sector Empresarial y Tur\u00edstico del Caribe Mexicano.\" \/>\n<meta name=\"twitter:image\" content=\"https:\/\/l21.mx\/wp-content\/uploads\/2023\/11\/WhatsApp-Image-2023-11-07-at-8.07.52-AM.jpeg\" \/>\n<meta name=\"twitter:creator\" content=\"@Latitud21mx\" \/>\n<meta name=\"twitter:site\" content=\"@Latitud21mx\" \/>\n<meta name=\"twitter:label1\" content=\"Escrito por\" \/>\n\t<meta name=\"twitter:data1\" content=\"NellyG\" \/>\n\t<meta name=\"twitter:label2\" content=\"Tiempo de lectura\" \/>\n\t<meta name=\"twitter:data2\" content=\"3 minutos\" \/>\n<script type=\"application\/ld+json\" class=\"yoast-schema-graph\">{\"@context\":\"https:\\\/\\\/schema.org\",\"@graph\":[{\"@type\":\"Article\",\"@id\":\"https:\\\/\\\/l21.mx\\\/?p=64629#article\",\"isPartOf\":{\"@id\":\"https:\\\/\\\/l21.mx\\\/?p=64629\"},\"author\":{\"name\":\"NellyG\",\"@id\":\"https:\\\/\\\/l21.mx\\\/#\\\/schema\\\/person\\\/cca68595b80b2f6c4c55a8b254bfbb2a\"},\"headline\":\"Ampl\u00eda y entrega Mara Lezama aulas en CECYTE Tulum para un mejor futuro a la juventud\",\"datePublished\":\"2023-11-07T17:54:45+00:00\",\"mainEntityOfPage\":{\"@id\":\"https:\\\/\\\/l21.mx\\\/?p=64629\"},\"wordCount\":656,\"publisher\":{\"@id\":\"https:\\\/\\\/l21.mx\\\/#organization\"},\"image\":{\"@id\":\"https:\\\/\\\/l21.mx\\\/?p=64629#primaryimage\"},\"thumbnailUrl\":\"https:\\\/\\\/l21.mx\\\/wp-content\\\/uploads\\\/2023\\\/11\\\/WhatsApp-Image-2023-11-07-at-8.07.52-AM.jpeg\",\"articleSection\":[\"Noticias\",\"Quintana Roo\"],\"inLanguage\":\"es\"},{\"@type\":\"WebPage\",\"@id\":\"https:\\\/\\\/l21.mx\\\/?p=64629\",\"url\":\"https:\\\/\\\/l21.mx\\\/?p=64629\",\"name\":\"Ampl\u00eda y entrega Mara Lezama aulas en CECYTE Tulum para un mejor futuro a la juventud | Revista Latitud 21\",\"isPartOf\":{\"@id\":\"https:\\\/\\\/l21.mx\\\/#website\"},\"primaryImageOfPage\":{\"@id\":\"https:\\\/\\\/l21.mx\\\/?p=64629#primaryimage\"},\"image\":{\"@id\":\"https:\\\/\\\/l21.mx\\\/?p=64629#primaryimage\"},\"thumbnailUrl\":\"https:\\\/\\\/l21.mx\\\/wp-content\\\/uploads\\\/2023\\\/11\\\/WhatsApp-Image-2023-11-07-at-8.07.52-AM.jpeg\",\"datePublished\":\"2023-11-07T17:54:45+00:00\",\"description\":\"L21, Emprendedores y Negocios en el Caribe Mexicano, es la revista l\u00edder entre el Sector Empresarial y Tur\u00edstico del Caribe Mexicano.\",\"breadcrumb\":{\"@id\":\"https:\\\/\\\/l21.mx\\\/?p=64629#breadcrumb\"},\"inLanguage\":\"es\",\"potentialAction\":[{\"@type\":\"ReadAction\",\"target\":[\"https:\\\/\\\/l21.mx\\\/?p=64629\"]}]},{\"@type\":\"ImageObject\",\"inLanguage\":\"es\",\"@id\":\"https:\\\/\\\/l21.mx\\\/?p=64629#primaryimage\",\"url\":\"https:\\\/\\\/l21.mx\\\/wp-content\\\/uploads\\\/2023\\\/11\\\/WhatsApp-Image-2023-11-07-at-8.07.52-AM.jpeg\",\"contentUrl\":\"https:\\\/\\\/l21.mx\\\/wp-content\\\/uploads\\\/2023\\\/11\\\/WhatsApp-Image-2023-11-07-at-8.07.52-AM.jpeg\",\"width\":1600,\"height\":1066},{\"@type\":\"BreadcrumbList\",\"@id\":\"https:\\\/\\\/l21.mx\\\/?p=64629#breadcrumb\",\"itemListElement\":[{\"@type\":\"ListItem\",\"position\":1,\"name\":\"Portada\",\"item\":\"https:\\\/\\\/l21.mx\\\/\"},{\"@type\":\"ListItem\",\"position\":2,\"name\":\"Ampl\u00eda y entrega Mara Lezama aulas en CECYTE Tulum para un mejor futuro a la juventud\"}]},{\"@type\":\"WebSite\",\"@id\":\"https:\\\/\\\/l21.mx\\\/#website\",\"url\":\"https:\\\/\\\/l21.mx\\\/\",\"name\":\"Revista Latitud 21\",\"description\":\"Emprendedores  y negocios en el Caribe Mexicano\",\"publisher\":{\"@id\":\"https:\\\/\\\/l21.mx\\\/#organization\"},\"potentialAction\":[{\"@type\":\"SearchAction\",\"target\":{\"@type\":\"EntryPoint\",\"urlTemplate\":\"https:\\\/\\\/l21.mx\\\/?s={search_term_string}\"},\"query-input\":{\"@type\":\"PropertyValueSpecification\",\"valueRequired\":true,\"valueName\":\"search_term_string\"}}],\"inLanguage\":\"es\"},{\"@type\":\"Organization\",\"@id\":\"https:\\\/\\\/l21.mx\\\/#organization\",\"name\":\"Grupo Editorial Latitud 21 SA de CV\",\"url\":\"https:\\\/\\\/l21.mx\\\/\",\"logo\":{\"@type\":\"ImageObject\",\"inLanguage\":\"es\",\"@id\":\"https:\\\/\\\/l21.mx\\\/#\\\/schema\\\/logo\\\/image\\\/\",\"url\":\"https:\\\/\\\/l21.mx\\\/wp-content\\\/uploads\\\/2020\\\/10\\\/logo-l21-baja.jpg\",\"contentUrl\":\"https:\\\/\\\/l21.mx\\\/wp-content\\\/uploads\\\/2020\\\/10\\\/logo-l21-baja.jpg\",\"width\":250,\"height\":250,\"caption\":\"Grupo Editorial Latitud 21 SA de CV\"},\"image\":{\"@id\":\"https:\\\/\\\/l21.mx\\\/#\\\/schema\\\/logo\\\/image\\\/\"},\"sameAs\":[\"https:\\\/\\\/www.facebook.com\\\/RevistaLatitud21\\\/\",\"https:\\\/\\\/x.com\\\/Latitud21mx\"]},{\"@type\":\"Person\",\"@id\":\"https:\\\/\\\/l21.mx\\\/#\\\/schema\\\/person\\\/cca68595b80b2f6c4c55a8b254bfbb2a\",\"name\":\"NellyG\",\"url\":\"https:\\\/\\\/l21.mx\\\/?author=100\"}]}<\/script>\n<!-- \/ Yoast SEO plugin. -->","yoast_head_json":{"title":"Ampl\u00eda y entrega Mara Lezama aulas en CECYTE Tulum para un mejor futuro a la juventud | Revista Latitud 21","description":"L21, Emprendedores y Negocios en el Caribe Mexicano, es la revista l\u00edder entre el Sector Empresarial y Tur\u00edstico del Caribe Mexicano.","robots":{"index":"index","follow":"follow","max-snippet":"max-snippet:-1","max-image-preview":"max-image-preview:large","max-video-preview":"max-video-preview:-1"},"canonical":"https:\/\/l21.mx\/?p=64629","twitter_card":"summary_large_image","twitter_title":"Ampl\u00eda y entrega Mara Lezama aulas en CECYTE Tulum para un mejor futuro a la juventud | Revista Latitud 21","twitter_description":"L21, Emprendedores y Negocios en el Caribe Mexicano, es la revista l\u00edder entre el Sector Empresarial y Tur\u00edstico del Caribe Mexicano.","twitter_image":"https:\/\/l21.mx\/wp-content\/uploads\/2023\/11\/WhatsApp-Image-2023-11-07-at-8.07.52-AM.jpeg","twitter_creator":"@Latitud21mx","twitter_site":"@Latitud21mx","twitter_misc":{"Escrito por":"NellyG","Tiempo de lectura":"3 minutos"},"schema":{"@context":"https:\/\/schema.org","@graph":[{"@type":"Article","@id":"https:\/\/l21.mx\/?p=64629#article","isPartOf":{"@id":"https:\/\/l21.mx\/?p=64629"},"author":{"name":"NellyG","@id":"https:\/\/l21.mx\/#\/schema\/person\/cca68595b80b2f6c4c55a8b254bfbb2a"},"headline":"Ampl\u00eda y entrega Mara Lezama aulas en CECYTE Tulum para un mejor futuro a la juventud","datePublished":"2023-11-07T17:54:45+00:00","mainEntityOfPage":{"@id":"https:\/\/l21.mx\/?p=64629"},"wordCount":656,"publisher":{"@id":"https:\/\/l21.mx\/#organization"},"image":{"@id":"https:\/\/l21.mx\/?p=64629#primaryimage"},"thumbnailUrl":"https:\/\/l21.mx\/wp-content\/uploads\/2023\/11\/WhatsApp-Image-2023-11-07-at-8.07.52-AM.jpeg","articleSection":["Noticias","Quintana Roo"],"inLanguage":"es"},{"@type":"WebPage","@id":"https:\/\/l21.mx\/?p=64629","url":"https:\/\/l21.mx\/?p=64629","name":"Ampl\u00eda y entrega Mara Lezama aulas en CECYTE Tulum para un mejor futuro a la juventud | Revista Latitud 21","isPartOf":{"@id":"https:\/\/l21.mx\/#website"},"primaryImageOfPage":{"@id":"https:\/\/l21.mx\/?p=64629#primaryimage"},"image":{"@id":"https:\/\/l21.mx\/?p=64629#primaryimage"},"thumbnailUrl":"https:\/\/l21.mx\/wp-content\/uploads\/2023\/11\/WhatsApp-Image-2023-11-07-at-8.07.52-AM.jpeg","datePublished":"2023-11-07T17:54:45+00:00","description":"L21, Emprendedores y Negocios en el Caribe Mexicano, es la revista l\u00edder entre el Sector Empresarial y Tur\u00edstico del Caribe Mexicano.","breadcrumb":{"@id":"https:\/\/l21.mx\/?p=64629#breadcrumb"},"inLanguage":"es","potentialAction":[{"@type":"ReadAction","target":["https:\/\/l21.mx\/?p=64629"]}]},{"@type":"ImageObject","inLanguage":"es","@id":"https:\/\/l21.mx\/?p=64629#primaryimage","url":"https:\/\/l21.mx\/wp-content\/uploads\/2023\/11\/WhatsApp-Image-2023-11-07-at-8.07.52-AM.jpeg","contentUrl":"https:\/\/l21.mx\/wp-content\/uploads\/2023\/11\/WhatsApp-Image-2023-11-07-at-8.07.52-AM.jpeg","width":1600,"height":1066},{"@type":"BreadcrumbList","@id":"https:\/\/l21.mx\/?p=64629#breadcrumb","itemListElement":[{"@type":"ListItem","position":1,"name":"Portada","item":"https:\/\/l21.mx\/"},{"@type":"ListItem","position":2,"name":"Ampl\u00eda y entrega Mara Lezama aulas en CECYTE Tulum para un mejor futuro a la juventud"}]},{"@type":"WebSite","@id":"https:\/\/l21.mx\/#website","url":"https:\/\/l21.mx\/","name":"Revista Latitud 21","description":"Emprendedores  y negocios en el Caribe Mexicano","publisher":{"@id":"https:\/\/l21.mx\/#organization"},"potentialAction":[{"@type":"SearchAction","target":{"@type":"EntryPoint","urlTemplate":"https:\/\/l21.mx\/?s={search_term_string}"},"query-input":{"@type":"PropertyValueSpecification","valueRequired":true,"valueName":"search_term_string"}}],"inLanguage":"es"},{"@type":"Organization","@id":"https:\/\/l21.mx\/#organization","name":"Grupo Editorial Latitud 21 SA de CV","url":"https:\/\/l21.mx\/","logo":{"@type":"ImageObject","inLanguage":"es","@id":"https:\/\/l21.mx\/#\/schema\/logo\/image\/","url":"https:\/\/l21.mx\/wp-content\/uploads\/2020\/10\/logo-l21-baja.jpg","contentUrl":"https:\/\/l21.mx\/wp-content\/uploads\/2020\/10\/logo-l21-baja.jpg","width":250,"height":250,"caption":"Grupo Editorial Latitud 21 SA de CV"},"image":{"@id":"https:\/\/l21.mx\/#\/schema\/logo\/image\/"},"sameAs":["https:\/\/www.facebook.com\/RevistaLatitud21\/","https:\/\/x.com\/Latitud21mx"]},{"@type":"Person","@id":"https:\/\/l21.mx\/#\/schema\/person\/cca68595b80b2f6c4c55a8b254bfbb2a","name":"NellyG","url":"https:\/\/l21.mx\/?author=100"}]}},"amp_enabled":true,"_links":{"self":[{"href":"https:\/\/l21.mx\/index.php?rest_route=\/wp\/v2\/posts\/64629","targetHints":{"allow":["GET"]}}],"collection":[{"href":"https:\/\/l21.mx\/index.php?rest_route=\/wp\/v2\/posts"}],"about":[{"href":"https:\/\/l21.mx\/index.php?rest_route=\/wp\/v2\/types\/post"}],"author":[{"embeddable":true,"href":"https:\/\/l21.mx\/index.php?rest_route=\/wp\/v2\/users\/100"}],"replies":[{"embeddable":true,"href":"https:\/\/l21.mx\/index.php?rest_route=%2Fwp%2Fv2%2Fcomments&post=64629"}],"version-history":[{"count":1,"href":"https:\/\/l21.mx\/index.php?rest_route=\/wp\/v2\/posts\/64629\/revisions"}],"predecessor-version":[{"id":64633,"href":"https:\/\/l21.mx\/index.php?rest_route=\/wp\/v2\/posts\/64629\/revisions\/64633"}],"wp:featuredmedia":[{"embeddable":true,"href":"https:\/\/l21.mx\/index.php?rest_route=\/wp\/v2\/media\/64630"}],"wp:attachment":[{"href":"https:\/\/l21.mx\/index.php?rest_route=%2Fwp%2Fv2%2Fmedia&parent=64629"}],"wp:term":[{"taxonomy":"category","embeddable":true,"href":"https:\/\/l21.mx\/index.php?rest_route=%2Fwp%2Fv2%2Fcategories&post=64629"},{"taxonomy":"post_tag","embeddable":true,"href":"https:\/\/l21.mx\/index.php?rest_route=%2Fwp%2Fv2%2Ftags&post=64629"}],"curies":[{"name":"wp","href":"https:\/\/api.w.org\/{rel}","templated":true}]}}