{"id":64783,"date":"2023-11-11T21:23:58","date_gmt":"2023-11-12T02:23:58","guid":{"rendered":"https:\/\/l21.mx\/?p=64783"},"modified":"2023-11-11T21:23:58","modified_gmt":"2023-11-12T02:23:58","slug":"lili-campos-respalda-a-la-juventud-de-puerto-aventuras","status":"publish","type":"post","link":"https:\/\/l21.mx\/?p=64783","title":{"rendered":"Lili Campos respalda a la juventud de Puerto Aventuras"},"content":{"rendered":"<p>&nbsp;<\/p>\n<p>La presidenta presenci\u00f3 el curso de maquillaje con tem\u00e1tica de Halloween y D\u00eda de Muertos, en fomento de actividades sanas para los j\u00f3venes de la delegaci\u00f3n<\/p>\n<p><a href=\"https:\/\/l21.mx\/wp-content\/uploads\/2023\/11\/WhatsApp-Image-2023-11-11-at-7.33.03-PM.jpeg\" data-rel=\"penci-gallery-image-content\" ><img fetchpriority=\"high\" decoding=\"async\" class=\"alignnone size-medium wp-image-64786\" src=\"https:\/\/l21.mx\/wp-content\/uploads\/2023\/11\/WhatsApp-Image-2023-11-11-at-7.33.03-PM-300x169.jpeg\" alt=\"\" width=\"300\" height=\"169\" srcset=\"https:\/\/l21.mx\/wp-content\/uploads\/2023\/11\/WhatsApp-Image-2023-11-11-at-7.33.03-PM-300x169.jpeg 300w, https:\/\/l21.mx\/wp-content\/uploads\/2023\/11\/WhatsApp-Image-2023-11-11-at-7.33.03-PM-1024x576.jpeg 1024w, https:\/\/l21.mx\/wp-content\/uploads\/2023\/11\/WhatsApp-Image-2023-11-11-at-7.33.03-PM-768x432.jpeg 768w, https:\/\/l21.mx\/wp-content\/uploads\/2023\/11\/WhatsApp-Image-2023-11-11-at-7.33.03-PM-1536x864.jpeg 1536w, https:\/\/l21.mx\/wp-content\/uploads\/2023\/11\/WhatsApp-Image-2023-11-11-at-7.33.03-PM-1200x675.jpeg 1200w, https:\/\/l21.mx\/wp-content\/uploads\/2023\/11\/WhatsApp-Image-2023-11-11-at-7.33.03-PM-1170x663.jpeg 1170w, https:\/\/l21.mx\/wp-content\/uploads\/2023\/11\/WhatsApp-Image-2023-11-11-at-7.33.03-PM-585x329.jpeg 585w, https:\/\/l21.mx\/wp-content\/uploads\/2023\/11\/WhatsApp-Image-2023-11-11-at-7.33.03-PM.jpeg 1600w\" sizes=\"(max-width: 300px) 100vw, 300px\" \/><\/a><\/p>\n<p>Solidaridad, Puerto Aventuras, 11 de noviembre de 2023 \u2013 El Curso de maquillaje de Halloween y D\u00eda de Muertos, fue un \u00e9xito gracias al impulso y compromiso de la presidenta Lili Campos en colaboraci\u00f3n con el Instituto de la Juventud en beneficio de la juventud de Puerto Aventuras.<\/p>\n<p>M\u00e1s de 30 participantes se reunieron en la biblioteca p\u00fablica \u00c1ngeles Mastretta. Esta experiencia \u00fanica de colores y creatividad, se convirti\u00f3 en un escenario para celebrar unas de las festividades m\u00e1s emblem\u00e1ticas del a\u00f1o.<\/p>\n<p>En palabras de la presidenta Lili Campos: \u00abEs un honor poder promover iniciativas que fomenten la creatividad y la participaci\u00f3n de nuestros j\u00f3venes. Eventos como este refuerzan el esp\u00edritu comunitario, la expresi\u00f3n art\u00edstica y nuestras valiosas tradiciones.\u00bb<\/p>\n<p>Por su parte, Quique Mart\u00ednez, director del Instituto de la Juventud, expres\u00f3: \u00abEste curso ha sido una muestra del talento y la dedicaci\u00f3n de nuestros j\u00f3venes. Estamos comprometidos en seguir ofreciendo plataformas que impulsen su sano desarrollo y promuevan la cultura.\u00bb<\/p>\n<p><a href=\"https:\/\/l21.mx\/wp-content\/uploads\/2023\/11\/WhatsApp-Image-2023-11-11-at-7.33.02-PM.jpeg\" data-rel=\"penci-gallery-image-content\" ><img decoding=\"async\" class=\"alignnone size-medium wp-image-64785\" src=\"https:\/\/l21.mx\/wp-content\/uploads\/2023\/11\/WhatsApp-Image-2023-11-11-at-7.33.02-PM-300x169.jpeg\" alt=\"\" width=\"300\" height=\"169\" srcset=\"https:\/\/l21.mx\/wp-content\/uploads\/2023\/11\/WhatsApp-Image-2023-11-11-at-7.33.02-PM-300x169.jpeg 300w, https:\/\/l21.mx\/wp-content\/uploads\/2023\/11\/WhatsApp-Image-2023-11-11-at-7.33.02-PM-1024x576.jpeg 1024w, https:\/\/l21.mx\/wp-content\/uploads\/2023\/11\/WhatsApp-Image-2023-11-11-at-7.33.02-PM-768x432.jpeg 768w, https:\/\/l21.mx\/wp-content\/uploads\/2023\/11\/WhatsApp-Image-2023-11-11-at-7.33.02-PM-1536x864.jpeg 1536w, https:\/\/l21.mx\/wp-content\/uploads\/2023\/11\/WhatsApp-Image-2023-11-11-at-7.33.02-PM-1200x675.jpeg 1200w, https:\/\/l21.mx\/wp-content\/uploads\/2023\/11\/WhatsApp-Image-2023-11-11-at-7.33.02-PM-1170x663.jpeg 1170w, https:\/\/l21.mx\/wp-content\/uploads\/2023\/11\/WhatsApp-Image-2023-11-11-at-7.33.02-PM-585x329.jpeg 585w, https:\/\/l21.mx\/wp-content\/uploads\/2023\/11\/WhatsApp-Image-2023-11-11-at-7.33.02-PM.jpeg 1600w\" sizes=\"(max-width: 300px) 100vw, 300px\" \/><\/a><\/p>\n<p>El curso se convirti\u00f3 en un espacio en el que la creatividad, la destreza y la pasi\u00f3n se fusionaron, mostrando el potencial y la inventiva de la juventud de Puerto Aventuras.<\/p>\n","protected":false},"excerpt":{"rendered":"<p>&nbsp; La presidenta presenci\u00f3 el curso de maquillaje con tem\u00e1tica de Halloween y D\u00eda de Muertos,&hellip;<\/p>\n","protected":false},"author":100,"featured_media":64784,"comment_status":"closed","ping_status":"closed","sticky":false,"template":"","format":"standard","meta":{"_acf_changed":false,"_lmt_disableupdate":"","_lmt_disable":"","_mbp_gutenberg_autopost":false,"footnotes":""},"categories":[1654],"tags":[],"class_list":["post-64783","post","type-post","status-publish","format-standard","has-post-thumbnail","hentry","category-solidaridad"],"acf":[],"_links":{"self":[{"href":"https:\/\/l21.mx\/index.php?rest_route=\/wp\/v2\/posts\/64783","targetHints":{"allow":["GET"]}}],"collection":[{"href":"https:\/\/l21.mx\/index.php?rest_route=\/wp\/v2\/posts"}],"about":[{"href":"https:\/\/l21.mx\/index.php?rest_route=\/wp\/v2\/types\/post"}],"author":[{"embeddable":true,"href":"https:\/\/l21.mx\/index.php?rest_route=\/wp\/v2\/users\/100"}],"replies":[{"embeddable":true,"href":"https:\/\/l21.mx\/index.php?rest_route=%2Fwp%2Fv2%2Fcomments&post=64783"}],"version-history":[{"count":0,"href":"https:\/\/l21.mx\/index.php?rest_route=\/wp\/v2\/posts\/64783\/revisions"}],"wp:featuredmedia":[{"embeddable":true,"href":"https:\/\/l21.mx\/index.php?rest_route=\/wp\/v2\/media\/64784"}],"wp:attachment":[{"href":"https:\/\/l21.mx\/index.php?rest_route=%2Fwp%2Fv2%2Fmedia&parent=64783"}],"wp:term":[{"taxonomy":"category","embeddable":true,"href":"https:\/\/l21.mx\/index.php?rest_route=%2Fwp%2Fv2%2Fcategories&post=64783"},{"taxonomy":"post_tag","embeddable":true,"href":"https:\/\/l21.mx\/index.php?rest_route=%2Fwp%2Fv2%2Ftags&post=64783"}],"curies":[{"name":"wp","href":"https:\/\/api.w.org\/{rel}","templated":true}]}}