{"id":64797,"date":"2023-11-12T17:14:28","date_gmt":"2023-11-12T22:14:28","guid":{"rendered":"https:\/\/l21.mx\/?p=64797"},"modified":"2023-11-12T17:14:28","modified_gmt":"2023-11-12T22:14:28","slug":"pasitos-con-causa-impulsa-la-convivencia-pet-friendly-y-la-solidaridad-canina","status":"publish","type":"post","link":"https:\/\/l21.mx\/?p=64797","title":{"rendered":"\u201cPasitos con Causa\u201d impulsa la convivencia Pet Friendly y la solidaridad canina"},"content":{"rendered":"<p>&nbsp;<\/p>\n<p>\u2022 M\u00e1s de 100 personas con sus caninos recorrieron la 5\u00aa Avenida realizando actividades diversas, promoviendo la actividad f\u00edsica y la integraci\u00f3n de sus mascotas<\/p>\n<p><a href=\"https:\/\/l21.mx\/wp-content\/uploads\/2023\/11\/WhatsApp-Image-2023-11-12-at-1.22.17-PM.jpeg\" data-rel=\"penci-gallery-image-content\" ><img fetchpriority=\"high\" decoding=\"async\" class=\"alignnone size-medium wp-image-64800\" src=\"https:\/\/l21.mx\/wp-content\/uploads\/2023\/11\/WhatsApp-Image-2023-11-12-at-1.22.17-PM-300x200.jpeg\" alt=\"\" width=\"300\" height=\"200\" srcset=\"https:\/\/l21.mx\/wp-content\/uploads\/2023\/11\/WhatsApp-Image-2023-11-12-at-1.22.17-PM-300x200.jpeg 300w, https:\/\/l21.mx\/wp-content\/uploads\/2023\/11\/WhatsApp-Image-2023-11-12-at-1.22.17-PM-1024x682.jpeg 1024w, https:\/\/l21.mx\/wp-content\/uploads\/2023\/11\/WhatsApp-Image-2023-11-12-at-1.22.17-PM-768x512.jpeg 768w, https:\/\/l21.mx\/wp-content\/uploads\/2023\/11\/WhatsApp-Image-2023-11-12-at-1.22.17-PM-1200x800.jpeg 1200w, https:\/\/l21.mx\/wp-content\/uploads\/2023\/11\/WhatsApp-Image-2023-11-12-at-1.22.17-PM-1170x780.jpeg 1170w, https:\/\/l21.mx\/wp-content\/uploads\/2023\/11\/WhatsApp-Image-2023-11-12-at-1.22.17-PM-585x390.jpeg 585w, https:\/\/l21.mx\/wp-content\/uploads\/2023\/11\/WhatsApp-Image-2023-11-12-at-1.22.17-PM-263x175.jpeg 263w, https:\/\/l21.mx\/wp-content\/uploads\/2023\/11\/WhatsApp-Image-2023-11-12-at-1.22.17-PM.jpeg 1280w\" sizes=\"(max-width: 300px) 100vw, 300px\" \/><\/a><\/p>\n<p>Playa del Carmen, Solidaridad a 12 de noviembre del 2023.- Para fomentar m\u00e1s espacios Pet Friendly, el deporte y el esparcimiento en la Solidaridad, el gobierno municipal dirigido por Lili Campos, a trav\u00e9s del Instituto del Deporte, realiz\u00f3 rodada con mascotas \u201cPasitos con Causa\u201d, evento que reuni\u00f3 a m\u00e1s de 100 personas junto a sus fieles compa\u00f1eros caninos, quienes recorrieron la emblem\u00e1tica 5a Avenida mediante diversas modalidades, como ciclismo, patinaje o simplemente caminando.<\/p>\n<p><a href=\"https:\/\/l21.mx\/wp-content\/uploads\/2023\/11\/WhatsApp-Image-2023-11-12-at-1.22.16-PM.jpeg\" data-rel=\"penci-gallery-image-content\" ><img decoding=\"async\" class=\"alignnone size-medium wp-image-64798\" src=\"https:\/\/l21.mx\/wp-content\/uploads\/2023\/11\/WhatsApp-Image-2023-11-12-at-1.22.16-PM-300x200.jpeg\" alt=\"\" width=\"300\" height=\"200\" srcset=\"https:\/\/l21.mx\/wp-content\/uploads\/2023\/11\/WhatsApp-Image-2023-11-12-at-1.22.16-PM-300x200.jpeg 300w, https:\/\/l21.mx\/wp-content\/uploads\/2023\/11\/WhatsApp-Image-2023-11-12-at-1.22.16-PM-1024x682.jpeg 1024w, https:\/\/l21.mx\/wp-content\/uploads\/2023\/11\/WhatsApp-Image-2023-11-12-at-1.22.16-PM-768x512.jpeg 768w, https:\/\/l21.mx\/wp-content\/uploads\/2023\/11\/WhatsApp-Image-2023-11-12-at-1.22.16-PM-1200x800.jpeg 1200w, https:\/\/l21.mx\/wp-content\/uploads\/2023\/11\/WhatsApp-Image-2023-11-12-at-1.22.16-PM-1170x780.jpeg 1170w, https:\/\/l21.mx\/wp-content\/uploads\/2023\/11\/WhatsApp-Image-2023-11-12-at-1.22.16-PM-585x390.jpeg 585w, https:\/\/l21.mx\/wp-content\/uploads\/2023\/11\/WhatsApp-Image-2023-11-12-at-1.22.16-PM-263x175.jpeg 263w, https:\/\/l21.mx\/wp-content\/uploads\/2023\/11\/WhatsApp-Image-2023-11-12-at-1.22.16-PM.jpeg 1280w\" sizes=\"(max-width: 300px) 100vw, 300px\" \/><\/a><\/p>\n<p>El subdirector del Instituto del Deporte, Javier Alvarado, destac\u00f3 que la rodada con causa no solo busca promover la actividad f\u00edsica y la integraci\u00f3n de las mascotas en la vida diaria, sino que tambi\u00e9n tiene un prop\u00f3sito solidario. Los fondos recaudados, a trav\u00e9s de la adquisici\u00f3n del brazalete con causa, ser\u00e1n destinados a la esterilizaci\u00f3n de m\u00e1s de 100 perros, focaliz\u00e1ndose en \u00e1reas identificadas a trav\u00e9s de un mapa de calor. La ejecuci\u00f3n de estos procedimientos estar\u00e1 a cargo de la asociaci\u00f3n de voluntarios Rescatan-Do.<\/p>\n<p><a href=\"https:\/\/l21.mx\/wp-content\/uploads\/2023\/11\/WhatsApp-Image-2023-11-12-at-1.21.13-PM.jpeg\" data-rel=\"penci-gallery-image-content\" ><img decoding=\"async\" class=\"alignnone size-medium wp-image-64799\" src=\"https:\/\/l21.mx\/wp-content\/uploads\/2023\/11\/WhatsApp-Image-2023-11-12-at-1.21.13-PM-300x200.jpeg\" alt=\"\" width=\"300\" height=\"200\" srcset=\"https:\/\/l21.mx\/wp-content\/uploads\/2023\/11\/WhatsApp-Image-2023-11-12-at-1.21.13-PM-300x200.jpeg 300w, https:\/\/l21.mx\/wp-content\/uploads\/2023\/11\/WhatsApp-Image-2023-11-12-at-1.21.13-PM-1024x682.jpeg 1024w, https:\/\/l21.mx\/wp-content\/uploads\/2023\/11\/WhatsApp-Image-2023-11-12-at-1.21.13-PM-768x512.jpeg 768w, https:\/\/l21.mx\/wp-content\/uploads\/2023\/11\/WhatsApp-Image-2023-11-12-at-1.21.13-PM-1200x800.jpeg 1200w, https:\/\/l21.mx\/wp-content\/uploads\/2023\/11\/WhatsApp-Image-2023-11-12-at-1.21.13-PM-1170x780.jpeg 1170w, https:\/\/l21.mx\/wp-content\/uploads\/2023\/11\/WhatsApp-Image-2023-11-12-at-1.21.13-PM-585x390.jpeg 585w, https:\/\/l21.mx\/wp-content\/uploads\/2023\/11\/WhatsApp-Image-2023-11-12-at-1.21.13-PM-263x175.jpeg 263w, https:\/\/l21.mx\/wp-content\/uploads\/2023\/11\/WhatsApp-Image-2023-11-12-at-1.21.13-PM.jpeg 1280w\" sizes=\"(max-width: 300px) 100vw, 300px\" \/><\/a><\/p>\n<p>Al finalizar la rodada, los participantes disfrutaron de la oportunidad de socializar y capturar momentos especiales en video 360 junto a sus mascotas y aquellos que adquirieron el brazalete con causa participaron en la rifa con diversos regalos. Esta iniciativa para el bienestar canino se llev\u00f3 a cabo con la colaboraci\u00f3n de asociaciones y voluntarios.<\/p>\n","protected":false},"excerpt":{"rendered":"<p>&nbsp; \u2022 M\u00e1s de 100 personas con sus caninos recorrieron la 5\u00aa Avenida realizando actividades diversas,&hellip;<\/p>\n","protected":false},"author":100,"featured_media":64801,"comment_status":"closed","ping_status":"closed","sticky":false,"template":"","format":"standard","meta":{"_acf_changed":false,"_lmt_disableupdate":"","_lmt_disable":"","_mbp_gutenberg_autopost":false,"footnotes":""},"categories":[1654],"tags":[],"class_list":["post-64797","post","type-post","status-publish","format-standard","has-post-thumbnail","hentry","category-solidaridad"],"acf":[],"_links":{"self":[{"href":"https:\/\/l21.mx\/index.php?rest_route=\/wp\/v2\/posts\/64797","targetHints":{"allow":["GET"]}}],"collection":[{"href":"https:\/\/l21.mx\/index.php?rest_route=\/wp\/v2\/posts"}],"about":[{"href":"https:\/\/l21.mx\/index.php?rest_route=\/wp\/v2\/types\/post"}],"author":[{"embeddable":true,"href":"https:\/\/l21.mx\/index.php?rest_route=\/wp\/v2\/users\/100"}],"replies":[{"embeddable":true,"href":"https:\/\/l21.mx\/index.php?rest_route=%2Fwp%2Fv2%2Fcomments&post=64797"}],"version-history":[{"count":0,"href":"https:\/\/l21.mx\/index.php?rest_route=\/wp\/v2\/posts\/64797\/revisions"}],"wp:featuredmedia":[{"embeddable":true,"href":"https:\/\/l21.mx\/index.php?rest_route=\/wp\/v2\/media\/64801"}],"wp:attachment":[{"href":"https:\/\/l21.mx\/index.php?rest_route=%2Fwp%2Fv2%2Fmedia&parent=64797"}],"wp:term":[{"taxonomy":"category","embeddable":true,"href":"https:\/\/l21.mx\/index.php?rest_route=%2Fwp%2Fv2%2Fcategories&post=64797"},{"taxonomy":"post_tag","embeddable":true,"href":"https:\/\/l21.mx\/index.php?rest_route=%2Fwp%2Fv2%2Ftags&post=64797"}],"curies":[{"name":"wp","href":"https:\/\/api.w.org\/{rel}","templated":true}]}}