{"id":65158,"date":"2023-11-20T17:20:20","date_gmt":"2023-11-20T22:20:20","guid":{"rendered":"https:\/\/l21.mx\/?p=65158"},"modified":"2023-11-20T17:20:20","modified_gmt":"2023-11-20T22:20:20","slug":"entregan-mara-lezama-y-eric-arcila-el-premio-estatal-del-deporte-2023","status":"publish","type":"post","link":"https:\/\/l21.mx\/?p=65158","title":{"rendered":"Entregan Mara Lezama y Eric Arcila el Premio Estatal del Deporte 2023"},"content":{"rendered":"<p>&nbsp;<\/p>\n<p>&#8211; Se pagaron m\u00e1s de 1.5 millones de pesos en est\u00edmulos y becas a medallistas, reiterando el compromiso del gobierno con las y los deportistas quintanarroenses<\/p>\n<p><a href=\"https:\/\/l21.mx\/wp-content\/uploads\/2023\/11\/WhatsApp-Image-2023-11-20-at-5.09.22-PM-2.jpeg\" data-rel=\"penci-gallery-image-content\" ><img fetchpriority=\"high\" decoding=\"async\" class=\"alignnone size-medium wp-image-65164\" src=\"https:\/\/l21.mx\/wp-content\/uploads\/2023\/11\/WhatsApp-Image-2023-11-20-at-5.09.22-PM-2-300x184.jpeg\" alt=\"\" width=\"300\" height=\"184\" srcset=\"https:\/\/l21.mx\/wp-content\/uploads\/2023\/11\/WhatsApp-Image-2023-11-20-at-5.09.22-PM-2-300x184.jpeg 300w, https:\/\/l21.mx\/wp-content\/uploads\/2023\/11\/WhatsApp-Image-2023-11-20-at-5.09.22-PM-2-1024x628.jpeg 1024w, https:\/\/l21.mx\/wp-content\/uploads\/2023\/11\/WhatsApp-Image-2023-11-20-at-5.09.22-PM-2-768x471.jpeg 768w, https:\/\/l21.mx\/wp-content\/uploads\/2023\/11\/WhatsApp-Image-2023-11-20-at-5.09.22-PM-2-1536x943.jpeg 1536w, https:\/\/l21.mx\/wp-content\/uploads\/2023\/11\/WhatsApp-Image-2023-11-20-at-5.09.22-PM-2-1200x737.jpeg 1200w, https:\/\/l21.mx\/wp-content\/uploads\/2023\/11\/WhatsApp-Image-2023-11-20-at-5.09.22-PM-2-1170x718.jpeg 1170w, https:\/\/l21.mx\/wp-content\/uploads\/2023\/11\/WhatsApp-Image-2023-11-20-at-5.09.22-PM-2-585x359.jpeg 585w, https:\/\/l21.mx\/wp-content\/uploads\/2023\/11\/WhatsApp-Image-2023-11-20-at-5.09.22-PM-2.jpeg 1600w\" sizes=\"(max-width: 300px) 100vw, 300px\" \/><\/a><\/p>\n<p>En una emotiva y significativa ceremonia, la gobernadora Mara Lezama Espinosa entreg\u00f3 los reconocimientos del Premio Estatal del Deporte 2023, galardonando a las y los quintanarroenses que tuvieron un sobresaliente a\u00f1o en el tema deportivo, al representar dignamente a la entidad y al pa\u00eds en diversas competencias y cert\u00e1menes.<\/p>\n<p>Tambi\u00e9n durante el evento, se pagaron est\u00edmulos y becas deportivas a los medallistas y atletas destacados de la entidad, reafirmando que estas acciones son parte del Nuevo Acuerdo por el Bienestar y Desarrollo de Quintana Roo, buscando construir la mejor versi\u00f3n posible del estado al superar las desigualdades, combatir la corrupci\u00f3n, la inseguridad y la marginaci\u00f3n.<\/p>\n<p>\u201cVamos a seguir invirtiendo en el deporte, porque ustedes son un referente y un orgullo para este gobierno. Estamos combatiendo la corrupci\u00f3n, somos un gobierno diferente, el deporte dej\u00f3 de ser la caja chica del gobierno, ahora es una prioridad porque es una herramienta para recomponer el tejido social\u201d, dijo la gobernadora Mara Lezama.<\/p>\n<p>Ante los atletas, la titular del Ejecutivo inform\u00f3 que por primera vez hay una inversi\u00f3n hist\u00f3rica en canchas deportivas, en espacios para el entrenamiento, los sitios donde se concentran, y anunci\u00f3 que habr\u00e1 algunas sorpresas m\u00e1s el a\u00f1o pr\u00f3ximo.<\/p>\n<div data-sliderid=\"65365\" id=\"penci-post-gallery__65365\" class=\"penci-post-gallery-container justified column-3\" data-height=\"150\" data-margin=\"3\"><a class=\"penci-gallery-ite item-gallery-justified\" href=\"https:\/\/l21.mx\/wp-content\/uploads\/2023\/11\/WhatsApp-Image-2023-11-20-at-5.09.22-PM.jpeg\" data-rel=\"penci-gallery-image-content\" ><img decoding=\"async\" src=\"https:\/\/l21.mx\/wp-content\/uploads\/2023\/11\/WhatsApp-Image-2023-11-20-at-5.09.22-PM-585x390.jpeg\" alt=\"\" title=\"WhatsApp Image 2023-11-20 at 5.09.22 PM\"><\/a><a class=\"penci-gallery-ite item-gallery-justified\" href=\"https:\/\/l21.mx\/wp-content\/uploads\/2023\/11\/WhatsApp-Image-2023-11-20-at-5.09.22-PM-1.jpeg\" data-rel=\"penci-gallery-image-content\" ><img decoding=\"async\" src=\"https:\/\/l21.mx\/wp-content\/uploads\/2023\/11\/WhatsApp-Image-2023-11-20-at-5.09.22-PM-1-585x386.jpeg\" alt=\"\" title=\"WhatsApp Image 2023-11-20 at 5.09.22 PM (1)\"><\/a><a class=\"penci-gallery-ite item-gallery-justified\" href=\"https:\/\/l21.mx\/wp-content\/uploads\/2023\/11\/WhatsApp-Image-2023-11-20-at-5.09.21-PM.jpeg\" data-rel=\"penci-gallery-image-content\" ><img decoding=\"async\" src=\"https:\/\/l21.mx\/wp-content\/uploads\/2023\/11\/WhatsApp-Image-2023-11-20-at-5.09.21-PM-585x390.jpeg\" alt=\"\" title=\"WhatsApp Image 2023-11-20 at 5.09.21 PM\"><\/a><a class=\"penci-gallery-ite item-gallery-justified\" href=\"https:\/\/l21.mx\/wp-content\/uploads\/2023\/11\/WhatsApp-Image-2023-11-20-at-5.09.21-PM-1.jpeg\" data-rel=\"penci-gallery-image-content\" ><img decoding=\"async\" src=\"https:\/\/l21.mx\/wp-content\/uploads\/2023\/11\/WhatsApp-Image-2023-11-20-at-5.09.21-PM-1-585x390.jpeg\" alt=\"\" title=\"WhatsApp Image 2023-11-20 at 5.09.21 PM (1)\"><\/a><a class=\"penci-gallery-ite item-gallery-justified\" href=\"https:\/\/l21.mx\/wp-content\/uploads\/2023\/11\/WhatsApp-Image-2023-11-20-at-5.09.20-PM.jpeg\" data-rel=\"penci-gallery-image-content\" ><img decoding=\"async\" src=\"https:\/\/l21.mx\/wp-content\/uploads\/2023\/11\/WhatsApp-Image-2023-11-20-at-5.09.20-PM-585x331.jpeg\" alt=\"\" title=\"WhatsApp Image 2023-11-20 at 5.09.20 PM\"><\/a><a class=\"penci-gallery-ite item-gallery-justified\" href=\"https:\/\/l21.mx\/wp-content\/uploads\/2023\/11\/WhatsApp-Image-2023-11-20-at-5.09.21-PM-2.jpeg\" data-rel=\"penci-gallery-image-content\" ><img decoding=\"async\" src=\"https:\/\/l21.mx\/wp-content\/uploads\/2023\/11\/WhatsApp-Image-2023-11-20-at-5.09.21-PM-2-585x427.jpeg\" alt=\"\" title=\"WhatsApp Image 2023-11-20 at 5.09.21 PM (2)\"><\/a><\/div>\n<p>El momento m\u00e1s emotivo fue cuando la gobernadora Mara Lezama, acompa\u00f1ada de Eric Arcila Arjona, presidente de la Comisi\u00f3n del Deporte de Quintana Roo (CODEQ), hicieron la entrega de del Premio Estatal del Deporte 2023, siendo los galardonados Swami Oshmara Mostalac Rizzitiello, en Deportistas Convencional Femenil de la disciplina de breaking; as\u00ed como V\u00edctor Badur G\u00fcemez Cel, de levantamiento de pesas como Deportista Convencional Varonil.<\/p>\n<p>Tambi\u00e9n se reconoci\u00f3 a Helena Michelle C\u00e1rdenas Valencia, de gimnasia como Deportista Adaptado Femenil; al profesor Joan Jes\u00fas Chuc Canch\u00e9, de tiro con arco, como Entrenador de Deporte Convencional; y Eleuterio Israel Chi Campos, de paratletismo, como Entrenador Deporte Adaptado.<\/p>\n<p>Por otro lado, se realiz\u00f3 entrega de Menciones Honorificas a Carlos Adri\u00e1n Sansores Acevedo, deportista de taekwondo; Andrea Sak Nik-Te Uitzil Chuc, atleta de levantamiento de pesas; Monserrat Ocampo S\u00e1nchez, atleta de patinaje sobre ruedas; as\u00ed como Antonio Andrade Arroyo, entrenador en deporte adaptado; y Juan Pastor Le\u00f3n Hern\u00e1ndez, entrenador en patines sobre ruedas.<\/p>\n<p>En esta ceremonia realizada en el Sal\u00f3n Bellavista de la ciudad de Chetumal, los medallistas quintanarroenses y atletas recibieron el pago de sus est\u00edmulos y becas deportivas cubriendo un monto de m\u00e1s de 1.5 millones de pesos, y beneficiando a 216 atletas y 84 entrenadores.<\/p>\n<p>En su intervenci\u00f3n, Eric Arcila Arjona, presidente de la CODEQ, resalt\u00f3 el compromiso que se tiene con el deporte quintanarroense, por lo que durante este primer a\u00f1o cumplido al frente de la CODEQ se est\u00e1 trabajando en cuatro puntos importantes que son \u201cdeporte para la paz\u201d, \u201cdignificando el deporte\u201d, \u201cunidos transformando el deporte\u201d y \u201cel deporte competitivo\u201d.<\/p>\n<p>Finalmente, coment\u00f3: V\u00edctor, Swami, Helena, Chuc e Israel, nuestras y nuestros ganadores del Premio Estatal del Deporte 2023, muchas felicidades, sabemos el sacrificio que les ha costado estar hoy aqu\u00ed, disfruten mucho este logro, que no es cosa menor. Son la prueba de que en Quintana Roo existe much\u00edsimo talento, lo cual nos dificulta cada vez m\u00e1s la elecci\u00f3n de este galard\u00f3n.<\/p>\n<p>Acompa\u00f1aron a la Gobernadora, el secretario de Finanzas y Planeaci\u00f3n, Eugenio Segura V\u00e1zquez; la presidenta del DIF Estatal, Ver\u00f3nica Lezama Espinosa y la presidenta municipal de Oth\u00f3n P. Blanco, Yensunni Mart\u00ednez Hern\u00e1ndez.<\/p>\n","protected":false},"excerpt":{"rendered":"<p>&nbsp; &#8211; Se pagaron m\u00e1s de 1.5 millones de pesos en est\u00edmulos y becas a medallistas,&hellip;<\/p>\n","protected":false},"author":100,"featured_media":65162,"comment_status":"closed","ping_status":"closed","sticky":false,"template":"","format":"standard","meta":{"_acf_changed":false,"_lmt_disableupdate":"","_lmt_disable":"","_mbp_gutenberg_autopost":false,"footnotes":""},"categories":[1689,23],"tags":[],"class_list":["post-65158","post","type-post","status-publish","format-standard","has-post-thumbnail","hentry","category-deporte-y-salud","category-noticias"],"acf":[],"yoast_head":"<!-- This site is optimized with the Yoast SEO plugin v27.5 - https:\/\/yoast.com\/product\/yoast-seo-wordpress\/ -->\n<title>Entregan Mara Lezama y Eric Arcila el Premio Estatal del Deporte 2023 | Revista Latitud 21<\/title>\n<meta name=\"description\" content=\"L21, Emprendedores y Negocios en el Caribe Mexicano, es la revista l\u00edder entre el Sector Empresarial y Tur\u00edstico del Caribe Mexicano.\" \/>\n<meta name=\"robots\" content=\"index, follow, max-snippet:-1, max-image-preview:large, max-video-preview:-1\" \/>\n<link rel=\"canonical\" href=\"https:\/\/l21.mx\/?p=65158\" \/>\n<meta name=\"twitter:card\" content=\"summary_large_image\" \/>\n<meta name=\"twitter:title\" content=\"Entregan Mara Lezama y Eric Arcila el Premio Estatal del Deporte 2023 | Revista Latitud 21\" \/>\n<meta name=\"twitter:description\" content=\"L21, Emprendedores y Negocios en el Caribe Mexicano, es la revista l\u00edder entre el Sector Empresarial y Tur\u00edstico del Caribe Mexicano.\" \/>\n<meta name=\"twitter:image\" content=\"https:\/\/l21.mx\/wp-content\/uploads\/2023\/11\/WhatsApp-Image-2023-11-20-at-5.09.20-PM.jpeg\" \/>\n<meta name=\"twitter:creator\" content=\"@Latitud21mx\" \/>\n<meta name=\"twitter:site\" content=\"@Latitud21mx\" \/>\n<meta name=\"twitter:label1\" content=\"Escrito por\" \/>\n\t<meta name=\"twitter:data1\" content=\"NellyG\" \/>\n\t<meta name=\"twitter:label2\" content=\"Tiempo de lectura\" \/>\n\t<meta name=\"twitter:data2\" content=\"3 minutos\" \/>\n<script type=\"application\/ld+json\" class=\"yoast-schema-graph\">{\"@context\":\"https:\\\/\\\/schema.org\",\"@graph\":[{\"@type\":\"Article\",\"@id\":\"https:\\\/\\\/l21.mx\\\/?p=65158#article\",\"isPartOf\":{\"@id\":\"https:\\\/\\\/l21.mx\\\/?p=65158\"},\"author\":{\"name\":\"NellyG\",\"@id\":\"https:\\\/\\\/l21.mx\\\/#\\\/schema\\\/person\\\/cca68595b80b2f6c4c55a8b254bfbb2a\"},\"headline\":\"Entregan Mara Lezama y Eric Arcila el Premio Estatal del Deporte 2023\",\"datePublished\":\"2023-11-20T22:20:20+00:00\",\"mainEntityOfPage\":{\"@id\":\"https:\\\/\\\/l21.mx\\\/?p=65158\"},\"wordCount\":631,\"publisher\":{\"@id\":\"https:\\\/\\\/l21.mx\\\/#organization\"},\"image\":{\"@id\":\"https:\\\/\\\/l21.mx\\\/?p=65158#primaryimage\"},\"thumbnailUrl\":\"https:\\\/\\\/l21.mx\\\/wp-content\\\/uploads\\\/2023\\\/11\\\/WhatsApp-Image-2023-11-20-at-5.09.20-PM.jpeg\",\"articleSection\":[\"Deporte y Salud\",\"Noticias\"],\"inLanguage\":\"es\"},{\"@type\":\"WebPage\",\"@id\":\"https:\\\/\\\/l21.mx\\\/?p=65158\",\"url\":\"https:\\\/\\\/l21.mx\\\/?p=65158\",\"name\":\"Entregan Mara Lezama y Eric Arcila el Premio Estatal del Deporte 2023 | Revista Latitud 21\",\"isPartOf\":{\"@id\":\"https:\\\/\\\/l21.mx\\\/#website\"},\"primaryImageOfPage\":{\"@id\":\"https:\\\/\\\/l21.mx\\\/?p=65158#primaryimage\"},\"image\":{\"@id\":\"https:\\\/\\\/l21.mx\\\/?p=65158#primaryimage\"},\"thumbnailUrl\":\"https:\\\/\\\/l21.mx\\\/wp-content\\\/uploads\\\/2023\\\/11\\\/WhatsApp-Image-2023-11-20-at-5.09.20-PM.jpeg\",\"datePublished\":\"2023-11-20T22:20:20+00:00\",\"description\":\"L21, Emprendedores y Negocios en el Caribe Mexicano, es la revista l\u00edder entre el Sector Empresarial y Tur\u00edstico del Caribe Mexicano.\",\"breadcrumb\":{\"@id\":\"https:\\\/\\\/l21.mx\\\/?p=65158#breadcrumb\"},\"inLanguage\":\"es\",\"potentialAction\":[{\"@type\":\"ReadAction\",\"target\":[\"https:\\\/\\\/l21.mx\\\/?p=65158\"]}]},{\"@type\":\"ImageObject\",\"inLanguage\":\"es\",\"@id\":\"https:\\\/\\\/l21.mx\\\/?p=65158#primaryimage\",\"url\":\"https:\\\/\\\/l21.mx\\\/wp-content\\\/uploads\\\/2023\\\/11\\\/WhatsApp-Image-2023-11-20-at-5.09.20-PM.jpeg\",\"contentUrl\":\"https:\\\/\\\/l21.mx\\\/wp-content\\\/uploads\\\/2023\\\/11\\\/WhatsApp-Image-2023-11-20-at-5.09.20-PM.jpeg\",\"width\":1600,\"height\":904},{\"@type\":\"BreadcrumbList\",\"@id\":\"https:\\\/\\\/l21.mx\\\/?p=65158#breadcrumb\",\"itemListElement\":[{\"@type\":\"ListItem\",\"position\":1,\"name\":\"Portada\",\"item\":\"https:\\\/\\\/l21.mx\\\/\"},{\"@type\":\"ListItem\",\"position\":2,\"name\":\"Entregan Mara Lezama y Eric Arcila el Premio Estatal del Deporte 2023\"}]},{\"@type\":\"WebSite\",\"@id\":\"https:\\\/\\\/l21.mx\\\/#website\",\"url\":\"https:\\\/\\\/l21.mx\\\/\",\"name\":\"Revista Latitud 21\",\"description\":\"Emprendedores  y negocios en el Caribe Mexicano\",\"publisher\":{\"@id\":\"https:\\\/\\\/l21.mx\\\/#organization\"},\"potentialAction\":[{\"@type\":\"SearchAction\",\"target\":{\"@type\":\"EntryPoint\",\"urlTemplate\":\"https:\\\/\\\/l21.mx\\\/?s={search_term_string}\"},\"query-input\":{\"@type\":\"PropertyValueSpecification\",\"valueRequired\":true,\"valueName\":\"search_term_string\"}}],\"inLanguage\":\"es\"},{\"@type\":\"Organization\",\"@id\":\"https:\\\/\\\/l21.mx\\\/#organization\",\"name\":\"Grupo Editorial Latitud 21 SA de CV\",\"url\":\"https:\\\/\\\/l21.mx\\\/\",\"logo\":{\"@type\":\"ImageObject\",\"inLanguage\":\"es\",\"@id\":\"https:\\\/\\\/l21.mx\\\/#\\\/schema\\\/logo\\\/image\\\/\",\"url\":\"https:\\\/\\\/l21.mx\\\/wp-content\\\/uploads\\\/2020\\\/10\\\/logo-l21-baja.jpg\",\"contentUrl\":\"https:\\\/\\\/l21.mx\\\/wp-content\\\/uploads\\\/2020\\\/10\\\/logo-l21-baja.jpg\",\"width\":250,\"height\":250,\"caption\":\"Grupo Editorial Latitud 21 SA de CV\"},\"image\":{\"@id\":\"https:\\\/\\\/l21.mx\\\/#\\\/schema\\\/logo\\\/image\\\/\"},\"sameAs\":[\"https:\\\/\\\/www.facebook.com\\\/RevistaLatitud21\\\/\",\"https:\\\/\\\/x.com\\\/Latitud21mx\"]},{\"@type\":\"Person\",\"@id\":\"https:\\\/\\\/l21.mx\\\/#\\\/schema\\\/person\\\/cca68595b80b2f6c4c55a8b254bfbb2a\",\"name\":\"NellyG\",\"url\":\"https:\\\/\\\/l21.mx\\\/?author=100\"}]}<\/script>\n<!-- \/ Yoast SEO plugin. -->","yoast_head_json":{"title":"Entregan Mara Lezama y Eric Arcila el Premio Estatal del Deporte 2023 | Revista Latitud 21","description":"L21, Emprendedores y Negocios en el Caribe Mexicano, es la revista l\u00edder entre el Sector Empresarial y Tur\u00edstico del Caribe Mexicano.","robots":{"index":"index","follow":"follow","max-snippet":"max-snippet:-1","max-image-preview":"max-image-preview:large","max-video-preview":"max-video-preview:-1"},"canonical":"https:\/\/l21.mx\/?p=65158","twitter_card":"summary_large_image","twitter_title":"Entregan Mara Lezama y Eric Arcila el Premio Estatal del Deporte 2023 | Revista Latitud 21","twitter_description":"L21, Emprendedores y Negocios en el Caribe Mexicano, es la revista l\u00edder entre el Sector Empresarial y Tur\u00edstico del Caribe Mexicano.","twitter_image":"https:\/\/l21.mx\/wp-content\/uploads\/2023\/11\/WhatsApp-Image-2023-11-20-at-5.09.20-PM.jpeg","twitter_creator":"@Latitud21mx","twitter_site":"@Latitud21mx","twitter_misc":{"Escrito por":"NellyG","Tiempo de lectura":"3 minutos"},"schema":{"@context":"https:\/\/schema.org","@graph":[{"@type":"Article","@id":"https:\/\/l21.mx\/?p=65158#article","isPartOf":{"@id":"https:\/\/l21.mx\/?p=65158"},"author":{"name":"NellyG","@id":"https:\/\/l21.mx\/#\/schema\/person\/cca68595b80b2f6c4c55a8b254bfbb2a"},"headline":"Entregan Mara Lezama y Eric Arcila el Premio Estatal del Deporte 2023","datePublished":"2023-11-20T22:20:20+00:00","mainEntityOfPage":{"@id":"https:\/\/l21.mx\/?p=65158"},"wordCount":631,"publisher":{"@id":"https:\/\/l21.mx\/#organization"},"image":{"@id":"https:\/\/l21.mx\/?p=65158#primaryimage"},"thumbnailUrl":"https:\/\/l21.mx\/wp-content\/uploads\/2023\/11\/WhatsApp-Image-2023-11-20-at-5.09.20-PM.jpeg","articleSection":["Deporte y Salud","Noticias"],"inLanguage":"es"},{"@type":"WebPage","@id":"https:\/\/l21.mx\/?p=65158","url":"https:\/\/l21.mx\/?p=65158","name":"Entregan Mara Lezama y Eric Arcila el Premio Estatal del Deporte 2023 | Revista Latitud 21","isPartOf":{"@id":"https:\/\/l21.mx\/#website"},"primaryImageOfPage":{"@id":"https:\/\/l21.mx\/?p=65158#primaryimage"},"image":{"@id":"https:\/\/l21.mx\/?p=65158#primaryimage"},"thumbnailUrl":"https:\/\/l21.mx\/wp-content\/uploads\/2023\/11\/WhatsApp-Image-2023-11-20-at-5.09.20-PM.jpeg","datePublished":"2023-11-20T22:20:20+00:00","description":"L21, Emprendedores y Negocios en el Caribe Mexicano, es la revista l\u00edder entre el Sector Empresarial y Tur\u00edstico del Caribe Mexicano.","breadcrumb":{"@id":"https:\/\/l21.mx\/?p=65158#breadcrumb"},"inLanguage":"es","potentialAction":[{"@type":"ReadAction","target":["https:\/\/l21.mx\/?p=65158"]}]},{"@type":"ImageObject","inLanguage":"es","@id":"https:\/\/l21.mx\/?p=65158#primaryimage","url":"https:\/\/l21.mx\/wp-content\/uploads\/2023\/11\/WhatsApp-Image-2023-11-20-at-5.09.20-PM.jpeg","contentUrl":"https:\/\/l21.mx\/wp-content\/uploads\/2023\/11\/WhatsApp-Image-2023-11-20-at-5.09.20-PM.jpeg","width":1600,"height":904},{"@type":"BreadcrumbList","@id":"https:\/\/l21.mx\/?p=65158#breadcrumb","itemListElement":[{"@type":"ListItem","position":1,"name":"Portada","item":"https:\/\/l21.mx\/"},{"@type":"ListItem","position":2,"name":"Entregan Mara Lezama y Eric Arcila el Premio Estatal del Deporte 2023"}]},{"@type":"WebSite","@id":"https:\/\/l21.mx\/#website","url":"https:\/\/l21.mx\/","name":"Revista Latitud 21","description":"Emprendedores  y negocios en el Caribe Mexicano","publisher":{"@id":"https:\/\/l21.mx\/#organization"},"potentialAction":[{"@type":"SearchAction","target":{"@type":"EntryPoint","urlTemplate":"https:\/\/l21.mx\/?s={search_term_string}"},"query-input":{"@type":"PropertyValueSpecification","valueRequired":true,"valueName":"search_term_string"}}],"inLanguage":"es"},{"@type":"Organization","@id":"https:\/\/l21.mx\/#organization","name":"Grupo Editorial Latitud 21 SA de CV","url":"https:\/\/l21.mx\/","logo":{"@type":"ImageObject","inLanguage":"es","@id":"https:\/\/l21.mx\/#\/schema\/logo\/image\/","url":"https:\/\/l21.mx\/wp-content\/uploads\/2020\/10\/logo-l21-baja.jpg","contentUrl":"https:\/\/l21.mx\/wp-content\/uploads\/2020\/10\/logo-l21-baja.jpg","width":250,"height":250,"caption":"Grupo Editorial Latitud 21 SA de CV"},"image":{"@id":"https:\/\/l21.mx\/#\/schema\/logo\/image\/"},"sameAs":["https:\/\/www.facebook.com\/RevistaLatitud21\/","https:\/\/x.com\/Latitud21mx"]},{"@type":"Person","@id":"https:\/\/l21.mx\/#\/schema\/person\/cca68595b80b2f6c4c55a8b254bfbb2a","name":"NellyG","url":"https:\/\/l21.mx\/?author=100"}]}},"amp_enabled":true,"_links":{"self":[{"href":"https:\/\/l21.mx\/index.php?rest_route=\/wp\/v2\/posts\/65158","targetHints":{"allow":["GET"]}}],"collection":[{"href":"https:\/\/l21.mx\/index.php?rest_route=\/wp\/v2\/posts"}],"about":[{"href":"https:\/\/l21.mx\/index.php?rest_route=\/wp\/v2\/types\/post"}],"author":[{"embeddable":true,"href":"https:\/\/l21.mx\/index.php?rest_route=\/wp\/v2\/users\/100"}],"replies":[{"embeddable":true,"href":"https:\/\/l21.mx\/index.php?rest_route=%2Fwp%2Fv2%2Fcomments&post=65158"}],"version-history":[{"count":1,"href":"https:\/\/l21.mx\/index.php?rest_route=\/wp\/v2\/posts\/65158\/revisions"}],"predecessor-version":[{"id":65167,"href":"https:\/\/l21.mx\/index.php?rest_route=\/wp\/v2\/posts\/65158\/revisions\/65167"}],"wp:featuredmedia":[{"embeddable":true,"href":"https:\/\/l21.mx\/index.php?rest_route=\/wp\/v2\/media\/65162"}],"wp:attachment":[{"href":"https:\/\/l21.mx\/index.php?rest_route=%2Fwp%2Fv2%2Fmedia&parent=65158"}],"wp:term":[{"taxonomy":"category","embeddable":true,"href":"https:\/\/l21.mx\/index.php?rest_route=%2Fwp%2Fv2%2Fcategories&post=65158"},{"taxonomy":"post_tag","embeddable":true,"href":"https:\/\/l21.mx\/index.php?rest_route=%2Fwp%2Fv2%2Ftags&post=65158"}],"curies":[{"name":"wp","href":"https:\/\/api.w.org\/{rel}","templated":true}]}}