{"id":65188,"date":"2023-11-21T14:33:11","date_gmt":"2023-11-21T19:33:11","guid":{"rendered":"https:\/\/l21.mx\/?p=65188"},"modified":"2023-11-21T14:33:11","modified_gmt":"2023-11-21T19:33:11","slug":"la-quintanarroense-scarlett-gongora-conquista-dos-medallas-mas-en-los-juegos-parapanamericanos-santiago-2023","status":"publish","type":"post","link":"https:\/\/l21.mx\/?p=65188","title":{"rendered":"La quintanarroense Scarlett G\u00f3ngora conquista dos medallas m\u00e1s en los Juegos Parapanamericanos Santiago 2023"},"content":{"rendered":"<p>&nbsp;<\/p>\n<p>&#8211; Junto a Claudia P\u00e9rez en Dobles Femenil y Enrique Preza en Dobles Mixto, logr\u00f3 dos bronces en la disciplina de paratenis de mesa<\/p>\n<p><a href=\"https:\/\/l21.mx\/wp-content\/uploads\/2023\/11\/WhatsApp-Image-2023-11-21-at-2.24.39-PM-2.jpeg\" data-rel=\"penci-gallery-image-content\" ><img fetchpriority=\"high\" decoding=\"async\" class=\"alignnone size-medium wp-image-65189\" src=\"https:\/\/l21.mx\/wp-content\/uploads\/2023\/11\/WhatsApp-Image-2023-11-21-at-2.24.39-PM-2-300x200.jpeg\" alt=\"\" width=\"300\" height=\"200\" srcset=\"https:\/\/l21.mx\/wp-content\/uploads\/2023\/11\/WhatsApp-Image-2023-11-21-at-2.24.39-PM-2-300x200.jpeg 300w, https:\/\/l21.mx\/wp-content\/uploads\/2023\/11\/WhatsApp-Image-2023-11-21-at-2.24.39-PM-2-1024x682.jpeg 1024w, https:\/\/l21.mx\/wp-content\/uploads\/2023\/11\/WhatsApp-Image-2023-11-21-at-2.24.39-PM-2-768x512.jpeg 768w, https:\/\/l21.mx\/wp-content\/uploads\/2023\/11\/WhatsApp-Image-2023-11-21-at-2.24.39-PM-2-1536x1023.jpeg 1536w, https:\/\/l21.mx\/wp-content\/uploads\/2023\/11\/WhatsApp-Image-2023-11-21-at-2.24.39-PM-2-1200x800.jpeg 1200w, https:\/\/l21.mx\/wp-content\/uploads\/2023\/11\/WhatsApp-Image-2023-11-21-at-2.24.39-PM-2-1170x780.jpeg 1170w, https:\/\/l21.mx\/wp-content\/uploads\/2023\/11\/WhatsApp-Image-2023-11-21-at-2.24.39-PM-2-585x390.jpeg 585w, https:\/\/l21.mx\/wp-content\/uploads\/2023\/11\/WhatsApp-Image-2023-11-21-at-2.24.39-PM-2-263x175.jpeg 263w, https:\/\/l21.mx\/wp-content\/uploads\/2023\/11\/WhatsApp-Image-2023-11-21-at-2.24.39-PM-2.jpeg 1600w\" sizes=\"(max-width: 300px) 100vw, 300px\" \/><\/a><\/p>\n<p>La atleta quintanarroense Jeanelly Scarlett G\u00f3ngora Maga\u00f1a volvi\u00f3 a aportar medallas para la Delegaci\u00f3n Mexicana en los Juegos Parapanamericanos de Santiago 2023, y es que junto a Claudia P\u00e9rez y Enrique Preza se adjudic\u00f3 dos preseas de bronce en las pruebas de Dobles Femenil y Dobles Mixto, respectivamente, dentro de la disciplina de paratenis de mesa.<\/p>\n<p>\u201cEstamos muy contentos porque nuevamente Scarlett demostr\u00f3 su calidad en Chile y ahora ya suma tres medallas a su cuenta personal, esto confirma la calidad de las y los deportistas quintanarroenses, agradecemos toda su entrega y dedicaci\u00f3n que le da al deporte\u201d, coment\u00f3 Eric Arcila Arjona, presidente de la Comisi\u00f3n del Deporte de Quintana Roo (CODEQ).<\/p>\n<p><a href=\"https:\/\/l21.mx\/wp-content\/uploads\/2023\/11\/WhatsApp-Image-2023-11-21-at-2.24.40-PM.jpeg\" data-rel=\"penci-gallery-image-content\" ><img decoding=\"async\" class=\"alignnone size-medium wp-image-65192\" src=\"https:\/\/l21.mx\/wp-content\/uploads\/2023\/11\/WhatsApp-Image-2023-11-21-at-2.24.40-PM-300x200.jpeg\" alt=\"\" width=\"300\" height=\"200\" srcset=\"https:\/\/l21.mx\/wp-content\/uploads\/2023\/11\/WhatsApp-Image-2023-11-21-at-2.24.40-PM-300x200.jpeg 300w, https:\/\/l21.mx\/wp-content\/uploads\/2023\/11\/WhatsApp-Image-2023-11-21-at-2.24.40-PM-1024x682.jpeg 1024w, https:\/\/l21.mx\/wp-content\/uploads\/2023\/11\/WhatsApp-Image-2023-11-21-at-2.24.40-PM-768x512.jpeg 768w, https:\/\/l21.mx\/wp-content\/uploads\/2023\/11\/WhatsApp-Image-2023-11-21-at-2.24.40-PM-1536x1023.jpeg 1536w, https:\/\/l21.mx\/wp-content\/uploads\/2023\/11\/WhatsApp-Image-2023-11-21-at-2.24.40-PM-1200x800.jpeg 1200w, https:\/\/l21.mx\/wp-content\/uploads\/2023\/11\/WhatsApp-Image-2023-11-21-at-2.24.40-PM-1170x780.jpeg 1170w, https:\/\/l21.mx\/wp-content\/uploads\/2023\/11\/WhatsApp-Image-2023-11-21-at-2.24.40-PM-585x390.jpeg 585w, https:\/\/l21.mx\/wp-content\/uploads\/2023\/11\/WhatsApp-Image-2023-11-21-at-2.24.40-PM-263x175.jpeg 263w, https:\/\/l21.mx\/wp-content\/uploads\/2023\/11\/WhatsApp-Image-2023-11-21-at-2.24.40-PM.jpeg 1600w\" sizes=\"(max-width: 300px) 100vw, 300px\" \/><\/a><\/p>\n<p>Con esto, la jugadora nacida en Chetumal conquist\u00f3 su tercera presea en esta justa internacional, las tres son de bronce y hay que recordar que una fue jugando en singles y las otras dos las conquist\u00f3 en Dobles.<\/p>\n<p>La primera presea de bronce de la jornada cay\u00f3 en la modalidad Dobles Femenil, en donde Scarlett G\u00f3ngora hizo equipo con la experimentada Claudia P\u00e9rez y juntas se quedaron con el tercer sitio en la competencia correspondiente a la clase WD14-20.<\/p>\n<p><a href=\"https:\/\/l21.mx\/wp-content\/uploads\/2023\/11\/WhatsApp-Image-2023-11-21-at-2.24.39-PM.jpeg\" data-rel=\"penci-gallery-image-content\" ><img decoding=\"async\" class=\"alignnone size-medium wp-image-65191\" src=\"https:\/\/l21.mx\/wp-content\/uploads\/2023\/11\/WhatsApp-Image-2023-11-21-at-2.24.39-PM-300x200.jpeg\" alt=\"\" width=\"300\" height=\"200\" srcset=\"https:\/\/l21.mx\/wp-content\/uploads\/2023\/11\/WhatsApp-Image-2023-11-21-at-2.24.39-PM-300x200.jpeg 300w, https:\/\/l21.mx\/wp-content\/uploads\/2023\/11\/WhatsApp-Image-2023-11-21-at-2.24.39-PM-768x513.jpeg 768w, https:\/\/l21.mx\/wp-content\/uploads\/2023\/11\/WhatsApp-Image-2023-11-21-at-2.24.39-PM-585x391.jpeg 585w, https:\/\/l21.mx\/wp-content\/uploads\/2023\/11\/WhatsApp-Image-2023-11-21-at-2.24.39-PM-263x175.jpeg 263w, https:\/\/l21.mx\/wp-content\/uploads\/2023\/11\/WhatsApp-Image-2023-11-21-at-2.24.39-PM.jpeg 1024w\" sizes=\"(max-width: 300px) 100vw, 300px\" \/><\/a><\/p>\n<p>Posteriormente, nuevamente la jugadora quintanarroense se volvi\u00f3 a subir al podio en el tercer puesto y es que junto con Enrique Preza, hicieron un buen papel para quedarse con la presea de bronce dentro de la categor\u00eda Dobles Mixtos XD20.<\/p>\n","protected":false},"excerpt":{"rendered":"<p>&nbsp; &#8211; Junto a Claudia P\u00e9rez en Dobles Femenil y Enrique Preza en Dobles Mixto, logr\u00f3&hellip;<\/p>\n","protected":false},"author":100,"featured_media":65190,"comment_status":"closed","ping_status":"closed","sticky":false,"template":"","format":"standard","meta":{"_acf_changed":false,"_lmt_disableupdate":"","_lmt_disable":"","_mbp_gutenberg_autopost":false,"footnotes":""},"categories":[1689],"tags":[],"class_list":["post-65188","post","type-post","status-publish","format-standard","has-post-thumbnail","hentry","category-deporte-y-salud"],"acf":[],"_links":{"self":[{"href":"https:\/\/l21.mx\/index.php?rest_route=\/wp\/v2\/posts\/65188","targetHints":{"allow":["GET"]}}],"collection":[{"href":"https:\/\/l21.mx\/index.php?rest_route=\/wp\/v2\/posts"}],"about":[{"href":"https:\/\/l21.mx\/index.php?rest_route=\/wp\/v2\/types\/post"}],"author":[{"embeddable":true,"href":"https:\/\/l21.mx\/index.php?rest_route=\/wp\/v2\/users\/100"}],"replies":[{"embeddable":true,"href":"https:\/\/l21.mx\/index.php?rest_route=%2Fwp%2Fv2%2Fcomments&post=65188"}],"version-history":[{"count":0,"href":"https:\/\/l21.mx\/index.php?rest_route=\/wp\/v2\/posts\/65188\/revisions"}],"wp:featuredmedia":[{"embeddable":true,"href":"https:\/\/l21.mx\/index.php?rest_route=\/wp\/v2\/media\/65190"}],"wp:attachment":[{"href":"https:\/\/l21.mx\/index.php?rest_route=%2Fwp%2Fv2%2Fmedia&parent=65188"}],"wp:term":[{"taxonomy":"category","embeddable":true,"href":"https:\/\/l21.mx\/index.php?rest_route=%2Fwp%2Fv2%2Fcategories&post=65188"},{"taxonomy":"post_tag","embeddable":true,"href":"https:\/\/l21.mx\/index.php?rest_route=%2Fwp%2Fv2%2Ftags&post=65188"}],"curies":[{"name":"wp","href":"https:\/\/api.w.org\/{rel}","templated":true}]}}