{"id":65220,"date":"2023-11-21T15:43:12","date_gmt":"2023-11-21T20:43:12","guid":{"rendered":"https:\/\/l21.mx\/?p=65220"},"modified":"2023-11-21T15:43:12","modified_gmt":"2023-11-21T20:43:12","slug":"ventura-park-anuncia-el-primer-dia-de-heroes","status":"publish","type":"post","link":"https:\/\/l21.mx\/?p=65220","title":{"rendered":"Ventura Park anuncia el primer D\u00eda de H\u00e9roes"},"content":{"rendered":"<p><strong><em>Canc\u00fan, Quintana Roo a 21 de noviembre, 2023.- <\/em><\/strong><strong>Venturapark<\/strong>, el \u00fanico parque acu\u00e1tico de Canc\u00fan, anunci\u00f3 que el domingo 26 de noviembre se llevar\u00e1 a cabo el <strong><em>\u20181er D\u00eda de H\u00e9roes\u2019 <\/em><\/strong>que consistir\u00e1 en un encuentro cercano con los h\u00e9roes de la comunidad: bomberos, param\u00e9dicos y polic\u00edas, con el objetivo de honrar la labor que realizan y acercarlos a la ciudadan\u00eda.<\/p>\n<p><a href=\"https:\/\/l21.mx\/wp-content\/uploads\/2023\/11\/Dia-de-Heroes-Venturapark-2-scaled.jpg\" data-rel=\"penci-gallery-image-content\" ><img fetchpriority=\"high\" decoding=\"async\" class=\"alignnone size-medium wp-image-65223\" src=\"https:\/\/l21.mx\/wp-content\/uploads\/2023\/11\/Dia-de-Heroes-Venturapark-2-200x300.jpg\" alt=\"\" width=\"200\" height=\"300\" srcset=\"https:\/\/l21.mx\/wp-content\/uploads\/2023\/11\/Dia-de-Heroes-Venturapark-2-200x300.jpg 200w, https:\/\/l21.mx\/wp-content\/uploads\/2023\/11\/Dia-de-Heroes-Venturapark-2-683x1024.jpg 683w, https:\/\/l21.mx\/wp-content\/uploads\/2023\/11\/Dia-de-Heroes-Venturapark-2-768x1152.jpg 768w, https:\/\/l21.mx\/wp-content\/uploads\/2023\/11\/Dia-de-Heroes-Venturapark-2-1024x1536.jpg 1024w, https:\/\/l21.mx\/wp-content\/uploads\/2023\/11\/Dia-de-Heroes-Venturapark-2-1365x2048.jpg 1365w, https:\/\/l21.mx\/wp-content\/uploads\/2023\/11\/Dia-de-Heroes-Venturapark-2-600x900.jpg 600w, https:\/\/l21.mx\/wp-content\/uploads\/2023\/11\/Dia-de-Heroes-Venturapark-2-1920x2880.jpg 1920w, https:\/\/l21.mx\/wp-content\/uploads\/2023\/11\/Dia-de-Heroes-Venturapark-2-1170x1755.jpg 1170w, https:\/\/l21.mx\/wp-content\/uploads\/2023\/11\/Dia-de-Heroes-Venturapark-2-585x877.jpg 585w, https:\/\/l21.mx\/wp-content\/uploads\/2023\/11\/Dia-de-Heroes-Venturapark-2-scaled.jpg 1707w\" sizes=\"(max-width: 200px) 100vw, 200px\" \/><\/a><\/p>\n<p>El <strong><em>\u20181er D\u00eda de H\u00e9roes\u2019<\/em><\/strong> se realizar\u00e1 de 10:00 a.m. a 05:00 p.m. en las instalaciones de <strong>Venturapark<\/strong> ubicado en el Km 25 de la Zona Hotelera de Canc\u00fan; se trata de un evento familiar dise\u00f1ado para educar y entretener a sus visitantes al ofrecer una mirada cercana a las operaciones y desaf\u00edos que enfrentan diariamente los servicios de emergencia de la ciudad.<\/p>\n<p><a href=\"https:\/\/l21.mx\/wp-content\/uploads\/2023\/11\/Dia-de-Heroes-Venturapark-1.png\" data-rel=\"penci-gallery-image-content\" ><img decoding=\"async\" class=\"alignnone size-medium wp-image-65224\" src=\"https:\/\/l21.mx\/wp-content\/uploads\/2023\/11\/Dia-de-Heroes-Venturapark-1-300x300.png\" alt=\"\" width=\"300\" height=\"300\" srcset=\"https:\/\/l21.mx\/wp-content\/uploads\/2023\/11\/Dia-de-Heroes-Venturapark-1-300x300.png 300w, https:\/\/l21.mx\/wp-content\/uploads\/2023\/11\/Dia-de-Heroes-Venturapark-1-1024x1024.png 1024w, https:\/\/l21.mx\/wp-content\/uploads\/2023\/11\/Dia-de-Heroes-Venturapark-1-150x150.png 150w, https:\/\/l21.mx\/wp-content\/uploads\/2023\/11\/Dia-de-Heroes-Venturapark-1-768x767.png 768w, https:\/\/l21.mx\/wp-content\/uploads\/2023\/11\/Dia-de-Heroes-Venturapark-1-901x900.png 901w, https:\/\/l21.mx\/wp-content\/uploads\/2023\/11\/Dia-de-Heroes-Venturapark-1-585x585.png 585w, https:\/\/l21.mx\/wp-content\/uploads\/2023\/11\/Dia-de-Heroes-Venturapark-1.png 1081w\" sizes=\"(max-width: 300px) 100vw, 300px\" \/><\/a><\/p>\n<p>Durante el d\u00eda, los asistentes podr\u00e1n presenciar demostraciones en vivo de habilidades y t\u00e9cnicas de rescate, exhibiciones interactivas que destacan la importancia de la seguridad y la prevenci\u00f3n, la participaci\u00f3n especial de unidades caninas y equipos de rescate, entre muchas otras actividades por parte del Heroico Cuerpo de Bomberos, la Cruz Roja Mexicana y la Polic\u00eda Tur\u00edstica de Canc\u00fan.<\/p>\n<p><a href=\"https:\/\/l21.mx\/wp-content\/uploads\/2023\/11\/Dia-de-Heroes-Venturapark-3-scaled.jpg\" data-rel=\"penci-gallery-image-content\" ><img decoding=\"async\" class=\"alignnone size-medium wp-image-65222\" src=\"https:\/\/l21.mx\/wp-content\/uploads\/2023\/11\/Dia-de-Heroes-Venturapark-3-200x300.jpg\" alt=\"\" width=\"200\" height=\"300\" srcset=\"https:\/\/l21.mx\/wp-content\/uploads\/2023\/11\/Dia-de-Heroes-Venturapark-3-200x300.jpg 200w, https:\/\/l21.mx\/wp-content\/uploads\/2023\/11\/Dia-de-Heroes-Venturapark-3-683x1024.jpg 683w, https:\/\/l21.mx\/wp-content\/uploads\/2023\/11\/Dia-de-Heroes-Venturapark-3-768x1152.jpg 768w, https:\/\/l21.mx\/wp-content\/uploads\/2023\/11\/Dia-de-Heroes-Venturapark-3-1024x1536.jpg 1024w, https:\/\/l21.mx\/wp-content\/uploads\/2023\/11\/Dia-de-Heroes-Venturapark-3-1365x2048.jpg 1365w, https:\/\/l21.mx\/wp-content\/uploads\/2023\/11\/Dia-de-Heroes-Venturapark-3-600x900.jpg 600w, https:\/\/l21.mx\/wp-content\/uploads\/2023\/11\/Dia-de-Heroes-Venturapark-3-1920x2880.jpg 1920w, https:\/\/l21.mx\/wp-content\/uploads\/2023\/11\/Dia-de-Heroes-Venturapark-3-1170x1755.jpg 1170w, https:\/\/l21.mx\/wp-content\/uploads\/2023\/11\/Dia-de-Heroes-Venturapark-3-585x878.jpg 585w, https:\/\/l21.mx\/wp-content\/uploads\/2023\/11\/Dia-de-Heroes-Venturapark-3-scaled.jpg 1707w\" sizes=\"(max-width: 200px) 100vw, 200px\" \/><\/a><\/p>\n<p><em>\u201cEste encuentro con los servicios de emergencia de Canc\u00fan representa una oportunidad \u00fanica para que nuestra comunidad se una en un d\u00eda de celebraci\u00f3n y agradecimiento para aquellas personas que d\u00eda con d\u00eda dedican su vida a salvaguardar nuestra seguridad. Lo hacemos con mucho respeto para ellos\u201d, <\/em>coment\u00f3 <strong>Carlos Hern\u00e1ndez<\/strong>, <strong>Gerente General de Venturapark<\/strong>.<\/p>\n<p><a href=\"https:\/\/l21.mx\/wp-content\/uploads\/2023\/11\/Dia-de-Heroes-Venturapark-5.png\" data-rel=\"penci-gallery-image-content\" ><img loading=\"lazy\" decoding=\"async\" class=\"alignnone size-medium wp-image-65225\" src=\"https:\/\/l21.mx\/wp-content\/uploads\/2023\/11\/Dia-de-Heroes-Venturapark-5-284x300.png\" alt=\"\" width=\"284\" height=\"300\" srcset=\"https:\/\/l21.mx\/wp-content\/uploads\/2023\/11\/Dia-de-Heroes-Venturapark-5-284x300.png 284w, https:\/\/l21.mx\/wp-content\/uploads\/2023\/11\/Dia-de-Heroes-Venturapark-5.png 417w\" sizes=\"(max-width: 284px) 100vw, 284px\" \/><\/a><\/p>\n<p>Con esta colaboraci\u00f3n, <strong>Venturapark<\/strong> refuerza su compromiso con la seguridad y el bienestar de la ciudadan\u00eda al poner a disposici\u00f3n de los asistentes informaci\u00f3n valiosa y experiencias invaluables de las principales entidades de emergencia de la regi\u00f3n. Es importante mencionar que el evento ocurrir\u00e1 al mismo tiempo que la operaci\u00f3n regular del parque, esto quiere decir que los visitantes podr\u00e1n disfrutar de <strong>Venturapark<\/strong> al mismo tiempo que asisten a las demostraciones.<\/p>\n","protected":false},"excerpt":{"rendered":"<p>Canc\u00fan, Quintana Roo a 21 de noviembre, 2023.- Venturapark, el \u00fanico parque acu\u00e1tico de Canc\u00fan, anunci\u00f3&hellip;<\/p>\n","protected":false},"author":100,"featured_media":65221,"comment_status":"closed","ping_status":"closed","sticky":false,"template":"","format":"standard","meta":{"_acf_changed":false,"_lmt_disableupdate":"","_lmt_disable":"","_mbp_gutenberg_autopost":false,"footnotes":""},"categories":[23,1656],"tags":[],"class_list":["post-65220","post","type-post","status-publish","format-standard","has-post-thumbnail","hentry","category-noticias","category-quintana-roo"],"acf":[],"yoast_head":"<!-- This site is optimized with the Yoast SEO plugin v27.3 - https:\/\/yoast.com\/product\/yoast-seo-wordpress\/ -->\n<title>Ventura Park anuncia el primer D\u00eda de H\u00e9roes | Revista Latitud 21<\/title>\n<meta name=\"description\" content=\"L21, Emprendedores y Negocios en el Caribe Mexicano, es la revista l\u00edder entre el Sector Empresarial y Tur\u00edstico del Caribe Mexicano.\" \/>\n<meta name=\"robots\" content=\"index, follow, max-snippet:-1, max-image-preview:large, max-video-preview:-1\" \/>\n<link rel=\"canonical\" href=\"https:\/\/l21.mx\/?p=65220\" \/>\n<meta name=\"twitter:card\" content=\"summary_large_image\" \/>\n<meta name=\"twitter:title\" content=\"Ventura Park anuncia el primer D\u00eda de H\u00e9roes | Revista Latitud 21\" \/>\n<meta name=\"twitter:description\" content=\"L21, Emprendedores y Negocios en el Caribe Mexicano, es la revista l\u00edder entre el Sector Empresarial y Tur\u00edstico del Caribe Mexicano.\" \/>\n<meta name=\"twitter:image\" content=\"https:\/\/l21.mx\/wp-content\/uploads\/2023\/11\/Dia-de-Heroes-Venturapark-4-scaled.jpg\" \/>\n<meta name=\"twitter:creator\" content=\"@Latitud21mx\" \/>\n<meta name=\"twitter:site\" content=\"@Latitud21mx\" \/>\n<meta name=\"twitter:label1\" content=\"Escrito por\" \/>\n\t<meta name=\"twitter:data1\" content=\"NellyG\" \/>\n\t<meta name=\"twitter:label2\" content=\"Tiempo de lectura\" \/>\n\t<meta name=\"twitter:data2\" content=\"3 minutos\" \/>\n<script type=\"application\/ld+json\" class=\"yoast-schema-graph\">{\"@context\":\"https:\\\/\\\/schema.org\",\"@graph\":[{\"@type\":\"Article\",\"@id\":\"https:\\\/\\\/l21.mx\\\/?p=65220#article\",\"isPartOf\":{\"@id\":\"https:\\\/\\\/l21.mx\\\/?p=65220\"},\"author\":{\"name\":\"NellyG\",\"@id\":\"https:\\\/\\\/l21.mx\\\/#\\\/schema\\\/person\\\/cca68595b80b2f6c4c55a8b254bfbb2a\"},\"headline\":\"Ventura Park anuncia el primer D\u00eda de H\u00e9roes\",\"datePublished\":\"2023-11-21T20:43:12+00:00\",\"mainEntityOfPage\":{\"@id\":\"https:\\\/\\\/l21.mx\\\/?p=65220\"},\"wordCount\":350,\"publisher\":{\"@id\":\"https:\\\/\\\/l21.mx\\\/#organization\"},\"image\":{\"@id\":\"https:\\\/\\\/l21.mx\\\/?p=65220#primaryimage\"},\"thumbnailUrl\":\"https:\\\/\\\/l21.mx\\\/wp-content\\\/uploads\\\/2023\\\/11\\\/Dia-de-Heroes-Venturapark-4-scaled.jpg\",\"articleSection\":[\"Noticias\",\"Quintana Roo\"],\"inLanguage\":\"es\"},{\"@type\":\"WebPage\",\"@id\":\"https:\\\/\\\/l21.mx\\\/?p=65220\",\"url\":\"https:\\\/\\\/l21.mx\\\/?p=65220\",\"name\":\"Ventura Park anuncia el primer D\u00eda de H\u00e9roes | Revista Latitud 21\",\"isPartOf\":{\"@id\":\"https:\\\/\\\/l21.mx\\\/#website\"},\"primaryImageOfPage\":{\"@id\":\"https:\\\/\\\/l21.mx\\\/?p=65220#primaryimage\"},\"image\":{\"@id\":\"https:\\\/\\\/l21.mx\\\/?p=65220#primaryimage\"},\"thumbnailUrl\":\"https:\\\/\\\/l21.mx\\\/wp-content\\\/uploads\\\/2023\\\/11\\\/Dia-de-Heroes-Venturapark-4-scaled.jpg\",\"datePublished\":\"2023-11-21T20:43:12+00:00\",\"description\":\"L21, Emprendedores y Negocios en el Caribe Mexicano, es la revista l\u00edder entre el Sector Empresarial y Tur\u00edstico del Caribe Mexicano.\",\"breadcrumb\":{\"@id\":\"https:\\\/\\\/l21.mx\\\/?p=65220#breadcrumb\"},\"inLanguage\":\"es\",\"potentialAction\":[{\"@type\":\"ReadAction\",\"target\":[\"https:\\\/\\\/l21.mx\\\/?p=65220\"]}]},{\"@type\":\"ImageObject\",\"inLanguage\":\"es\",\"@id\":\"https:\\\/\\\/l21.mx\\\/?p=65220#primaryimage\",\"url\":\"https:\\\/\\\/l21.mx\\\/wp-content\\\/uploads\\\/2023\\\/11\\\/Dia-de-Heroes-Venturapark-4-scaled.jpg\",\"contentUrl\":\"https:\\\/\\\/l21.mx\\\/wp-content\\\/uploads\\\/2023\\\/11\\\/Dia-de-Heroes-Venturapark-4-scaled.jpg\",\"width\":2560,\"height\":1707},{\"@type\":\"BreadcrumbList\",\"@id\":\"https:\\\/\\\/l21.mx\\\/?p=65220#breadcrumb\",\"itemListElement\":[{\"@type\":\"ListItem\",\"position\":1,\"name\":\"Portada\",\"item\":\"https:\\\/\\\/l21.mx\\\/\"},{\"@type\":\"ListItem\",\"position\":2,\"name\":\"Ventura Park anuncia el primer D\u00eda de H\u00e9roes\"}]},{\"@type\":\"WebSite\",\"@id\":\"https:\\\/\\\/l21.mx\\\/#website\",\"url\":\"https:\\\/\\\/l21.mx\\\/\",\"name\":\"Revista Latitud 21\",\"description\":\"Emprendedores  y negocios en el Caribe Mexicano\",\"publisher\":{\"@id\":\"https:\\\/\\\/l21.mx\\\/#organization\"},\"potentialAction\":[{\"@type\":\"SearchAction\",\"target\":{\"@type\":\"EntryPoint\",\"urlTemplate\":\"https:\\\/\\\/l21.mx\\\/?s={search_term_string}\"},\"query-input\":{\"@type\":\"PropertyValueSpecification\",\"valueRequired\":true,\"valueName\":\"search_term_string\"}}],\"inLanguage\":\"es\"},{\"@type\":\"Organization\",\"@id\":\"https:\\\/\\\/l21.mx\\\/#organization\",\"name\":\"Grupo Editorial Latitud 21 SA de CV\",\"url\":\"https:\\\/\\\/l21.mx\\\/\",\"logo\":{\"@type\":\"ImageObject\",\"inLanguage\":\"es\",\"@id\":\"https:\\\/\\\/l21.mx\\\/#\\\/schema\\\/logo\\\/image\\\/\",\"url\":\"https:\\\/\\\/l21.mx\\\/wp-content\\\/uploads\\\/2020\\\/10\\\/logo-l21-baja.jpg\",\"contentUrl\":\"https:\\\/\\\/l21.mx\\\/wp-content\\\/uploads\\\/2020\\\/10\\\/logo-l21-baja.jpg\",\"width\":250,\"height\":250,\"caption\":\"Grupo Editorial Latitud 21 SA de CV\"},\"image\":{\"@id\":\"https:\\\/\\\/l21.mx\\\/#\\\/schema\\\/logo\\\/image\\\/\"},\"sameAs\":[\"https:\\\/\\\/www.facebook.com\\\/RevistaLatitud21\\\/\",\"https:\\\/\\\/x.com\\\/Latitud21mx\"]},{\"@type\":\"Person\",\"@id\":\"https:\\\/\\\/l21.mx\\\/#\\\/schema\\\/person\\\/cca68595b80b2f6c4c55a8b254bfbb2a\",\"name\":\"NellyG\",\"url\":\"https:\\\/\\\/l21.mx\\\/?author=100\"}]}<\/script>\n<!-- \/ Yoast SEO plugin. -->","yoast_head_json":{"title":"Ventura Park anuncia el primer D\u00eda de H\u00e9roes | Revista Latitud 21","description":"L21, Emprendedores y Negocios en el Caribe Mexicano, es la revista l\u00edder entre el Sector Empresarial y Tur\u00edstico del Caribe Mexicano.","robots":{"index":"index","follow":"follow","max-snippet":"max-snippet:-1","max-image-preview":"max-image-preview:large","max-video-preview":"max-video-preview:-1"},"canonical":"https:\/\/l21.mx\/?p=65220","twitter_card":"summary_large_image","twitter_title":"Ventura Park anuncia el primer D\u00eda de H\u00e9roes | Revista Latitud 21","twitter_description":"L21, Emprendedores y Negocios en el Caribe Mexicano, es la revista l\u00edder entre el Sector Empresarial y Tur\u00edstico del Caribe Mexicano.","twitter_image":"https:\/\/l21.mx\/wp-content\/uploads\/2023\/11\/Dia-de-Heroes-Venturapark-4-scaled.jpg","twitter_creator":"@Latitud21mx","twitter_site":"@Latitud21mx","twitter_misc":{"Escrito por":"NellyG","Tiempo de lectura":"3 minutos"},"schema":{"@context":"https:\/\/schema.org","@graph":[{"@type":"Article","@id":"https:\/\/l21.mx\/?p=65220#article","isPartOf":{"@id":"https:\/\/l21.mx\/?p=65220"},"author":{"name":"NellyG","@id":"https:\/\/l21.mx\/#\/schema\/person\/cca68595b80b2f6c4c55a8b254bfbb2a"},"headline":"Ventura Park anuncia el primer D\u00eda de H\u00e9roes","datePublished":"2023-11-21T20:43:12+00:00","mainEntityOfPage":{"@id":"https:\/\/l21.mx\/?p=65220"},"wordCount":350,"publisher":{"@id":"https:\/\/l21.mx\/#organization"},"image":{"@id":"https:\/\/l21.mx\/?p=65220#primaryimage"},"thumbnailUrl":"https:\/\/l21.mx\/wp-content\/uploads\/2023\/11\/Dia-de-Heroes-Venturapark-4-scaled.jpg","articleSection":["Noticias","Quintana Roo"],"inLanguage":"es"},{"@type":"WebPage","@id":"https:\/\/l21.mx\/?p=65220","url":"https:\/\/l21.mx\/?p=65220","name":"Ventura Park anuncia el primer D\u00eda de H\u00e9roes | Revista Latitud 21","isPartOf":{"@id":"https:\/\/l21.mx\/#website"},"primaryImageOfPage":{"@id":"https:\/\/l21.mx\/?p=65220#primaryimage"},"image":{"@id":"https:\/\/l21.mx\/?p=65220#primaryimage"},"thumbnailUrl":"https:\/\/l21.mx\/wp-content\/uploads\/2023\/11\/Dia-de-Heroes-Venturapark-4-scaled.jpg","datePublished":"2023-11-21T20:43:12+00:00","description":"L21, Emprendedores y Negocios en el Caribe Mexicano, es la revista l\u00edder entre el Sector Empresarial y Tur\u00edstico del Caribe Mexicano.","breadcrumb":{"@id":"https:\/\/l21.mx\/?p=65220#breadcrumb"},"inLanguage":"es","potentialAction":[{"@type":"ReadAction","target":["https:\/\/l21.mx\/?p=65220"]}]},{"@type":"ImageObject","inLanguage":"es","@id":"https:\/\/l21.mx\/?p=65220#primaryimage","url":"https:\/\/l21.mx\/wp-content\/uploads\/2023\/11\/Dia-de-Heroes-Venturapark-4-scaled.jpg","contentUrl":"https:\/\/l21.mx\/wp-content\/uploads\/2023\/11\/Dia-de-Heroes-Venturapark-4-scaled.jpg","width":2560,"height":1707},{"@type":"BreadcrumbList","@id":"https:\/\/l21.mx\/?p=65220#breadcrumb","itemListElement":[{"@type":"ListItem","position":1,"name":"Portada","item":"https:\/\/l21.mx\/"},{"@type":"ListItem","position":2,"name":"Ventura Park anuncia el primer D\u00eda de H\u00e9roes"}]},{"@type":"WebSite","@id":"https:\/\/l21.mx\/#website","url":"https:\/\/l21.mx\/","name":"Revista Latitud 21","description":"Emprendedores  y negocios en el Caribe Mexicano","publisher":{"@id":"https:\/\/l21.mx\/#organization"},"potentialAction":[{"@type":"SearchAction","target":{"@type":"EntryPoint","urlTemplate":"https:\/\/l21.mx\/?s={search_term_string}"},"query-input":{"@type":"PropertyValueSpecification","valueRequired":true,"valueName":"search_term_string"}}],"inLanguage":"es"},{"@type":"Organization","@id":"https:\/\/l21.mx\/#organization","name":"Grupo Editorial Latitud 21 SA de CV","url":"https:\/\/l21.mx\/","logo":{"@type":"ImageObject","inLanguage":"es","@id":"https:\/\/l21.mx\/#\/schema\/logo\/image\/","url":"https:\/\/l21.mx\/wp-content\/uploads\/2020\/10\/logo-l21-baja.jpg","contentUrl":"https:\/\/l21.mx\/wp-content\/uploads\/2020\/10\/logo-l21-baja.jpg","width":250,"height":250,"caption":"Grupo Editorial Latitud 21 SA de CV"},"image":{"@id":"https:\/\/l21.mx\/#\/schema\/logo\/image\/"},"sameAs":["https:\/\/www.facebook.com\/RevistaLatitud21\/","https:\/\/x.com\/Latitud21mx"]},{"@type":"Person","@id":"https:\/\/l21.mx\/#\/schema\/person\/cca68595b80b2f6c4c55a8b254bfbb2a","name":"NellyG","url":"https:\/\/l21.mx\/?author=100"}]}},"amp_enabled":true,"_links":{"self":[{"href":"https:\/\/l21.mx\/index.php?rest_route=\/wp\/v2\/posts\/65220","targetHints":{"allow":["GET"]}}],"collection":[{"href":"https:\/\/l21.mx\/index.php?rest_route=\/wp\/v2\/posts"}],"about":[{"href":"https:\/\/l21.mx\/index.php?rest_route=\/wp\/v2\/types\/post"}],"author":[{"embeddable":true,"href":"https:\/\/l21.mx\/index.php?rest_route=\/wp\/v2\/users\/100"}],"replies":[{"embeddable":true,"href":"https:\/\/l21.mx\/index.php?rest_route=%2Fwp%2Fv2%2Fcomments&post=65220"}],"version-history":[{"count":1,"href":"https:\/\/l21.mx\/index.php?rest_route=\/wp\/v2\/posts\/65220\/revisions"}],"predecessor-version":[{"id":65226,"href":"https:\/\/l21.mx\/index.php?rest_route=\/wp\/v2\/posts\/65220\/revisions\/65226"}],"wp:featuredmedia":[{"embeddable":true,"href":"https:\/\/l21.mx\/index.php?rest_route=\/wp\/v2\/media\/65221"}],"wp:attachment":[{"href":"https:\/\/l21.mx\/index.php?rest_route=%2Fwp%2Fv2%2Fmedia&parent=65220"}],"wp:term":[{"taxonomy":"category","embeddable":true,"href":"https:\/\/l21.mx\/index.php?rest_route=%2Fwp%2Fv2%2Fcategories&post=65220"},{"taxonomy":"post_tag","embeddable":true,"href":"https:\/\/l21.mx\/index.php?rest_route=%2Fwp%2Fv2%2Ftags&post=65220"}],"curies":[{"name":"wp","href":"https:\/\/api.w.org\/{rel}","templated":true}]}}