{"id":65229,"date":"2023-11-21T16:52:15","date_gmt":"2023-11-21T21:52:15","guid":{"rendered":"https:\/\/l21.mx\/?p=65229"},"modified":"2023-11-21T16:52:15","modified_gmt":"2023-11-21T21:52:15","slug":"celebra-mara-lezama-con-habitantes-de-cozumel-el-174-aniversario-de-creacion-del-pueblo-de-san-miguel","status":"publish","type":"post","link":"https:\/\/l21.mx\/?p=65229","title":{"rendered":"Celebra Mara Lezama con habitantes de Cozumel el 174 aniversario de creaci\u00f3n del pueblo de San Miguel"},"content":{"rendered":"<p>&nbsp;<\/p>\n<p>-Acompa\u00f1a a los verdaderos protagonistas de la historia cozumele\u00f1a y reconoce a quienes han dado identidad a la Isla de las Golondrinas<\/p>\n<p><a href=\"https:\/\/l21.mx\/wp-content\/uploads\/2023\/11\/WhatsApp-Image-2023-11-21-at-2.28.20-PM-1.jpeg\" data-rel=\"penci-gallery-image-content\" ><img fetchpriority=\"high\" decoding=\"async\" class=\"alignnone size-medium wp-image-65234\" src=\"https:\/\/l21.mx\/wp-content\/uploads\/2023\/11\/WhatsApp-Image-2023-11-21-at-2.28.20-PM-1-300x200.jpeg\" alt=\"\" width=\"300\" height=\"200\" srcset=\"https:\/\/l21.mx\/wp-content\/uploads\/2023\/11\/WhatsApp-Image-2023-11-21-at-2.28.20-PM-1-300x200.jpeg 300w, https:\/\/l21.mx\/wp-content\/uploads\/2023\/11\/WhatsApp-Image-2023-11-21-at-2.28.20-PM-1-1024x682.jpeg 1024w, https:\/\/l21.mx\/wp-content\/uploads\/2023\/11\/WhatsApp-Image-2023-11-21-at-2.28.20-PM-1-768x512.jpeg 768w, https:\/\/l21.mx\/wp-content\/uploads\/2023\/11\/WhatsApp-Image-2023-11-21-at-2.28.20-PM-1-1536x1023.jpeg 1536w, https:\/\/l21.mx\/wp-content\/uploads\/2023\/11\/WhatsApp-Image-2023-11-21-at-2.28.20-PM-1-1200x800.jpeg 1200w, https:\/\/l21.mx\/wp-content\/uploads\/2023\/11\/WhatsApp-Image-2023-11-21-at-2.28.20-PM-1-1170x780.jpeg 1170w, https:\/\/l21.mx\/wp-content\/uploads\/2023\/11\/WhatsApp-Image-2023-11-21-at-2.28.20-PM-1-585x390.jpeg 585w, https:\/\/l21.mx\/wp-content\/uploads\/2023\/11\/WhatsApp-Image-2023-11-21-at-2.28.20-PM-1-263x175.jpeg 263w, https:\/\/l21.mx\/wp-content\/uploads\/2023\/11\/WhatsApp-Image-2023-11-21-at-2.28.20-PM-1.jpeg 1600w\" sizes=\"(max-width: 300px) 100vw, 300px\" \/><\/a><\/p>\n<p>Cozumel.- La gobernadora Mara Lezama Espinosa acompa\u00f1\u00f3 a los y las habitantes de Cozumel, verdaderos protagonistas de la historia, en la conmemoraci\u00f3n de los 174 a\u00f1os del Decreto por el cual se erigi\u00f3 el pueblo de San Miguel, que desde sus or\u00edgenes ha desarrollado s\u00edmbolos de identidad y dignidad, caracter\u00edsticos de nuestra herencia cultural.<\/p>\n<p>Junto con la presidenta municipal Juanita Alonso Marrufo, del cronista vitalicio Veudi Vivas Valdez, as\u00ed como de fundadores y ciudadanos que recibieron reconocimientos por su aportaci\u00f3n y trabajo, la gobernadora Mara Lezama particip\u00f3 en la Sesi\u00f3n Solemne que se celebr\u00f3 en la explanada exterior a un costado del Palacio Municipal declarado Recinto Oficial.<\/p>\n<p>Mara Lezama expres\u00f3 su cari\u00f1o y afecto a los y las cozumele\u00f1as, gente buena, trabajadora, as\u00ed como a los diversos sectores sociales, la iniciativa privada, que con su participaci\u00f3n activa y compromiso han hecho posible que hoy Cozumel haya vencido desaf\u00edos y retos de la modernidad y se afiance como l\u00edder del turismo mundial de cruceros y buceo.<\/p>\n<p><a href=\"https:\/\/l21.mx\/wp-content\/uploads\/2023\/11\/WhatsApp-Image-2023-11-21-at-2.28.18-PM.jpeg\" data-rel=\"penci-gallery-image-content\" ><img decoding=\"async\" class=\"alignnone size-medium wp-image-65232\" src=\"https:\/\/l21.mx\/wp-content\/uploads\/2023\/11\/WhatsApp-Image-2023-11-21-at-2.28.18-PM-300x200.jpeg\" alt=\"\" width=\"300\" height=\"200\" srcset=\"https:\/\/l21.mx\/wp-content\/uploads\/2023\/11\/WhatsApp-Image-2023-11-21-at-2.28.18-PM-300x200.jpeg 300w, https:\/\/l21.mx\/wp-content\/uploads\/2023\/11\/WhatsApp-Image-2023-11-21-at-2.28.18-PM-1024x682.jpeg 1024w, https:\/\/l21.mx\/wp-content\/uploads\/2023\/11\/WhatsApp-Image-2023-11-21-at-2.28.18-PM-768x512.jpeg 768w, https:\/\/l21.mx\/wp-content\/uploads\/2023\/11\/WhatsApp-Image-2023-11-21-at-2.28.18-PM-1536x1023.jpeg 1536w, https:\/\/l21.mx\/wp-content\/uploads\/2023\/11\/WhatsApp-Image-2023-11-21-at-2.28.18-PM-1200x800.jpeg 1200w, https:\/\/l21.mx\/wp-content\/uploads\/2023\/11\/WhatsApp-Image-2023-11-21-at-2.28.18-PM-1170x780.jpeg 1170w, https:\/\/l21.mx\/wp-content\/uploads\/2023\/11\/WhatsApp-Image-2023-11-21-at-2.28.18-PM-585x390.jpeg 585w, https:\/\/l21.mx\/wp-content\/uploads\/2023\/11\/WhatsApp-Image-2023-11-21-at-2.28.18-PM-263x175.jpeg 263w, https:\/\/l21.mx\/wp-content\/uploads\/2023\/11\/WhatsApp-Image-2023-11-21-at-2.28.18-PM.jpeg 1600w\" sizes=\"(max-width: 300px) 100vw, 300px\" \/><\/a><\/p>\n<p>\u201cPorque Cozumel no solo es historia y cultura que podemos sentir, sino tambi\u00e9n una tierra din\u00e1mica y pujante, abierta al futuro, cada vez m\u00e1s integrada al liderazgo tur\u00edstico de M\u00e9xico y atractiva como centro de emprendimientos en la regi\u00f3n del caribe mexicano\u201d, afirm\u00f3 la Gobernadora de Quintana Roo.<\/p>\n<p>Puntualiz\u00f3 que en este gobierno humanista y progresista se trabaja, con base en el Nuevo Acuerdo por el Bienestar y Desarrollo de Quintana Roo, para que este \u00e9xito, esta prosperidad sea compartida y los beneficios se reflejen en los bolsillos y las mesas de las familias cozumele\u00f1as, principalmente los trabajadores y los que menos tienen.<\/p>\n<p>Tras escuchar al cronista vitalicio Vivas Valdez, la gobernadora Mara Lezama entreg\u00f3 reconocimientos a ciudadanos que con su trabajo y trayectoria han dado identidad a Cozumel: Pedro Mari Angulo, autor de la emblem\u00e1tica canci\u00f3n \u201cCumbia Cozumel\u201d, por su invaluable aportaci\u00f3n a la historia, cultura e identidad; Genny Aguilar Alcocer, fundadora de \u201cLadies Show\u201d, por su invaluable aportaci\u00f3n a la historia, cultura e identidad.<\/p>\n<p><a href=\"https:\/\/l21.mx\/wp-content\/uploads\/2023\/11\/WhatsApp-Image-2023-11-21-at-2.28.20-PM.jpeg\" data-rel=\"penci-gallery-image-content\" ><img decoding=\"async\" class=\"alignnone size-medium wp-image-65230\" src=\"https:\/\/l21.mx\/wp-content\/uploads\/2023\/11\/WhatsApp-Image-2023-11-21-at-2.28.20-PM-300x200.jpeg\" alt=\"\" width=\"300\" height=\"200\" srcset=\"https:\/\/l21.mx\/wp-content\/uploads\/2023\/11\/WhatsApp-Image-2023-11-21-at-2.28.20-PM-300x200.jpeg 300w, https:\/\/l21.mx\/wp-content\/uploads\/2023\/11\/WhatsApp-Image-2023-11-21-at-2.28.20-PM-1024x682.jpeg 1024w, https:\/\/l21.mx\/wp-content\/uploads\/2023\/11\/WhatsApp-Image-2023-11-21-at-2.28.20-PM-768x512.jpeg 768w, https:\/\/l21.mx\/wp-content\/uploads\/2023\/11\/WhatsApp-Image-2023-11-21-at-2.28.20-PM-1536x1023.jpeg 1536w, https:\/\/l21.mx\/wp-content\/uploads\/2023\/11\/WhatsApp-Image-2023-11-21-at-2.28.20-PM-1200x800.jpeg 1200w, https:\/\/l21.mx\/wp-content\/uploads\/2023\/11\/WhatsApp-Image-2023-11-21-at-2.28.20-PM-1170x780.jpeg 1170w, https:\/\/l21.mx\/wp-content\/uploads\/2023\/11\/WhatsApp-Image-2023-11-21-at-2.28.20-PM-585x390.jpeg 585w, https:\/\/l21.mx\/wp-content\/uploads\/2023\/11\/WhatsApp-Image-2023-11-21-at-2.28.20-PM-263x175.jpeg 263w, https:\/\/l21.mx\/wp-content\/uploads\/2023\/11\/WhatsApp-Image-2023-11-21-at-2.28.20-PM.jpeg 1600w\" sizes=\"(max-width: 300px) 100vw, 300px\" \/><\/a><\/p>\n<p>Adem\u00e1s, a Jos\u00e9 de Jes\u00fas Benavides Andrade, por su invaluable contribuci\u00f3n en la preservaci\u00f3n del medio ambiente; Yahve Josu\u00e9 Estrada Reyes, artesano tallador, por su labor, talento y capacidad transformadora de piezas de arte que representa la belleza de Cozumel.<\/p>\n<p>La presidenta Juanita Alonso Marrufo agradeci\u00f3 la presencia de la primera mujer gobernadora del estado y destac\u00f3 que hoy es un d\u00eda muy especial para Cozumel, para su historia, su gente y para quien la ama como propia.<\/p>\n<p>Indic\u00f3 que la historia de Cozumel honra el pasado que dio identidad y que abraza el presente, pero que fortalece la nueva etapa de transformaci\u00f3n, con nuevo enfoque de gobierno, humanista y progresista. \u201cEn Cozumel estamos listos para contribuir en la consolidaci\u00f3n de este proceso transformador que vivimos y que unidos seguiremos construyendo\u201d, afirm\u00f3.<\/p>\n<p>Estuvieron en esta ceremonia el vicealmirante CG DEM Jes\u00fas Pineda Flores, comandante de la 15\u00aa Zona Naval; el general Brigadier DEM \u00d3scar Olivares Miranda, comandante de la Guarnici\u00f3n Militar de Cozumel; piloto aviador DEM A\u00e9reo Roberto Gonz\u00e1lez Piedras, comandante de la Base A\u00e9rea Militar No. 4; segundo subinspector Crecencio Genchib Nuvio, comandante de la 558 compa\u00f1\u00eda de la Guardia Nacional en Cozumel.<\/p>\n","protected":false},"excerpt":{"rendered":"<p>&nbsp; -Acompa\u00f1a a los verdaderos protagonistas de la historia cozumele\u00f1a y reconoce a quienes han dado&hellip;<\/p>\n","protected":false},"author":100,"featured_media":65233,"comment_status":"closed","ping_status":"closed","sticky":false,"template":"","format":"standard","meta":{"_acf_changed":false,"_lmt_disableupdate":"","_lmt_disable":"","_mbp_gutenberg_autopost":false,"footnotes":""},"categories":[23,1656],"tags":[],"class_list":["post-65229","post","type-post","status-publish","format-standard","has-post-thumbnail","hentry","category-noticias","category-quintana-roo"],"acf":[],"yoast_head":"<!-- This site is optimized with the Yoast SEO plugin v27.3 - https:\/\/yoast.com\/product\/yoast-seo-wordpress\/ -->\n<title>Celebra Mara Lezama con habitantes de Cozumel el 174 aniversario de creaci\u00f3n del pueblo de San Miguel | Revista Latitud 21<\/title>\n<meta name=\"description\" content=\"L21, Emprendedores y Negocios en el Caribe Mexicano, es la revista l\u00edder entre el Sector Empresarial y Tur\u00edstico del Caribe Mexicano.\" \/>\n<meta name=\"robots\" content=\"index, follow, max-snippet:-1, max-image-preview:large, max-video-preview:-1\" \/>\n<link rel=\"canonical\" href=\"https:\/\/l21.mx\/?p=65229\" \/>\n<meta name=\"twitter:card\" content=\"summary_large_image\" \/>\n<meta name=\"twitter:title\" content=\"Celebra Mara Lezama con habitantes de Cozumel el 174 aniversario de creaci\u00f3n del pueblo de San Miguel | Revista Latitud 21\" \/>\n<meta name=\"twitter:description\" content=\"L21, Emprendedores y Negocios en el Caribe Mexicano, es la revista l\u00edder entre el Sector Empresarial y Tur\u00edstico del Caribe Mexicano.\" \/>\n<meta name=\"twitter:image\" content=\"https:\/\/l21.mx\/wp-content\/uploads\/2023\/11\/WhatsApp-Image-2023-11-21-at-2.28.20-PM-2.jpeg\" \/>\n<meta name=\"twitter:creator\" content=\"@Latitud21mx\" \/>\n<meta name=\"twitter:site\" content=\"@Latitud21mx\" \/>\n<meta name=\"twitter:label1\" content=\"Escrito por\" \/>\n\t<meta name=\"twitter:data1\" content=\"NellyG\" \/>\n\t<meta name=\"twitter:label2\" content=\"Tiempo de lectura\" \/>\n\t<meta name=\"twitter:data2\" content=\"4 minutos\" \/>\n<script type=\"application\/ld+json\" class=\"yoast-schema-graph\">{\"@context\":\"https:\\\/\\\/schema.org\",\"@graph\":[{\"@type\":\"Article\",\"@id\":\"https:\\\/\\\/l21.mx\\\/?p=65229#article\",\"isPartOf\":{\"@id\":\"https:\\\/\\\/l21.mx\\\/?p=65229\"},\"author\":{\"name\":\"NellyG\",\"@id\":\"https:\\\/\\\/l21.mx\\\/#\\\/schema\\\/person\\\/cca68595b80b2f6c4c55a8b254bfbb2a\"},\"headline\":\"Celebra Mara Lezama con habitantes de Cozumel el 174 aniversario de creaci\u00f3n del pueblo de San Miguel\",\"datePublished\":\"2023-11-21T21:52:15+00:00\",\"mainEntityOfPage\":{\"@id\":\"https:\\\/\\\/l21.mx\\\/?p=65229\"},\"wordCount\":600,\"publisher\":{\"@id\":\"https:\\\/\\\/l21.mx\\\/#organization\"},\"image\":{\"@id\":\"https:\\\/\\\/l21.mx\\\/?p=65229#primaryimage\"},\"thumbnailUrl\":\"https:\\\/\\\/l21.mx\\\/wp-content\\\/uploads\\\/2023\\\/11\\\/WhatsApp-Image-2023-11-21-at-2.28.20-PM-2.jpeg\",\"articleSection\":[\"Noticias\",\"Quintana Roo\"],\"inLanguage\":\"es\"},{\"@type\":\"WebPage\",\"@id\":\"https:\\\/\\\/l21.mx\\\/?p=65229\",\"url\":\"https:\\\/\\\/l21.mx\\\/?p=65229\",\"name\":\"Celebra Mara Lezama con habitantes de Cozumel el 174 aniversario de creaci\u00f3n del pueblo de San Miguel | Revista Latitud 21\",\"isPartOf\":{\"@id\":\"https:\\\/\\\/l21.mx\\\/#website\"},\"primaryImageOfPage\":{\"@id\":\"https:\\\/\\\/l21.mx\\\/?p=65229#primaryimage\"},\"image\":{\"@id\":\"https:\\\/\\\/l21.mx\\\/?p=65229#primaryimage\"},\"thumbnailUrl\":\"https:\\\/\\\/l21.mx\\\/wp-content\\\/uploads\\\/2023\\\/11\\\/WhatsApp-Image-2023-11-21-at-2.28.20-PM-2.jpeg\",\"datePublished\":\"2023-11-21T21:52:15+00:00\",\"description\":\"L21, Emprendedores y Negocios en el Caribe Mexicano, es la revista l\u00edder entre el Sector Empresarial y Tur\u00edstico del Caribe Mexicano.\",\"breadcrumb\":{\"@id\":\"https:\\\/\\\/l21.mx\\\/?p=65229#breadcrumb\"},\"inLanguage\":\"es\",\"potentialAction\":[{\"@type\":\"ReadAction\",\"target\":[\"https:\\\/\\\/l21.mx\\\/?p=65229\"]}]},{\"@type\":\"ImageObject\",\"inLanguage\":\"es\",\"@id\":\"https:\\\/\\\/l21.mx\\\/?p=65229#primaryimage\",\"url\":\"https:\\\/\\\/l21.mx\\\/wp-content\\\/uploads\\\/2023\\\/11\\\/WhatsApp-Image-2023-11-21-at-2.28.20-PM-2.jpeg\",\"contentUrl\":\"https:\\\/\\\/l21.mx\\\/wp-content\\\/uploads\\\/2023\\\/11\\\/WhatsApp-Image-2023-11-21-at-2.28.20-PM-2.jpeg\",\"width\":1600,\"height\":1066},{\"@type\":\"BreadcrumbList\",\"@id\":\"https:\\\/\\\/l21.mx\\\/?p=65229#breadcrumb\",\"itemListElement\":[{\"@type\":\"ListItem\",\"position\":1,\"name\":\"Portada\",\"item\":\"https:\\\/\\\/l21.mx\\\/\"},{\"@type\":\"ListItem\",\"position\":2,\"name\":\"Celebra Mara Lezama con habitantes de Cozumel el 174 aniversario de creaci\u00f3n del pueblo de San Miguel\"}]},{\"@type\":\"WebSite\",\"@id\":\"https:\\\/\\\/l21.mx\\\/#website\",\"url\":\"https:\\\/\\\/l21.mx\\\/\",\"name\":\"Revista Latitud 21\",\"description\":\"Emprendedores  y negocios en el Caribe Mexicano\",\"publisher\":{\"@id\":\"https:\\\/\\\/l21.mx\\\/#organization\"},\"potentialAction\":[{\"@type\":\"SearchAction\",\"target\":{\"@type\":\"EntryPoint\",\"urlTemplate\":\"https:\\\/\\\/l21.mx\\\/?s={search_term_string}\"},\"query-input\":{\"@type\":\"PropertyValueSpecification\",\"valueRequired\":true,\"valueName\":\"search_term_string\"}}],\"inLanguage\":\"es\"},{\"@type\":\"Organization\",\"@id\":\"https:\\\/\\\/l21.mx\\\/#organization\",\"name\":\"Grupo Editorial Latitud 21 SA de CV\",\"url\":\"https:\\\/\\\/l21.mx\\\/\",\"logo\":{\"@type\":\"ImageObject\",\"inLanguage\":\"es\",\"@id\":\"https:\\\/\\\/l21.mx\\\/#\\\/schema\\\/logo\\\/image\\\/\",\"url\":\"https:\\\/\\\/l21.mx\\\/wp-content\\\/uploads\\\/2020\\\/10\\\/logo-l21-baja.jpg\",\"contentUrl\":\"https:\\\/\\\/l21.mx\\\/wp-content\\\/uploads\\\/2020\\\/10\\\/logo-l21-baja.jpg\",\"width\":250,\"height\":250,\"caption\":\"Grupo Editorial Latitud 21 SA de CV\"},\"image\":{\"@id\":\"https:\\\/\\\/l21.mx\\\/#\\\/schema\\\/logo\\\/image\\\/\"},\"sameAs\":[\"https:\\\/\\\/www.facebook.com\\\/RevistaLatitud21\\\/\",\"https:\\\/\\\/x.com\\\/Latitud21mx\"]},{\"@type\":\"Person\",\"@id\":\"https:\\\/\\\/l21.mx\\\/#\\\/schema\\\/person\\\/cca68595b80b2f6c4c55a8b254bfbb2a\",\"name\":\"NellyG\",\"url\":\"https:\\\/\\\/l21.mx\\\/?author=100\"}]}<\/script>\n<!-- \/ Yoast SEO plugin. -->","yoast_head_json":{"title":"Celebra Mara Lezama con habitantes de Cozumel el 174 aniversario de creaci\u00f3n del pueblo de San Miguel | Revista Latitud 21","description":"L21, Emprendedores y Negocios en el Caribe Mexicano, es la revista l\u00edder entre el Sector Empresarial y Tur\u00edstico del Caribe Mexicano.","robots":{"index":"index","follow":"follow","max-snippet":"max-snippet:-1","max-image-preview":"max-image-preview:large","max-video-preview":"max-video-preview:-1"},"canonical":"https:\/\/l21.mx\/?p=65229","twitter_card":"summary_large_image","twitter_title":"Celebra Mara Lezama con habitantes de Cozumel el 174 aniversario de creaci\u00f3n del pueblo de San Miguel | Revista Latitud 21","twitter_description":"L21, Emprendedores y Negocios en el Caribe Mexicano, es la revista l\u00edder entre el Sector Empresarial y Tur\u00edstico del Caribe Mexicano.","twitter_image":"https:\/\/l21.mx\/wp-content\/uploads\/2023\/11\/WhatsApp-Image-2023-11-21-at-2.28.20-PM-2.jpeg","twitter_creator":"@Latitud21mx","twitter_site":"@Latitud21mx","twitter_misc":{"Escrito por":"NellyG","Tiempo de lectura":"4 minutos"},"schema":{"@context":"https:\/\/schema.org","@graph":[{"@type":"Article","@id":"https:\/\/l21.mx\/?p=65229#article","isPartOf":{"@id":"https:\/\/l21.mx\/?p=65229"},"author":{"name":"NellyG","@id":"https:\/\/l21.mx\/#\/schema\/person\/cca68595b80b2f6c4c55a8b254bfbb2a"},"headline":"Celebra Mara Lezama con habitantes de Cozumel el 174 aniversario de creaci\u00f3n del pueblo de San Miguel","datePublished":"2023-11-21T21:52:15+00:00","mainEntityOfPage":{"@id":"https:\/\/l21.mx\/?p=65229"},"wordCount":600,"publisher":{"@id":"https:\/\/l21.mx\/#organization"},"image":{"@id":"https:\/\/l21.mx\/?p=65229#primaryimage"},"thumbnailUrl":"https:\/\/l21.mx\/wp-content\/uploads\/2023\/11\/WhatsApp-Image-2023-11-21-at-2.28.20-PM-2.jpeg","articleSection":["Noticias","Quintana Roo"],"inLanguage":"es"},{"@type":"WebPage","@id":"https:\/\/l21.mx\/?p=65229","url":"https:\/\/l21.mx\/?p=65229","name":"Celebra Mara Lezama con habitantes de Cozumel el 174 aniversario de creaci\u00f3n del pueblo de San Miguel | Revista Latitud 21","isPartOf":{"@id":"https:\/\/l21.mx\/#website"},"primaryImageOfPage":{"@id":"https:\/\/l21.mx\/?p=65229#primaryimage"},"image":{"@id":"https:\/\/l21.mx\/?p=65229#primaryimage"},"thumbnailUrl":"https:\/\/l21.mx\/wp-content\/uploads\/2023\/11\/WhatsApp-Image-2023-11-21-at-2.28.20-PM-2.jpeg","datePublished":"2023-11-21T21:52:15+00:00","description":"L21, Emprendedores y Negocios en el Caribe Mexicano, es la revista l\u00edder entre el Sector Empresarial y Tur\u00edstico del Caribe Mexicano.","breadcrumb":{"@id":"https:\/\/l21.mx\/?p=65229#breadcrumb"},"inLanguage":"es","potentialAction":[{"@type":"ReadAction","target":["https:\/\/l21.mx\/?p=65229"]}]},{"@type":"ImageObject","inLanguage":"es","@id":"https:\/\/l21.mx\/?p=65229#primaryimage","url":"https:\/\/l21.mx\/wp-content\/uploads\/2023\/11\/WhatsApp-Image-2023-11-21-at-2.28.20-PM-2.jpeg","contentUrl":"https:\/\/l21.mx\/wp-content\/uploads\/2023\/11\/WhatsApp-Image-2023-11-21-at-2.28.20-PM-2.jpeg","width":1600,"height":1066},{"@type":"BreadcrumbList","@id":"https:\/\/l21.mx\/?p=65229#breadcrumb","itemListElement":[{"@type":"ListItem","position":1,"name":"Portada","item":"https:\/\/l21.mx\/"},{"@type":"ListItem","position":2,"name":"Celebra Mara Lezama con habitantes de Cozumel el 174 aniversario de creaci\u00f3n del pueblo de San Miguel"}]},{"@type":"WebSite","@id":"https:\/\/l21.mx\/#website","url":"https:\/\/l21.mx\/","name":"Revista Latitud 21","description":"Emprendedores  y negocios en el Caribe Mexicano","publisher":{"@id":"https:\/\/l21.mx\/#organization"},"potentialAction":[{"@type":"SearchAction","target":{"@type":"EntryPoint","urlTemplate":"https:\/\/l21.mx\/?s={search_term_string}"},"query-input":{"@type":"PropertyValueSpecification","valueRequired":true,"valueName":"search_term_string"}}],"inLanguage":"es"},{"@type":"Organization","@id":"https:\/\/l21.mx\/#organization","name":"Grupo Editorial Latitud 21 SA de CV","url":"https:\/\/l21.mx\/","logo":{"@type":"ImageObject","inLanguage":"es","@id":"https:\/\/l21.mx\/#\/schema\/logo\/image\/","url":"https:\/\/l21.mx\/wp-content\/uploads\/2020\/10\/logo-l21-baja.jpg","contentUrl":"https:\/\/l21.mx\/wp-content\/uploads\/2020\/10\/logo-l21-baja.jpg","width":250,"height":250,"caption":"Grupo Editorial Latitud 21 SA de CV"},"image":{"@id":"https:\/\/l21.mx\/#\/schema\/logo\/image\/"},"sameAs":["https:\/\/www.facebook.com\/RevistaLatitud21\/","https:\/\/x.com\/Latitud21mx"]},{"@type":"Person","@id":"https:\/\/l21.mx\/#\/schema\/person\/cca68595b80b2f6c4c55a8b254bfbb2a","name":"NellyG","url":"https:\/\/l21.mx\/?author=100"}]}},"amp_enabled":true,"_links":{"self":[{"href":"https:\/\/l21.mx\/index.php?rest_route=\/wp\/v2\/posts\/65229","targetHints":{"allow":["GET"]}}],"collection":[{"href":"https:\/\/l21.mx\/index.php?rest_route=\/wp\/v2\/posts"}],"about":[{"href":"https:\/\/l21.mx\/index.php?rest_route=\/wp\/v2\/types\/post"}],"author":[{"embeddable":true,"href":"https:\/\/l21.mx\/index.php?rest_route=\/wp\/v2\/users\/100"}],"replies":[{"embeddable":true,"href":"https:\/\/l21.mx\/index.php?rest_route=%2Fwp%2Fv2%2Fcomments&post=65229"}],"version-history":[{"count":1,"href":"https:\/\/l21.mx\/index.php?rest_route=\/wp\/v2\/posts\/65229\/revisions"}],"predecessor-version":[{"id":65235,"href":"https:\/\/l21.mx\/index.php?rest_route=\/wp\/v2\/posts\/65229\/revisions\/65235"}],"wp:featuredmedia":[{"embeddable":true,"href":"https:\/\/l21.mx\/index.php?rest_route=\/wp\/v2\/media\/65233"}],"wp:attachment":[{"href":"https:\/\/l21.mx\/index.php?rest_route=%2Fwp%2Fv2%2Fmedia&parent=65229"}],"wp:term":[{"taxonomy":"category","embeddable":true,"href":"https:\/\/l21.mx\/index.php?rest_route=%2Fwp%2Fv2%2Fcategories&post=65229"},{"taxonomy":"post_tag","embeddable":true,"href":"https:\/\/l21.mx\/index.php?rest_route=%2Fwp%2Fv2%2Ftags&post=65229"}],"curies":[{"name":"wp","href":"https:\/\/api.w.org\/{rel}","templated":true}]}}