{"id":65285,"date":"2023-11-22T21:13:46","date_gmt":"2023-11-23T02:13:46","guid":{"rendered":"https:\/\/l21.mx\/?p=65285"},"modified":"2023-11-22T21:13:46","modified_gmt":"2023-11-23T02:13:46","slug":"atletas-quintanarroenses-se-reportan-listos-para-competir-en-venezuela","status":"publish","type":"post","link":"https:\/\/l21.mx\/?p=65285","title":{"rendered":"Atletas quintanarroenses se reportan listos para competir en Venezuela"},"content":{"rendered":"<p>&nbsp;<\/p>\n<p>&#8211; Una delegaci\u00f3n de atletismo viaj\u00f3 para participar en los VI Juegos Deportivos Escolares Centroamericanos y del Caribe 2023<\/p>\n<p><a href=\"https:\/\/l21.mx\/wp-content\/uploads\/2023\/11\/WhatsApp-Image-2023-11-22-at-5.36.25-PM-1.jpeg\" data-rel=\"penci-gallery-image-content\" ><img fetchpriority=\"high\" decoding=\"async\" class=\"alignnone size-medium wp-image-65286\" src=\"https:\/\/l21.mx\/wp-content\/uploads\/2023\/11\/WhatsApp-Image-2023-11-22-at-5.36.25-PM-1-240x300.jpeg\" alt=\"\" width=\"240\" height=\"300\" srcset=\"https:\/\/l21.mx\/wp-content\/uploads\/2023\/11\/WhatsApp-Image-2023-11-22-at-5.36.25-PM-1-240x300.jpeg 240w, https:\/\/l21.mx\/wp-content\/uploads\/2023\/11\/WhatsApp-Image-2023-11-22-at-5.36.25-PM-1-819x1024.jpeg 819w, https:\/\/l21.mx\/wp-content\/uploads\/2023\/11\/WhatsApp-Image-2023-11-22-at-5.36.25-PM-1-768x960.jpeg 768w, https:\/\/l21.mx\/wp-content\/uploads\/2023\/11\/WhatsApp-Image-2023-11-22-at-5.36.25-PM-1-720x900.jpeg 720w, https:\/\/l21.mx\/wp-content\/uploads\/2023\/11\/WhatsApp-Image-2023-11-22-at-5.36.25-PM-1-585x731.jpeg 585w, https:\/\/l21.mx\/wp-content\/uploads\/2023\/11\/WhatsApp-Image-2023-11-22-at-5.36.25-PM-1.jpeg 900w\" sizes=\"(max-width: 240px) 100vw, 240px\" \/><\/a><br \/>\nCon el respaldo y apoyo de la Comisi\u00f3n del Deporte de Quintana Roo (CODEQ), que preside Eric Arcila Arjona, una delegaci\u00f3n de atletismo de Quintana Roo viaj\u00f3 con destino a Caracas, Venezuela, donde tomar\u00e1 parte en la VI edici\u00f3n de los Juegos Deportivos Escolares Centroamericanos y del Caribe 2023.<\/p>\n<p>Como una de las acciones que estipula el Nuevo Acuerdo por el Bienestar y Desarrollo, que promueve la gobernadora Mara Lezema, se sigue trabajando para brindar de apoyo a las y los atletas quintanarroenses, para que puedan trascender a nivel nacional como internacional.<\/p>\n<p>El equipo quintanarroense que tambi\u00e9n competir\u00e1 representando a M\u00e9xico, esta integrado por Leslie Esmeralda Sol\u00eds Vitor\u00edn quien participar\u00e1 en la prueba de lanzamiento de jabalina y lanzamiento de disco; tambi\u00e9n viaj\u00f3 Hian Alexey Soberano Sosa que tendr\u00e1 acci\u00f3n en lanzamiento de jabalina y en los 100 metros planos, ambos de Felipe Carrillo Puerto.<\/p>\n<p>A la lista de competidores tambi\u00e9n se suma la carrilloportense Adri\u00e1n Oswaldo Camarena Heredia que estar\u00e1 en las pruebas de pista de los 100 metros planos y los 110 metros con vallas. Y complementa el equipo el atleta chetumale\u00f1o H\u00e9ctor Armando Smith Azarcoya, quien estar\u00e1 en la prueba de salto de longitud.<\/p>\n<p><a href=\"https:\/\/l21.mx\/wp-content\/uploads\/2023\/11\/WhatsApp-Image-2023-11-22-at-5.36.25-PM.jpeg\" data-rel=\"penci-gallery-image-content\" ><img decoding=\"async\" class=\"alignnone size-medium wp-image-65289\" src=\"https:\/\/l21.mx\/wp-content\/uploads\/2023\/11\/WhatsApp-Image-2023-11-22-at-5.36.25-PM-240x300.jpeg\" alt=\"\" width=\"240\" height=\"300\" srcset=\"https:\/\/l21.mx\/wp-content\/uploads\/2023\/11\/WhatsApp-Image-2023-11-22-at-5.36.25-PM-240x300.jpeg 240w, https:\/\/l21.mx\/wp-content\/uploads\/2023\/11\/WhatsApp-Image-2023-11-22-at-5.36.25-PM-585x731.jpeg 585w, https:\/\/l21.mx\/wp-content\/uploads\/2023\/11\/WhatsApp-Image-2023-11-22-at-5.36.25-PM.jpeg 720w\" sizes=\"(max-width: 240px) 100vw, 240px\" \/><\/a><\/p>\n<p>El entrenador Andr\u00e9s Soberano dio a conocer que en fechas pasadas se llev\u00f3 a cabo un Festival Atl\u00e9tico donde cont\u00f3 con j\u00f3venes de secundarias y de nivel medio superior para contar con marcas y tiempos requeridos y fue donde los seleccionados estatales obtuvieron su boleto para representar a M\u00e9xico.<\/p>\n<p>Esto contando con el aval de la Asociaci\u00f3n del Deporte Escolar del Estado de Quintana Roo, presidida por Jos\u00e9 Alejandro Dumani Rodr\u00edguez y que est\u00e1 afiliada a la Federaci\u00f3n Mexicana de Deporte Escolar (FEMEDEES).<\/p>\n<p>El profesor Andr\u00e9s Soberano tambi\u00e9n agradeci\u00f3 el respaldo del gobierno estatal a trav\u00e9s de la CODEQ, que lidera Eric Arcila Arjona, con el apoyo econ\u00f3mico, para que los j\u00f3venes atletas puedan cumplir su sue\u00f1o de representar a M\u00e9xico y continuar su preparaci\u00f3n en sus ascendentes carreras deportivas.<\/p>\n<p><a href=\"https:\/\/l21.mx\/wp-content\/uploads\/2023\/11\/WhatsApp-Image-2023-11-22-at-5.36.24-PM.jpeg\" data-rel=\"penci-gallery-image-content\" ><img decoding=\"async\" class=\"alignnone size-medium wp-image-65288\" src=\"https:\/\/l21.mx\/wp-content\/uploads\/2023\/11\/WhatsApp-Image-2023-11-22-at-5.36.24-PM-240x300.jpeg\" alt=\"\" width=\"240\" height=\"300\" srcset=\"https:\/\/l21.mx\/wp-content\/uploads\/2023\/11\/WhatsApp-Image-2023-11-22-at-5.36.24-PM-240x300.jpeg 240w, https:\/\/l21.mx\/wp-content\/uploads\/2023\/11\/WhatsApp-Image-2023-11-22-at-5.36.24-PM-819x1024.jpeg 819w, https:\/\/l21.mx\/wp-content\/uploads\/2023\/11\/WhatsApp-Image-2023-11-22-at-5.36.24-PM-768x960.jpeg 768w, https:\/\/l21.mx\/wp-content\/uploads\/2023\/11\/WhatsApp-Image-2023-11-22-at-5.36.24-PM-720x900.jpeg 720w, https:\/\/l21.mx\/wp-content\/uploads\/2023\/11\/WhatsApp-Image-2023-11-22-at-5.36.24-PM-585x731.jpeg 585w, https:\/\/l21.mx\/wp-content\/uploads\/2023\/11\/WhatsApp-Image-2023-11-22-at-5.36.24-PM.jpeg 900w\" sizes=\"(max-width: 240px) 100vw, 240px\" \/><\/a><\/p>\n<p>Los atletas quintanarroenses entrar\u00e1n en acci\u00f3n este 26 al 30 de noviembre, pero ya se encuentran en esta sede, tras el abanderamiento celebrado en la Ciudad de M\u00e9xico.<\/p>\n","protected":false},"excerpt":{"rendered":"<p>&nbsp; &#8211; Una delegaci\u00f3n de atletismo viaj\u00f3 para participar en los VI Juegos Deportivos Escolares Centroamericanos&hellip;<\/p>\n","protected":false},"author":100,"featured_media":65287,"comment_status":"closed","ping_status":"closed","sticky":false,"template":"","format":"standard","meta":{"_acf_changed":false,"_lmt_disableupdate":"","_lmt_disable":"","_mbp_gutenberg_autopost":false,"footnotes":""},"categories":[1689],"tags":[],"class_list":["post-65285","post","type-post","status-publish","format-standard","has-post-thumbnail","hentry","category-deporte-y-salud"],"acf":[],"_links":{"self":[{"href":"https:\/\/l21.mx\/index.php?rest_route=\/wp\/v2\/posts\/65285","targetHints":{"allow":["GET"]}}],"collection":[{"href":"https:\/\/l21.mx\/index.php?rest_route=\/wp\/v2\/posts"}],"about":[{"href":"https:\/\/l21.mx\/index.php?rest_route=\/wp\/v2\/types\/post"}],"author":[{"embeddable":true,"href":"https:\/\/l21.mx\/index.php?rest_route=\/wp\/v2\/users\/100"}],"replies":[{"embeddable":true,"href":"https:\/\/l21.mx\/index.php?rest_route=%2Fwp%2Fv2%2Fcomments&post=65285"}],"version-history":[{"count":0,"href":"https:\/\/l21.mx\/index.php?rest_route=\/wp\/v2\/posts\/65285\/revisions"}],"wp:featuredmedia":[{"embeddable":true,"href":"https:\/\/l21.mx\/index.php?rest_route=\/wp\/v2\/media\/65287"}],"wp:attachment":[{"href":"https:\/\/l21.mx\/index.php?rest_route=%2Fwp%2Fv2%2Fmedia&parent=65285"}],"wp:term":[{"taxonomy":"category","embeddable":true,"href":"https:\/\/l21.mx\/index.php?rest_route=%2Fwp%2Fv2%2Fcategories&post=65285"},{"taxonomy":"post_tag","embeddable":true,"href":"https:\/\/l21.mx\/index.php?rest_route=%2Fwp%2Fv2%2Ftags&post=65285"}],"curies":[{"name":"wp","href":"https:\/\/api.w.org\/{rel}","templated":true}]}}