{"id":65312,"date":"2023-11-23T13:51:14","date_gmt":"2023-11-23T18:51:14","guid":{"rendered":"https:\/\/l21.mx\/?p=65312"},"modified":"2023-11-23T13:51:14","modified_gmt":"2023-11-23T18:51:14","slug":"capacitacion-profesional-a-inspectores-para-mejor-servicio-a-la-poblacion","status":"publish","type":"post","link":"https:\/\/l21.mx\/?p=65312","title":{"rendered":"Capacitaci\u00f3n profesional a inspectores, para mejor servicio a la poblaci\u00f3n"},"content":{"rendered":"<p>&nbsp;<\/p>\n<p>\u2022 A trav\u00e9s del Comit\u00e9 de Servicio P\u00fablico de Carrera, con un plan integral para que adquieran competencias necesarias para el mejor desempe\u00f1o de sus funciones<\/p>\n<p><a href=\"https:\/\/l21.mx\/wp-content\/uploads\/2023\/11\/WhatsApp-Image-2023-11-23-at-1.23.54-PM.jpeg\" data-rel=\"penci-gallery-image-content\" ><img fetchpriority=\"high\" decoding=\"async\" class=\"alignnone size-medium wp-image-65315\" src=\"https:\/\/l21.mx\/wp-content\/uploads\/2023\/11\/WhatsApp-Image-2023-11-23-at-1.23.54-PM-300x200.jpeg\" alt=\"\" width=\"300\" height=\"200\" srcset=\"https:\/\/l21.mx\/wp-content\/uploads\/2023\/11\/WhatsApp-Image-2023-11-23-at-1.23.54-PM-300x200.jpeg 300w, https:\/\/l21.mx\/wp-content\/uploads\/2023\/11\/WhatsApp-Image-2023-11-23-at-1.23.54-PM-1024x682.jpeg 1024w, https:\/\/l21.mx\/wp-content\/uploads\/2023\/11\/WhatsApp-Image-2023-11-23-at-1.23.54-PM-768x512.jpeg 768w, https:\/\/l21.mx\/wp-content\/uploads\/2023\/11\/WhatsApp-Image-2023-11-23-at-1.23.54-PM-1200x800.jpeg 1200w, https:\/\/l21.mx\/wp-content\/uploads\/2023\/11\/WhatsApp-Image-2023-11-23-at-1.23.54-PM-1170x780.jpeg 1170w, https:\/\/l21.mx\/wp-content\/uploads\/2023\/11\/WhatsApp-Image-2023-11-23-at-1.23.54-PM-585x390.jpeg 585w, https:\/\/l21.mx\/wp-content\/uploads\/2023\/11\/WhatsApp-Image-2023-11-23-at-1.23.54-PM-263x175.jpeg 263w, https:\/\/l21.mx\/wp-content\/uploads\/2023\/11\/WhatsApp-Image-2023-11-23-at-1.23.54-PM.jpeg 1280w\" sizes=\"(max-width: 300px) 100vw, 300px\" \/><\/a><\/p>\n<p>Playa del Carmen, Solidaridad, 23 de noviembre del 2023.- Con la firme intenci\u00f3n de mejorar el trabajo que inspectores del Ayuntamiento ofrecen a la sociedad, el gobierno encabezado por Lili Campos, a trav\u00e9s de la Oficial\u00eda Mayor, instal\u00f3 el \u201cSubcomit\u00e9 de capacitaci\u00f3n y profesionalizaci\u00f3n del Comit\u00e9 de Servicio P\u00fablico de Carrera\u201d para los inspectores en materia de desarrollo urbano, protecci\u00f3n civil, fiscalizaci\u00f3n, comercio, transporte, saneamiento ambiental y medio ambiente.<\/p>\n<p>El titular de la oficial\u00eda mayor y presidente del comit\u00e9 de servicio p\u00fablico de carrera, Jos\u00e9 Ignacio Moreno, tom\u00f3 la protesta a todos los integrantes del subcomit\u00e9, asegurando que \u00e9ste se encargar\u00e1 de dise\u00f1ar e implementar un plan integral de capacitaciones para que los inspectores adquieran las competencias necesarias para desempe\u00f1ar sus funciones de manera efectiva.<\/p>\n<p>La presidenta del subcomit\u00e9, Cinthia Romero afirm\u00f3 que tiene la tarea de formular y proponer pol\u00edticas y directrices para garantizar la efectividad de la capacitaci\u00f3n y profesionalizaci\u00f3n del servicio profesional de carrera, especialmente enfocadas en los inspectores, para garantizar la calidad, seguridad y eficiencia de los productos y servicios que brindan a la poblaci\u00f3n en general.<\/p>\n<p><a href=\"https:\/\/l21.mx\/wp-content\/uploads\/2023\/11\/WhatsApp-Image-2023-11-23-at-1.23.51-PM.jpeg\" data-rel=\"penci-gallery-image-content\" ><img decoding=\"async\" class=\"alignnone size-medium wp-image-65314\" src=\"https:\/\/l21.mx\/wp-content\/uploads\/2023\/11\/WhatsApp-Image-2023-11-23-at-1.23.51-PM-300x200.jpeg\" alt=\"\" width=\"300\" height=\"200\" srcset=\"https:\/\/l21.mx\/wp-content\/uploads\/2023\/11\/WhatsApp-Image-2023-11-23-at-1.23.51-PM-300x200.jpeg 300w, https:\/\/l21.mx\/wp-content\/uploads\/2023\/11\/WhatsApp-Image-2023-11-23-at-1.23.51-PM-1024x682.jpeg 1024w, https:\/\/l21.mx\/wp-content\/uploads\/2023\/11\/WhatsApp-Image-2023-11-23-at-1.23.51-PM-768x512.jpeg 768w, https:\/\/l21.mx\/wp-content\/uploads\/2023\/11\/WhatsApp-Image-2023-11-23-at-1.23.51-PM-1200x800.jpeg 1200w, https:\/\/l21.mx\/wp-content\/uploads\/2023\/11\/WhatsApp-Image-2023-11-23-at-1.23.51-PM-1170x780.jpeg 1170w, https:\/\/l21.mx\/wp-content\/uploads\/2023\/11\/WhatsApp-Image-2023-11-23-at-1.23.51-PM-585x390.jpeg 585w, https:\/\/l21.mx\/wp-content\/uploads\/2023\/11\/WhatsApp-Image-2023-11-23-at-1.23.51-PM-263x175.jpeg 263w, https:\/\/l21.mx\/wp-content\/uploads\/2023\/11\/WhatsApp-Image-2023-11-23-at-1.23.51-PM.jpeg 1280w\" sizes=\"(max-width: 300px) 100vw, 300px\" \/><\/a><\/p>\n<p>Rodolfo del \u00c1ngel Campos, regidor e integrante del Comit\u00e9 de Servicio P\u00fablico de Carrera, record\u00f3 que cualquier persona pod\u00eda ingresar a esas \u00e1reas sin tener los conocimientos, capacitaci\u00f3n b\u00e1sica, actualizaci\u00f3n o especializaci\u00f3n; sin embargo, ahora con una verdadera profesionalizaci\u00f3n, todos esos inspectores podr\u00e1n ocupar puestos en las diferentes direcciones, resultado de una capacitaci\u00f3n constante y especializada, as\u00ed como de acreditar las evaluaciones y cubriendo los perfiles.<\/p>\n","protected":false},"excerpt":{"rendered":"<p>&nbsp; \u2022 A trav\u00e9s del Comit\u00e9 de Servicio P\u00fablico de Carrera, con un plan integral para&hellip;<\/p>\n","protected":false},"author":100,"featured_media":65313,"comment_status":"closed","ping_status":"closed","sticky":false,"template":"","format":"standard","meta":{"_acf_changed":false,"_lmt_disableupdate":"","_lmt_disable":"","_mbp_gutenberg_autopost":false,"footnotes":""},"categories":[23,1654],"tags":[],"class_list":["post-65312","post","type-post","status-publish","format-standard","has-post-thumbnail","hentry","category-noticias","category-solidaridad"],"acf":[],"_links":{"self":[{"href":"https:\/\/l21.mx\/index.php?rest_route=\/wp\/v2\/posts\/65312","targetHints":{"allow":["GET"]}}],"collection":[{"href":"https:\/\/l21.mx\/index.php?rest_route=\/wp\/v2\/posts"}],"about":[{"href":"https:\/\/l21.mx\/index.php?rest_route=\/wp\/v2\/types\/post"}],"author":[{"embeddable":true,"href":"https:\/\/l21.mx\/index.php?rest_route=\/wp\/v2\/users\/100"}],"replies":[{"embeddable":true,"href":"https:\/\/l21.mx\/index.php?rest_route=%2Fwp%2Fv2%2Fcomments&post=65312"}],"version-history":[{"count":0,"href":"https:\/\/l21.mx\/index.php?rest_route=\/wp\/v2\/posts\/65312\/revisions"}],"wp:featuredmedia":[{"embeddable":true,"href":"https:\/\/l21.mx\/index.php?rest_route=\/wp\/v2\/media\/65313"}],"wp:attachment":[{"href":"https:\/\/l21.mx\/index.php?rest_route=%2Fwp%2Fv2%2Fmedia&parent=65312"}],"wp:term":[{"taxonomy":"category","embeddable":true,"href":"https:\/\/l21.mx\/index.php?rest_route=%2Fwp%2Fv2%2Fcategories&post=65312"},{"taxonomy":"post_tag","embeddable":true,"href":"https:\/\/l21.mx\/index.php?rest_route=%2Fwp%2Fv2%2Ftags&post=65312"}],"curies":[{"name":"wp","href":"https:\/\/api.w.org\/{rel}","templated":true}]}}