{"id":65349,"date":"2023-11-24T20:53:42","date_gmt":"2023-11-25T01:53:42","guid":{"rendered":"https:\/\/l21.mx\/?p=65349"},"modified":"2023-11-24T20:53:42","modified_gmt":"2023-11-25T01:53:42","slug":"solicitaran-que-la-lucha-libre-sea-patrimonio-cultural-intangible-de-quintana-roo","status":"publish","type":"post","link":"https:\/\/l21.mx\/?p=65349","title":{"rendered":"Solicitar\u00e1n que la lucha libre sea patrimonio cultural intangible de Quintana Roo"},"content":{"rendered":"<p>&nbsp;<\/p>\n<p>\u2022 El Cabildo de Solidaridad aprob\u00f3 solicitar al Congreso del Estado que declare esta actividad como tal, pues es parte de la cultura mexicana<\/p>\n<p><a href=\"https:\/\/l21.mx\/wp-content\/uploads\/2023\/11\/WhatsApp-Image-2023-11-24-at-8.04.08-PM.jpeg\" data-rel=\"penci-gallery-image-content\" ><img fetchpriority=\"high\" decoding=\"async\" class=\"alignnone size-medium wp-image-65352\" src=\"https:\/\/l21.mx\/wp-content\/uploads\/2023\/11\/WhatsApp-Image-2023-11-24-at-8.04.08-PM-300x200.jpeg\" alt=\"\" width=\"300\" height=\"200\" srcset=\"https:\/\/l21.mx\/wp-content\/uploads\/2023\/11\/WhatsApp-Image-2023-11-24-at-8.04.08-PM-300x200.jpeg 300w, https:\/\/l21.mx\/wp-content\/uploads\/2023\/11\/WhatsApp-Image-2023-11-24-at-8.04.08-PM-1024x682.jpeg 1024w, https:\/\/l21.mx\/wp-content\/uploads\/2023\/11\/WhatsApp-Image-2023-11-24-at-8.04.08-PM-768x512.jpeg 768w, https:\/\/l21.mx\/wp-content\/uploads\/2023\/11\/WhatsApp-Image-2023-11-24-at-8.04.08-PM-1200x800.jpeg 1200w, https:\/\/l21.mx\/wp-content\/uploads\/2023\/11\/WhatsApp-Image-2023-11-24-at-8.04.08-PM-1170x780.jpeg 1170w, https:\/\/l21.mx\/wp-content\/uploads\/2023\/11\/WhatsApp-Image-2023-11-24-at-8.04.08-PM-585x390.jpeg 585w, https:\/\/l21.mx\/wp-content\/uploads\/2023\/11\/WhatsApp-Image-2023-11-24-at-8.04.08-PM-263x175.jpeg 263w, https:\/\/l21.mx\/wp-content\/uploads\/2023\/11\/WhatsApp-Image-2023-11-24-at-8.04.08-PM.jpeg 1280w\" sizes=\"(max-width: 300px) 100vw, 300px\" \/><\/a><\/p>\n<p>Playa del Carmen, Solidaridad, 24 de noviembre del 2023. &#8211; Durante la Vig\u00e9sima Novena Sesi\u00f3n Extraordinaria del Ayuntamiento se aprob\u00f3 y autoriz\u00f3 enviar a la XVII Legislatura del Estado de Quintana Roo, la Iniciativa con proyecto de Decreto que declara a la Lucha Libre como Patrimonio Cultural Intangible del Estado de Quintana Roo.<\/p>\n<p>&nbsp;<\/p>\n<p>La presidenta Lili Campos manifest\u00f3 que Solidaridad est\u00e1 destacando en el programa de \u201cLucha Libre en tu colonia\u201d, pues es parte de la cultura mexicana y que, adem\u00e1s, la revista especializada de distribuci\u00f3n nacional fundada en 1972 \u201cHalc\u00f3n Lucha Libre\u201d reconocer\u00e1 durante su entrega de premios anuales al Ayuntamiento de Solidaridad por este programa.<\/p>\n<p>El gran fen\u00f3meno de la lucha libre en nuestro pa\u00eds fue tan grande que tambi\u00e9n alcanz\u00f3 a Quintana Roo, pues por la ubicaci\u00f3n geogr\u00e1fica que tiene el estado y la historia, por el cual es conocido nacional e internacionalmente, muchos visitantes y locales encontraron atractivo el deporte y lo adoptaron tanto que, hasta nuestra actualidad se sigue practicando en diversos municipios.<\/p>\n<p><a href=\"https:\/\/l21.mx\/wp-content\/uploads\/2023\/11\/WhatsApp-Image-2023-11-24-at-8.04.07-PM-1.jpeg\" data-rel=\"penci-gallery-image-content\" ><img decoding=\"async\" class=\"alignnone size-medium wp-image-65350\" src=\"https:\/\/l21.mx\/wp-content\/uploads\/2023\/11\/WhatsApp-Image-2023-11-24-at-8.04.07-PM-1-300x200.jpeg\" alt=\"\" width=\"300\" height=\"200\" srcset=\"https:\/\/l21.mx\/wp-content\/uploads\/2023\/11\/WhatsApp-Image-2023-11-24-at-8.04.07-PM-1-300x200.jpeg 300w, https:\/\/l21.mx\/wp-content\/uploads\/2023\/11\/WhatsApp-Image-2023-11-24-at-8.04.07-PM-1-1024x682.jpeg 1024w, https:\/\/l21.mx\/wp-content\/uploads\/2023\/11\/WhatsApp-Image-2023-11-24-at-8.04.07-PM-1-768x512.jpeg 768w, https:\/\/l21.mx\/wp-content\/uploads\/2023\/11\/WhatsApp-Image-2023-11-24-at-8.04.07-PM-1-1200x800.jpeg 1200w, https:\/\/l21.mx\/wp-content\/uploads\/2023\/11\/WhatsApp-Image-2023-11-24-at-8.04.07-PM-1-1170x780.jpeg 1170w, https:\/\/l21.mx\/wp-content\/uploads\/2023\/11\/WhatsApp-Image-2023-11-24-at-8.04.07-PM-1-585x390.jpeg 585w, https:\/\/l21.mx\/wp-content\/uploads\/2023\/11\/WhatsApp-Image-2023-11-24-at-8.04.07-PM-1-263x175.jpeg 263w, https:\/\/l21.mx\/wp-content\/uploads\/2023\/11\/WhatsApp-Image-2023-11-24-at-8.04.07-PM-1.jpeg 1280w\" sizes=\"(max-width: 300px) 100vw, 300px\" \/><\/a><\/p>\n<p>Por ello es de importancia que se declare como Patrimonio Cultural Intangible, pues con tal acci\u00f3n se debe atender lo establecido por la Ley Estatal de Patrimonio Cultural, respecto a promover ante las instancias federales, estatales y municipales correspondientes la incorporaci\u00f3n de mecanismos y procedimientos que le permitan contar con recursos destinados a la ejecuci\u00f3n de proyectos, acciones de protecci\u00f3n y conservaci\u00f3n del Patrimonio Cultural del Estado, entendi\u00e9ndose esta \u00faltima parte como tangibles e intangibles.<\/p>\n","protected":false},"excerpt":{"rendered":"<p>&nbsp; \u2022 El Cabildo de Solidaridad aprob\u00f3 solicitar al Congreso del Estado que declare esta actividad&hellip;<\/p>\n","protected":false},"author":100,"featured_media":65351,"comment_status":"closed","ping_status":"closed","sticky":false,"template":"","format":"standard","meta":{"_acf_changed":false,"_lmt_disableupdate":"","_lmt_disable":"","_mbp_gutenberg_autopost":false,"footnotes":""},"categories":[1654],"tags":[],"class_list":["post-65349","post","type-post","status-publish","format-standard","has-post-thumbnail","hentry","category-solidaridad"],"acf":[],"_links":{"self":[{"href":"https:\/\/l21.mx\/index.php?rest_route=\/wp\/v2\/posts\/65349","targetHints":{"allow":["GET"]}}],"collection":[{"href":"https:\/\/l21.mx\/index.php?rest_route=\/wp\/v2\/posts"}],"about":[{"href":"https:\/\/l21.mx\/index.php?rest_route=\/wp\/v2\/types\/post"}],"author":[{"embeddable":true,"href":"https:\/\/l21.mx\/index.php?rest_route=\/wp\/v2\/users\/100"}],"replies":[{"embeddable":true,"href":"https:\/\/l21.mx\/index.php?rest_route=%2Fwp%2Fv2%2Fcomments&post=65349"}],"version-history":[{"count":0,"href":"https:\/\/l21.mx\/index.php?rest_route=\/wp\/v2\/posts\/65349\/revisions"}],"wp:featuredmedia":[{"embeddable":true,"href":"https:\/\/l21.mx\/index.php?rest_route=\/wp\/v2\/media\/65351"}],"wp:attachment":[{"href":"https:\/\/l21.mx\/index.php?rest_route=%2Fwp%2Fv2%2Fmedia&parent=65349"}],"wp:term":[{"taxonomy":"category","embeddable":true,"href":"https:\/\/l21.mx\/index.php?rest_route=%2Fwp%2Fv2%2Fcategories&post=65349"},{"taxonomy":"post_tag","embeddable":true,"href":"https:\/\/l21.mx\/index.php?rest_route=%2Fwp%2Fv2%2Ftags&post=65349"}],"curies":[{"name":"wp","href":"https:\/\/api.w.org\/{rel}","templated":true}]}}