{"id":65375,"date":"2023-11-25T18:29:50","date_gmt":"2023-11-25T23:29:50","guid":{"rendered":"https:\/\/l21.mx\/?p=65375"},"modified":"2023-11-25T18:29:50","modified_gmt":"2023-11-25T23:29:50","slug":"en-el-dia-internacional-de-la-erradicacion-de-la-violencia-marybel-villegas-llama-a-unirse-para-eliminar-las-agresiones","status":"publish","type":"post","link":"https:\/\/l21.mx\/?p=65375","title":{"rendered":"En el D\u00eda Internacional de la Erradicaci\u00f3n de la Violencia, Marybel Villegas llama a unirse para eliminar las agresiones"},"content":{"rendered":"<p>Canc\u00fan, Quintana Roo, a 25 de noviembre de 2023.- Con un llamado a no permitir ninguna manifestaci\u00f3n de violencia, ning\u00fan mal trato y mucho menos que las ni\u00f1as, ni\u00f1os, adolescentes y adultos crezcan en ambientes que normalicen estas actitudes, porque la violencia de g\u00e9nero afecta a toda la sociedad, la Senadora de Morena por Quintana Roo, Marybel Villegas Canch\u00e9, resalt\u00f3 la importancia de la campa\u00f1a por el D\u00eda Internacional para eliminar la violencia contra la Mujer.<\/p>\n<p><a href=\"https:\/\/l21.mx\/wp-content\/uploads\/2023\/11\/WhatsApp-Image-2023-11-25-at-5.52.16-PM.jpeg\" data-rel=\"penci-gallery-image-content\" ><img fetchpriority=\"high\" decoding=\"async\" class=\"alignnone size-medium wp-image-65377\" src=\"https:\/\/l21.mx\/wp-content\/uploads\/2023\/11\/WhatsApp-Image-2023-11-25-at-5.52.16-PM-300x200.jpeg\" alt=\"\" width=\"300\" height=\"200\" srcset=\"https:\/\/l21.mx\/wp-content\/uploads\/2023\/11\/WhatsApp-Image-2023-11-25-at-5.52.16-PM-300x200.jpeg 300w, https:\/\/l21.mx\/wp-content\/uploads\/2023\/11\/WhatsApp-Image-2023-11-25-at-5.52.16-PM-768x513.jpeg 768w, https:\/\/l21.mx\/wp-content\/uploads\/2023\/11\/WhatsApp-Image-2023-11-25-at-5.52.16-PM-585x391.jpeg 585w, https:\/\/l21.mx\/wp-content\/uploads\/2023\/11\/WhatsApp-Image-2023-11-25-at-5.52.16-PM-263x175.jpeg 263w, https:\/\/l21.mx\/wp-content\/uploads\/2023\/11\/WhatsApp-Image-2023-11-25-at-5.52.16-PM.jpeg 1024w\" sizes=\"(max-width: 300px) 100vw, 300px\" \/><\/a><\/p>\n<p>\u201cRecordamos a todas las mujeres que han sufrido alg\u00fan tipo de violencia, para que nos unamos a seguir trabajando, cada persona desde su \u00e1mbito, para erradicar por completo esta triste y dolorosa realidad que actualmente lastima a nuestra sociedad\u201d, asegur\u00f3 la morenista Marybel Villegas.<\/p>\n<p>Me comprometo a seguir impulsando desde el Senado y con especial atenci\u00f3n en nuestras colonias y regiones, acciones para erradicar la violencia de g\u00e9nero, implementando una serie de mecanismos como atenci\u00f3n jur\u00eddica, psicol\u00f3gica y para garantizar cero tolerancia a cualquier manifestaci\u00f3n que atente contra la integridad de las mujeres.<\/p>\n<p><a href=\"https:\/\/l21.mx\/wp-content\/uploads\/2023\/11\/WhatsApp-Image-2023-11-25-at-5.52.17-PM.jpeg\" data-rel=\"penci-gallery-image-content\" ><img decoding=\"async\" class=\"alignnone size-medium wp-image-65376\" src=\"https:\/\/l21.mx\/wp-content\/uploads\/2023\/11\/WhatsApp-Image-2023-11-25-at-5.52.17-PM-300x200.jpeg\" alt=\"\" width=\"300\" height=\"200\" srcset=\"https:\/\/l21.mx\/wp-content\/uploads\/2023\/11\/WhatsApp-Image-2023-11-25-at-5.52.17-PM-300x200.jpeg 300w, https:\/\/l21.mx\/wp-content\/uploads\/2023\/11\/WhatsApp-Image-2023-11-25-at-5.52.17-PM-768x513.jpeg 768w, https:\/\/l21.mx\/wp-content\/uploads\/2023\/11\/WhatsApp-Image-2023-11-25-at-5.52.17-PM-585x391.jpeg 585w, https:\/\/l21.mx\/wp-content\/uploads\/2023\/11\/WhatsApp-Image-2023-11-25-at-5.52.17-PM-263x175.jpeg 263w, https:\/\/l21.mx\/wp-content\/uploads\/2023\/11\/WhatsApp-Image-2023-11-25-at-5.52.17-PM.jpeg 1024w\" sizes=\"(max-width: 300px) 100vw, 300px\" \/><\/a><\/p>\n<p>Con la \u201cJornada Naranja\u201d, cada d\u00eda 25 de cada mes, mujeres, adolescentes, ni\u00f1as y la ciudadan\u00eda en general participan en diversas acciones para visibilizar y combatir la violencia de g\u00e9nero, mientras que el 25 de noviembre se instituy\u00f3 como el D\u00eda Internacional para la Erradicaci\u00f3n de la Violencia contra la Mujer.<\/p>\n","protected":false},"excerpt":{"rendered":"<p>Canc\u00fan, Quintana Roo, a 25 de noviembre de 2023.- Con un llamado a no permitir ninguna&hellip;<\/p>\n","protected":false},"author":100,"featured_media":65378,"comment_status":"closed","ping_status":"closed","sticky":false,"template":"","format":"standard","meta":{"_acf_changed":false,"_lmt_disableupdate":"","_lmt_disable":"","_mbp_gutenberg_autopost":false,"footnotes":""},"categories":[23,1656],"tags":[],"class_list":["post-65375","post","type-post","status-publish","format-standard","has-post-thumbnail","hentry","category-noticias","category-quintana-roo"],"acf":[],"_links":{"self":[{"href":"https:\/\/l21.mx\/index.php?rest_route=\/wp\/v2\/posts\/65375","targetHints":{"allow":["GET"]}}],"collection":[{"href":"https:\/\/l21.mx\/index.php?rest_route=\/wp\/v2\/posts"}],"about":[{"href":"https:\/\/l21.mx\/index.php?rest_route=\/wp\/v2\/types\/post"}],"author":[{"embeddable":true,"href":"https:\/\/l21.mx\/index.php?rest_route=\/wp\/v2\/users\/100"}],"replies":[{"embeddable":true,"href":"https:\/\/l21.mx\/index.php?rest_route=%2Fwp%2Fv2%2Fcomments&post=65375"}],"version-history":[{"count":0,"href":"https:\/\/l21.mx\/index.php?rest_route=\/wp\/v2\/posts\/65375\/revisions"}],"wp:featuredmedia":[{"embeddable":true,"href":"https:\/\/l21.mx\/index.php?rest_route=\/wp\/v2\/media\/65378"}],"wp:attachment":[{"href":"https:\/\/l21.mx\/index.php?rest_route=%2Fwp%2Fv2%2Fmedia&parent=65375"}],"wp:term":[{"taxonomy":"category","embeddable":true,"href":"https:\/\/l21.mx\/index.php?rest_route=%2Fwp%2Fv2%2Fcategories&post=65375"},{"taxonomy":"post_tag","embeddable":true,"href":"https:\/\/l21.mx\/index.php?rest_route=%2Fwp%2Fv2%2Ftags&post=65375"}],"curies":[{"name":"wp","href":"https:\/\/api.w.org\/{rel}","templated":true}]}}